{"id":96491,"date":"2009-09-10T00:00:00","date_gmt":"2009-09-10T00:00:00","guid":{"rendered":"https:\/\/www.deberes.net\/tesis\/sin-categoria\/cuidar-en-oncologa%c2%ada-significado-para-los-enfermeros-enfermos-y-de-las-familias\/"},"modified":"2009-09-10T00:00:00","modified_gmt":"2009-09-10T00:00:00","slug":"cuidar-en-oncologa%c2%ada-significado-para-los-enfermeros-enfermos-y-de-las-familias","status":"publish","type":"post","link":"https:\/\/www.deberes.net\/tesis\/extremadura\/cuidar-en-oncologa%c2%ada-significado-para-los-enfermeros-enfermos-y-de-las-familias\/","title":{"rendered":"Cuidar en oncolog\u00eda: significado para los enfermeros, enfermos y de las familias"},"content":{"rendered":"<h2>Tesis doctoral de <strong> Carolina Miguel Gra\u00c1\u00a7a Henriques <\/strong><\/h2>\n<p>Do processo de reflex\u00ed\u00a3o que esta investiga\u00ed\u00a7\u00ed\u00a3o nos permite fazer, cuidar \u00e9 aquilo que enfermeiros anseiam fazer, e serem cuidados \u00e9 aquilo que doentes oncol\u00f3gicos e seus familiares precisam, mas este ponto de encontro n\u00ed\u00a3o tem sido f\u00e1cil, nem de todo consensual. O que fazem e como gostariam de fazer, o que t\u00ed\u00aam e o que gostariam de ter, \u00e9 a pedra angular desta investiga\u00ed\u00a7\u00ed\u00a3o, onde n\u00ed\u00a3o s\u00f3 se analisam viv\u00ed\u00aancias e expectativas de enfermeiros de cuidados de sa\u00fade prim\u00e1rios, doentes oncol\u00f3gicos e familiares, como se percepciona o que significa cuidar para este grupo de sujeitos, para que no fim da linha se possa redefinir o essencial do acess\u00f3rio na ci\u00ed\u00aancia do cuidar, que \u00e9 a enfermagem. partindo da quest\u00ed\u00a3o de investiga\u00ed\u00a7\u00ed\u00a3o que significado tem o cuidar para os profissionais de enfermagem de cuidados de sa\u00fade prim\u00e1rios, para os doentes oncol\u00f3gicos com dor prolongada no tempo e para os seus familiares?, Atrav\u00e9s de um estudo de natureza quantitativa, procurou-se descrever a intersubjectividade do significado atribu\u00eddo ao cuidar em enfermagem, para os enfermeiros de cuidados de sa\u00fade prim\u00e1rios, para os doentes oncol\u00f3gicos com dor prolongada no tempo e para os seus familiares.  procedendo-se primeiramente \u00ed\u00a0 valida\u00ed\u00a7\u00ed\u00a3o transcultural da escala do significado do cuidar, cuja sua origem adv\u00e9m do brasil, foi realizada a sua aplica\u00ed\u00a7\u00ed\u00a3o \u00ed\u00a0 totalidade dos enfermeiros de cuidados de sa\u00fade prim\u00e1rios, aos doentes oncol\u00f3gicos e seus familiares, de seis centros de sa\u00fade da sub-regi\u00ed\u00a3o de sa\u00fade de santar\u00e9m. No sentido de aprofundar a an\u00e1lise dos resultados, procedeu-se ainda, \u00ed\u00a0 realiza\u00ed\u00a7\u00ed\u00a3o de tr\u00ed\u00aas entrevistas semi-estruturadas para cada grupo de sujeitos. nesta investiga\u00ed\u00a7\u00ed\u00a3o \u00e9 possivel analisar que se por um lado os enfermeiros vivenciam ansiedade e frustra\u00ed\u00a7\u00ed\u00a3o, por aquilo que desejavam fazer e n\u00ed\u00a3o fazem, por prestarem cuidados e n\u00ed\u00a3o cuidarem, por executarem t\u00e9cnicas e procedimentos, os doentes oncol\u00f3gicos e familiares, na aus\u00ed\u00aancia ou franca insufici\u00ed\u00aancia de cuidados, esperam quase tudo dos enfermeiros, mas o que desconhecem estes doentes e familiares, \u00e9 que este quase tudo \u00e9 a ess\u00ed\u00aancia da enfermagem, onde devem converger o saberes cient\u00edficos, t\u00e9cnicos e relacionais.<\/p>\n<p>&nbsp;<\/p>\n<h3>Datos acad\u00e9micos de la tesis doctoral \u00ab<strong>Cuidar en oncolog\u00eda: significado para los enfermeros, enfermos y de las familias<\/strong>\u00ab<\/h3>\n<ul>\n<li><strong>T\u00edtulo de la tesis:<\/strong>\u00a0 Cuidar en oncolog\u00eda: significado para los enfermeros, enfermos y de las familias <\/li>\n<li><strong>Autor:<\/strong>\u00a0 Carolina Miguel Gra\u00c1\u00a7a Henriques <\/li>\n<li><strong>Universidad:<\/strong>\u00a0 Extremadura<\/li>\n<li><strong>Fecha de lectura de la tesis:<\/strong>\u00a0 09\/10\/2009<\/li>\n<\/ul>\n<p>&nbsp;<\/p>\n<h3>Direcci\u00f3n y tribunal<\/h3>\n<ul>\n<li><strong>Director de la tesis<\/strong>\n<ul>\n<li>Florencio Vicente Castro<\/li>\n<\/ul>\n<\/li>\n<li><strong>Tribunal<\/strong>\n<ul>\n<li>Presidente del tribunal: eliseo alfonso Barca lozano <\/li>\n<li>gonzalo Sampascual maicas (vocal)<\/li>\n<li>pilar Dom\u00ednguez rodr\u00edguez (vocal)<\/li>\n<li>Fernando Bac\u00e1icoa ganuza (vocal)<\/li>\n<\/ul>\n<\/li>\n<\/ul>\n<p>&nbsp;<\/p>\n","protected":false},"excerpt":{"rendered":"<p>Tesis doctoral de Carolina Miguel Gra\u00c1\u00a7a Henriques Do processo de reflex\u00ed\u00a3o que esta investiga\u00ed\u00a7\u00ed\u00a3o nos permite fazer, cuidar \u00e9 aquilo [&hellip;]<\/p>\n","protected":false},"author":1,"featured_media":0,"comment_status":"open","ping_status":"open","sticky":false,"template":"","format":"standard","meta":{"site-sidebar-layout":"default","site-content-layout":"","ast-site-content-layout":"","site-content-style":"default","site-sidebar-style":"default","ast-global-header-display":"","ast-banner-title-visibility":"","ast-main-header-display":"","ast-hfb-above-header-display":"","ast-hfb-below-header-display":"","ast-hfb-mobile-header-display":"","site-post-title":"","ast-breadcrumbs-content":"","ast-featured-img":"","footer-sml-layout":"","theme-transparent-header-meta":"","adv-header-id-meta":"","stick-header-meta":"","header-above-stick-meta":"","header-main-stick-meta":"","header-below-stick-meta":"","astra-migrate-meta-layouts":"default","ast-page-background-enabled":"default","ast-page-background-meta":{"desktop":{"background-color":"var(--ast-global-color-4)","background-image":"","background-repeat":"repeat","background-position":"center center","background-size":"auto","background-attachment":"scroll","background-type":"","background-media":"","overlay-type":"","overlay-color":"","overlay-gradient":""},"tablet":{"background-color":"","background-image":"","background-repeat":"repeat","background-position":"center center","background-size":"auto","background-attachment":"scroll","background-type":"","background-media":"","overlay-type":"","overlay-color":"","overlay-gradient":""},"mobile":{"background-color":"","background-image":"","background-repeat":"repeat","background-position":"center center","background-size":"auto","background-attachment":"scroll","background-type":"","background-media":"","overlay-type":"","overlay-color":"","overlay-gradient":""}},"ast-content-background-meta":{"desktop":{"background-color":"var(--ast-global-color-5)","background-image":"","background-repeat":"repeat","background-position":"center center","background-size":"auto","background-attachment":"scroll","background-type":"","background-media":"","overlay-type":"","overlay-color":"","overlay-gradient":""},"tablet":{"background-color":"var(--ast-global-color-5)","background-image":"","background-repeat":"repeat","background-position":"center center","background-size":"auto","background-attachment":"scroll","background-type":"","background-media":"","overlay-type":"","overlay-color":"","overlay-gradient":""},"mobile":{"background-color":"var(--ast-global-color-5)","background-image":"","background-repeat":"repeat","background-position":"center center","background-size":"auto","background-attachment":"scroll","background-type":"","background-media":"","overlay-type":"","overlay-color":"","overlay-gradient":""}},"footnotes":""},"categories":[949,1027],"tags":[198111,21321,28513,7144,5138,7379],"class_list":["post-96491","post","type-post","status-publish","format-standard","hentry","category-extremadura","category-oncologia","tag-carolina-miguel-graaa-henriques","tag-eliseo-alfonso-barca-lozano","tag-fernando-bacaicoa-ganuza","tag-florencio-vicente-castro","tag-gonzalo-sampascual-maicas","tag-pilar-dominguez-rodriguez"],"_links":{"self":[{"href":"https:\/\/www.deberes.net\/tesis\/wp-json\/wp\/v2\/posts\/96491","targetHints":{"allow":["GET"]}}],"collection":[{"href":"https:\/\/www.deberes.net\/tesis\/wp-json\/wp\/v2\/posts"}],"about":[{"href":"https:\/\/www.deberes.net\/tesis\/wp-json\/wp\/v2\/types\/post"}],"author":[{"embeddable":true,"href":"https:\/\/www.deberes.net\/tesis\/wp-json\/wp\/v2\/users\/1"}],"replies":[{"embeddable":true,"href":"https:\/\/www.deberes.net\/tesis\/wp-json\/wp\/v2\/comments?post=96491"}],"version-history":[{"count":0,"href":"https:\/\/www.deberes.net\/tesis\/wp-json\/wp\/v2\/posts\/96491\/revisions"}],"wp:attachment":[{"href":"https:\/\/www.deberes.net\/tesis\/wp-json\/wp\/v2\/media?parent=96491"}],"wp:term":[{"taxonomy":"category","embeddable":true,"href":"https:\/\/www.deberes.net\/tesis\/wp-json\/wp\/v2\/categories?post=96491"},{"taxonomy":"post_tag","embeddable":true,"href":"https:\/\/www.deberes.net\/tesis\/wp-json\/wp\/v2\/tags?post=96491"}],"curies":[{"name":"wp","href":"https:\/\/api.w.org\/{rel}","templated":true}]}}