{"id":96561,"date":"2018-03-11T10:16:48","date_gmt":"2018-03-11T10:16:48","guid":{"rendered":"https:\/\/www.deberes.net\/tesis\/sin-categoria\/la-exposicion-de-artes-plasticas-de-valdepenas-1940-2005\/"},"modified":"2018-03-11T10:16:48","modified_gmt":"2018-03-11T10:16:48","slug":"la-exposicion-de-artes-plasticas-de-valdepenas-1940-2005","status":"publish","type":"post","link":"https:\/\/www.deberes.net\/tesis\/historia-del-arte-de-los-siglos-xix-y-xx\/la-exposicion-de-artes-plasticas-de-valdepenas-1940-2005\/","title":{"rendered":"La exposici\u00f3n de artes pl\u00e1sticas de valdepe\u00f1as (1940-2005)"},"content":{"rendered":"<h2>Tesis doctoral de <strong> Amelia Ruiz Garc\u00eda <\/strong><\/h2>\n<p>Estudio de la evoluci\u00f3n pl\u00e1stica que ha sufrido el concurso durante las mas de sesenta ediciones en las que se ha celebrado. Para ello se establec\u00e9 una comparaci\u00f3n con el tipo de arte que se valora en este certamen y el que paralelamente se valora en el resto del territorio nacional. Siempre tiniendo en cuenta las limitaciones (a nivel de convocatoria, econ\u00f3mico,&#8230;) A las que ha estado sujeto a lo largo de su historia.<\/p>\n<p>&nbsp;<\/p>\n<h3>Datos acad\u00e9micos de la tesis doctoral \u00ab<strong>La exposici\u00f3n de artes pl\u00e1sticas de valdepe\u00f1as (1940-2005)<\/strong>\u00ab<\/h3>\n<ul>\n<li><strong>T\u00edtulo de la tesis:<\/strong>\u00a0 La exposici\u00f3n de artes pl\u00e1sticas de valdepe\u00f1as (1940-2005) <\/li>\n<li><strong>Autor:<\/strong>\u00a0 Amelia Ruiz Garc\u00eda <\/li>\n<li><strong>Universidad:<\/strong>\u00a0 Castilla-la mancha<\/li>\n<li><strong>Fecha de lectura de la tesis:<\/strong>\u00a0 15\/10\/2009<\/li>\n<\/ul>\n<p>&nbsp;<\/p>\n<h3>Direcci\u00f3n y tribunal<\/h3>\n<ul>\n<li><strong>Director de la tesis<\/strong>\n<ul>\n<li>herrador Almarcha N\u00fa\u00f1ez<\/li>\n<\/ul>\n<\/li>\n<li><strong>Tribunal<\/strong>\n<ul>\n<li>Presidente del tribunal: gonzalo Borras gualis <\/li>\n<li>rubi Sanz gamo (vocal)<\/li>\n<li>federico Castro morales (vocal)<\/li>\n<li>Miguel Cort\u00e9s arrese (vocal)<\/li>\n<\/ul>\n<\/li>\n<\/ul>\n<p>&nbsp;<\/p>\n","protected":false},"excerpt":{"rendered":"<p>Tesis doctoral de Amelia Ruiz Garc\u00eda Estudio de la evoluci\u00f3n pl\u00e1stica que ha sufrido el concurso durante las mas de [&hellip;]<\/p>\n","protected":false},"author":1,"featured_media":0,"comment_status":"open","ping_status":"open","sticky":false,"template":"","format":"standard","meta":{"site-sidebar-layout":"default","site-content-layout":"","ast-site-content-layout":"","site-content-style":"default","site-sidebar-style":"default","ast-global-header-display":"","ast-banner-title-visibility":"","ast-main-header-display":"","ast-hfb-above-header-display":"","ast-hfb-below-header-display":"","ast-hfb-mobile-header-display":"","site-post-title":"","ast-breadcrumbs-content":"","ast-featured-img":"","footer-sml-layout":"","theme-transparent-header-meta":"","adv-header-id-meta":"","stick-header-meta":"","header-above-stick-meta":"","header-main-stick-meta":"","header-below-stick-meta":"","astra-migrate-meta-layouts":"default","ast-page-background-enabled":"default","ast-page-background-meta":{"desktop":{"background-color":"var(--ast-global-color-4)","background-image":"","background-repeat":"repeat","background-position":"center center","background-size":"auto","background-attachment":"scroll","background-type":"","background-media":"","overlay-type":"","overlay-color":"","overlay-gradient":""},"tablet":{"background-color":"","background-image":"","background-repeat":"repeat","background-position":"center center","background-size":"auto","background-attachment":"scroll","background-type":"","background-media":"","overlay-type":"","overlay-color":"","overlay-gradient":""},"mobile":{"background-color":"","background-image":"","background-repeat":"repeat","background-position":"center center","background-size":"auto","background-attachment":"scroll","background-type":"","background-media":"","overlay-type":"","overlay-color":"","overlay-gradient":""}},"ast-content-background-meta":{"desktop":{"background-color":"var(--ast-global-color-5)","background-image":"","background-repeat":"repeat","background-position":"center center","background-size":"auto","background-attachment":"scroll","background-type":"","background-media":"","overlay-type":"","overlay-color":"","overlay-gradient":""},"tablet":{"background-color":"var(--ast-global-color-5)","background-image":"","background-repeat":"repeat","background-position":"center center","background-size":"auto","background-attachment":"scroll","background-type":"","background-media":"","overlay-type":"","overlay-color":"","overlay-gradient":""},"mobile":{"background-color":"var(--ast-global-color-5)","background-image":"","background-repeat":"repeat","background-position":"center center","background-size":"auto","background-attachment":"scroll","background-type":"","background-media":"","overlay-type":"","overlay-color":"","overlay-gradient":""}},"footnotes":""},"categories":[18451,4363,2563,3806],"tags":[198238,26089,5824,80930,32474,33293],"class_list":["post-96561","post","type-post","status-publish","format-standard","hentry","category-castilla-la-mancha","category-escultura","category-historia-del-arte-de-los-siglos-xix-y-xx","category-pintura","tag-amelia-ruiz-garcia","tag-federico-castro-morales","tag-gonzalo-borras-gualis","tag-herrador-almarcha-nunez","tag-miguel-cortes-arrese","tag-rubi-sanz-gamo"],"_links":{"self":[{"href":"https:\/\/www.deberes.net\/tesis\/wp-json\/wp\/v2\/posts\/96561","targetHints":{"allow":["GET"]}}],"collection":[{"href":"https:\/\/www.deberes.net\/tesis\/wp-json\/wp\/v2\/posts"}],"about":[{"href":"https:\/\/www.deberes.net\/tesis\/wp-json\/wp\/v2\/types\/post"}],"author":[{"embeddable":true,"href":"https:\/\/www.deberes.net\/tesis\/wp-json\/wp\/v2\/users\/1"}],"replies":[{"embeddable":true,"href":"https:\/\/www.deberes.net\/tesis\/wp-json\/wp\/v2\/comments?post=96561"}],"version-history":[{"count":0,"href":"https:\/\/www.deberes.net\/tesis\/wp-json\/wp\/v2\/posts\/96561\/revisions"}],"wp:attachment":[{"href":"https:\/\/www.deberes.net\/tesis\/wp-json\/wp\/v2\/media?parent=96561"}],"wp:term":[{"taxonomy":"category","embeddable":true,"href":"https:\/\/www.deberes.net\/tesis\/wp-json\/wp\/v2\/categories?post=96561"},{"taxonomy":"post_tag","embeddable":true,"href":"https:\/\/www.deberes.net\/tesis\/wp-json\/wp\/v2\/tags?post=96561"}],"curies":[{"name":"wp","href":"https:\/\/api.w.org\/{rel}","templated":true}]}}