{"id":96573,"date":"2018-03-11T10:16:48","date_gmt":"2018-03-11T10:16:48","guid":{"rendered":"https:\/\/www.deberes.net\/tesis\/sin-categoria\/impacto-de-la-actividad-fa%c2%adsica-en-la-salud-de-los-escolares-estudio-de-cuenca\/"},"modified":"2018-03-11T10:16:48","modified_gmt":"2018-03-11T10:16:48","slug":"impacto-de-la-actividad-fa%c2%adsica-en-la-salud-de-los-escolares-estudio-de-cuenca","status":"publish","type":"post","link":"https:\/\/www.deberes.net\/tesis\/castilla-la-mancha\/impacto-de-la-actividad-fa%c2%adsica-en-la-salud-de-los-escolares-estudio-de-cuenca\/","title":{"rendered":"Impacto de la actividad f\u00edsica en la salud de los escolares: estudio de cuenca"},"content":{"rendered":"<h2>Tesis doctoral de <strong> Mairena S\u00e1nchez L\u00f3pez <\/strong><\/h2>\n<p>El estudio de cuenca naci\u00f3 en 1992 con el objetivo de monitorizar los factores de riesgo cardiovascular en escolares de la provincia, y los condicionantes asociados a esta evolu\u00c2\u00acci\u00f3n. En el a\u00f1o 2003, conscientes de la urgencia de probar la efectividad de intervenciones preventivas del sobrepeso infantil en el \u00e1mbito comunitario, decidimos dise\u00f1ar un estudio de intervenci\u00f3n para llevarlo a cabo en el \u00e1mbito de los colegios conquenses.  este estudio, titulado efectividad de una intervenci\u00f3n de promoci\u00f3n de la actividad f\u00edsica de tiempo libre para prevenir la obesidad en escolares: ensayo de campo randomizado por clusters, fue financiado por la consejer\u00eda de sanidad de castilla-la mancha (beca gc03060-00), y tuvo como objetivo evaluar la efectividad de una intervenci\u00f3n estandarizada de actividad f\u00edsica de tiempo libre (movi) para disminuir la preValencia de sobrepeso\/obesidad y de otros factores de riesgo cardiovascular, en edad escolar.  los datos de esta tesis son producto del estudio anteriormente citado, y se compone de: &#8211; un an\u00e1lisis longitudinal de las medidas de resultado en las variables lip\u00eddicas y de adiposidad del estudio, al final del primer a\u00f1o y a los dos a\u00f1os.  &#8211; una estimaci\u00f3n de la asociaci\u00f3n entre la actividad f\u00edsica y la calidad de vida en los ni\u00f1os participantes en el ensayo, analizada de forma transversal en las mediciones del examen final.  &#8211; un an\u00e1lisis de la validez de una escala de dos \u00edtems para clasificar a los escolares en activos y sedentarios. implicaci\u00f3n de la doctoranda: dise\u00f1\u00f3 y coordin\u00f3 la intervenci\u00f3n de actividad f\u00edsica movi (www.Modidavida.Org), recogi\u00f3 datos de antropometr\u00eda y de las variables relacionadas con la actividad f\u00edsica, particip\u00f3 en el an\u00e1lisis y escritura de los art\u00edculos cient\u00edficos presentados, con especial responsabilidad en los aspectos relacionados con la actividad f\u00edsica, la calidad de vida, la condici\u00f3n f\u00edsica y la antropometr\u00eda\/composici\u00f3n corporal.<\/p>\n<p>&nbsp;<\/p>\n<h3>Datos acad\u00e9micos de la tesis doctoral \u00ab<strong>Impacto de la actividad f\u00edsica en la salud de los escolares: estudio de cuenca<\/strong>\u00ab<\/h3>\n<ul>\n<li><strong>T\u00edtulo de la tesis:<\/strong>\u00a0 Impacto de la actividad f\u00edsica en la salud de los escolares: estudio de cuenca <\/li>\n<li><strong>Autor:<\/strong>\u00a0 Mairena S\u00e1nchez L\u00f3pez <\/li>\n<li><strong>Universidad:<\/strong>\u00a0 Castilla-la mancha<\/li>\n<li><strong>Fecha de lectura de la tesis:<\/strong>\u00a0 15\/10\/2009<\/li>\n<\/ul>\n<p>&nbsp;<\/p>\n<h3>Direcci\u00f3n y tribunal<\/h3>\n<ul>\n<li><strong>Director de la tesis<\/strong>\n<ul>\n<li>Vicente Mart\u00ednez Vizca\u00edno<\/li>\n<\/ul>\n<\/li>\n<li><strong>Tribunal<\/strong>\n<ul>\n<li>Presidente del tribunal: fernando Rodr\u00edguez artalejo <\/li>\n<li>Francisco Escribano sotos (vocal)<\/li>\n<li>onofre ricardo Contreras jordan (vocal)<\/li>\n<li>Juan  Luis Hernandez \u00e1lvarez (vocal)<\/li>\n<\/ul>\n<\/li>\n<\/ul>\n<p>&nbsp;<\/p>\n","protected":false},"excerpt":{"rendered":"<p>Tesis doctoral de Mairena S\u00e1nchez L\u00f3pez El estudio de cuenca naci\u00f3 en 1992 con el objetivo de monitorizar los factores [&hellip;]<\/p>\n","protected":false},"author":1,"featured_media":0,"comment_status":"open","ping_status":"open","sticky":false,"template":"","format":"standard","meta":{"site-sidebar-layout":"default","site-content-layout":"","ast-site-content-layout":"","site-content-style":"default","site-sidebar-style":"default","ast-global-header-display":"","ast-banner-title-visibility":"","ast-main-header-display":"","ast-hfb-above-header-display":"","ast-hfb-below-header-display":"","ast-hfb-mobile-header-display":"","site-post-title":"","ast-breadcrumbs-content":"","ast-featured-img":"","footer-sml-layout":"","theme-transparent-header-meta":"","adv-header-id-meta":"","stick-header-meta":"","header-above-stick-meta":"","header-main-stick-meta":"","header-below-stick-meta":"","astra-migrate-meta-layouts":"default","ast-page-background-enabled":"default","ast-page-background-meta":{"desktop":{"background-color":"var(--ast-global-color-4)","background-image":"","background-repeat":"repeat","background-position":"center center","background-size":"auto","background-attachment":"scroll","background-type":"","background-media":"","overlay-type":"","overlay-color":"","overlay-gradient":""},"tablet":{"background-color":"","background-image":"","background-repeat":"repeat","background-position":"center center","background-size":"auto","background-attachment":"scroll","background-type":"","background-media":"","overlay-type":"","overlay-color":"","overlay-gradient":""},"mobile":{"background-color":"","background-image":"","background-repeat":"repeat","background-position":"center center","background-size":"auto","background-attachment":"scroll","background-type":"","background-media":"","overlay-type":"","overlay-color":"","overlay-gradient":""}},"ast-content-background-meta":{"desktop":{"background-color":"var(--ast-global-color-5)","background-image":"","background-repeat":"repeat","background-position":"center center","background-size":"auto","background-attachment":"scroll","background-type":"","background-media":"","overlay-type":"","overlay-color":"","overlay-gradient":""},"tablet":{"background-color":"var(--ast-global-color-5)","background-image":"","background-repeat":"repeat","background-position":"center center","background-size":"auto","background-attachment":"scroll","background-type":"","background-media":"","overlay-type":"","overlay-color":"","overlay-gradient":""},"mobile":{"background-color":"var(--ast-global-color-5)","background-image":"","background-repeat":"repeat","background-position":"center center","background-size":"auto","background-attachment":"scroll","background-type":"","background-media":"","overlay-type":"","overlay-color":"","overlay-gradient":""}},"footnotes":""},"categories":[19815,18451],"tags":[12656,42327,19095,198257,27403,27373],"class_list":["post-96573","post","type-post","status-publish","format-standard","hentry","category-calidad-de-vida","category-castilla-la-mancha","tag-fernando-rodriguez-artalejo","tag-francisco-escribano-sotos","tag-juan-luis-hernandez-alvarez","tag-mairena-sanchez-lopez","tag-onofre-ricardo-contreras-jordan","tag-vicente-Martinez-vizcaino"],"_links":{"self":[{"href":"https:\/\/www.deberes.net\/tesis\/wp-json\/wp\/v2\/posts\/96573","targetHints":{"allow":["GET"]}}],"collection":[{"href":"https:\/\/www.deberes.net\/tesis\/wp-json\/wp\/v2\/posts"}],"about":[{"href":"https:\/\/www.deberes.net\/tesis\/wp-json\/wp\/v2\/types\/post"}],"author":[{"embeddable":true,"href":"https:\/\/www.deberes.net\/tesis\/wp-json\/wp\/v2\/users\/1"}],"replies":[{"embeddable":true,"href":"https:\/\/www.deberes.net\/tesis\/wp-json\/wp\/v2\/comments?post=96573"}],"version-history":[{"count":0,"href":"https:\/\/www.deberes.net\/tesis\/wp-json\/wp\/v2\/posts\/96573\/revisions"}],"wp:attachment":[{"href":"https:\/\/www.deberes.net\/tesis\/wp-json\/wp\/v2\/media?parent=96573"}],"wp:term":[{"taxonomy":"category","embeddable":true,"href":"https:\/\/www.deberes.net\/tesis\/wp-json\/wp\/v2\/categories?post=96573"},{"taxonomy":"post_tag","embeddable":true,"href":"https:\/\/www.deberes.net\/tesis\/wp-json\/wp\/v2\/tags?post=96573"}],"curies":[{"name":"wp","href":"https:\/\/api.w.org\/{rel}","templated":true}]}}