{"id":96627,"date":"2018-03-11T10:16:52","date_gmt":"2018-03-11T10:16:52","guid":{"rendered":"https:\/\/www.deberes.net\/tesis\/sin-categoria\/el-primer-diario-16-1976-1980\/"},"modified":"2018-03-11T10:16:52","modified_gmt":"2018-03-11T10:16:52","slug":"el-primer-diario-16-1976-1980","status":"publish","type":"post","link":"https:\/\/www.deberes.net\/tesis\/prensa\/el-primer-diario-16-1976-1980\/","title":{"rendered":"El primer diario 16 (1976-1980)"},"content":{"rendered":"<h2>Tesis doctoral de <strong> Luis Alberto And\u00eda Celaya <\/strong><\/h2>\n<p>Este estudio recoge la vida interna de diario 16 desde su fundaci\u00f3n en octubre de 1876 hasta la llegada como director de pedro jos\u00e9 ram\u00edrez en junio de 1980. Adem\u00e1s de la evoluci\u00f3n de la redacci\u00f3n y del propio peri\u00f3dico a lo largo de estos a\u00f1os, se procura fijar la posici\u00f3n ideol\u00f3gica del rotativo ante los principales acontecimientos de la historia espa\u00f1ola de ese periodo. La utilizaci\u00f3n de fuentes in\u00e9ditas cedidas por los protagonistas y el exhaustivo estudio del contenido de diario 16 han permitido constatar la novedad e influencia que supuso en el panorama informativo de la transici\u00f3n.  por otro lado, se hace patente la intenci\u00f3n de la empresa editora inpulsa de constituirse en un aut\u00e9ntico grupo de comunicaci\u00f3n. Dentro de este proyecto, dispuestos a aprovechar la estela del \u00e9xito del semanario cambio 16, se inserta la salida del diario. Era la proa de un amplio abanico de publicaciones y proyectos que, en general, no acabaron de obtener el fruto esperado. en este sentido son patentes las dificultades que este peri\u00f3dico encontr\u00f3 para afianzar sus ventas en un contexto de crisis econ\u00f3mica y saturaci\u00f3n de medios informativos. Esto provoc\u00f3 una reestructuraci\u00f3n empresarial y la creaci\u00f3n de inpresa para evitar que la mala marcha del diario afectara a su nodriza cambio 16.  los diferentes proyectos de reforma y redise\u00f1o del peri\u00f3dico, culminaron con su total remodelaci\u00f3n tres a\u00f1os despu\u00e9s de su salida, en octubre de 1979. La pol\u00e9mica actitud de su director miguel \u00e1ngel aguilar en relaci\u00f3n con las tramas golpistas provocaron su sustituci\u00f3n a mediados de 1980.<\/p>\n<p>&nbsp;<\/p>\n<h3>Datos acad\u00e9micos de la tesis doctoral \u00ab<strong>El primer diario 16 (1976-1980)<\/strong>\u00ab<\/h3>\n<ul>\n<li><strong>T\u00edtulo de la tesis:<\/strong>\u00a0 El primer diario 16 (1976-1980) <\/li>\n<li><strong>Autor:<\/strong>\u00a0 Luis Alberto And\u00eda Celaya <\/li>\n<li><strong>Universidad:<\/strong>\u00a0 Navarra<\/li>\n<li><strong>Fecha de lectura de la tesis:<\/strong>\u00a0 17\/10\/2009<\/li>\n<\/ul>\n<p>&nbsp;<\/p>\n<h3>Direcci\u00f3n y tribunal<\/h3>\n<ul>\n<li><strong>Director de la tesis<\/strong>\n<ul>\n<li>Mercedes Montero D\u00edaz<\/li>\n<\/ul>\n<\/li>\n<li><strong>Tribunal<\/strong>\n<ul>\n<li>Presidente del tribunal: Antonio Checa godoy <\/li>\n<li>Carlos Barrera del barrio (vocal)<\/li>\n<li>gloria Garc\u00eda gonz\u00e1lez (vocal)<\/li>\n<li>pedro Farias batlle (vocal)<\/li>\n<\/ul>\n<\/li>\n<\/ul>\n<p>&nbsp;<\/p>\n","protected":false},"excerpt":{"rendered":"<p>Tesis doctoral de Luis Alberto And\u00eda Celaya Este estudio recoge la vida interna de diario 16 desde su fundaci\u00f3n en [&hellip;]<\/p>\n","protected":false},"author":1,"featured_media":0,"comment_status":"open","ping_status":"open","sticky":false,"template":"","format":"standard","meta":{"site-sidebar-layout":"default","site-content-layout":"","ast-site-content-layout":"","site-content-style":"default","site-sidebar-style":"default","ast-global-header-display":"","ast-banner-title-visibility":"","ast-main-header-display":"","ast-hfb-above-header-display":"","ast-hfb-below-header-display":"","ast-hfb-mobile-header-display":"","site-post-title":"","ast-breadcrumbs-content":"","ast-featured-img":"","footer-sml-layout":"","theme-transparent-header-meta":"","adv-header-id-meta":"","stick-header-meta":"","header-above-stick-meta":"","header-main-stick-meta":"","header-below-stick-meta":"","astra-migrate-meta-layouts":"default","ast-page-background-enabled":"default","ast-page-background-meta":{"desktop":{"background-color":"var(--ast-global-color-4)","background-image":"","background-repeat":"repeat","background-position":"center center","background-size":"auto","background-attachment":"scroll","background-type":"","background-media":"","overlay-type":"","overlay-color":"","overlay-gradient":""},"tablet":{"background-color":"","background-image":"","background-repeat":"repeat","background-position":"center center","background-size":"auto","background-attachment":"scroll","background-type":"","background-media":"","overlay-type":"","overlay-color":"","overlay-gradient":""},"mobile":{"background-color":"","background-image":"","background-repeat":"repeat","background-position":"center center","background-size":"auto","background-attachment":"scroll","background-type":"","background-media":"","overlay-type":"","overlay-color":"","overlay-gradient":""}},"ast-content-background-meta":{"desktop":{"background-color":"var(--ast-global-color-5)","background-image":"","background-repeat":"repeat","background-position":"center center","background-size":"auto","background-attachment":"scroll","background-type":"","background-media":"","overlay-type":"","overlay-color":"","overlay-gradient":""},"tablet":{"background-color":"var(--ast-global-color-5)","background-image":"","background-repeat":"repeat","background-position":"center center","background-size":"auto","background-attachment":"scroll","background-type":"","background-media":"","overlay-type":"","overlay-color":"","overlay-gradient":""},"mobile":{"background-color":"var(--ast-global-color-5)","background-image":"","background-repeat":"repeat","background-position":"center center","background-size":"auto","background-attachment":"scroll","background-type":"","background-media":"","overlay-type":"","overlay-color":"","overlay-gradient":""}},"footnotes":""},"categories":[24102,5051,17749,4841,13715],"tags":[70072,37805,161710,198338,185020,44037],"class_list":["post-96627","post","type-post","status-publish","format-standard","hentry","category-informacion","category-medios-de-comunicacion-de-masas","category-navarra","category-prensa","category-sociologia-de-los-medios-de-comunicacion-de-masas","tag-antonio-checa-godoy","tag-carlos-barrera-del-barrio","tag-gloria-garcia-gonzalez","tag-luis-alberto-andia-celaya","tag-mercedes-montero-diaz","tag-pedro-farias-batlle"],"_links":{"self":[{"href":"https:\/\/www.deberes.net\/tesis\/wp-json\/wp\/v2\/posts\/96627","targetHints":{"allow":["GET"]}}],"collection":[{"href":"https:\/\/www.deberes.net\/tesis\/wp-json\/wp\/v2\/posts"}],"about":[{"href":"https:\/\/www.deberes.net\/tesis\/wp-json\/wp\/v2\/types\/post"}],"author":[{"embeddable":true,"href":"https:\/\/www.deberes.net\/tesis\/wp-json\/wp\/v2\/users\/1"}],"replies":[{"embeddable":true,"href":"https:\/\/www.deberes.net\/tesis\/wp-json\/wp\/v2\/comments?post=96627"}],"version-history":[{"count":0,"href":"https:\/\/www.deberes.net\/tesis\/wp-json\/wp\/v2\/posts\/96627\/revisions"}],"wp:attachment":[{"href":"https:\/\/www.deberes.net\/tesis\/wp-json\/wp\/v2\/media?parent=96627"}],"wp:term":[{"taxonomy":"category","embeddable":true,"href":"https:\/\/www.deberes.net\/tesis\/wp-json\/wp\/v2\/categories?post=96627"},{"taxonomy":"post_tag","embeddable":true,"href":"https:\/\/www.deberes.net\/tesis\/wp-json\/wp\/v2\/tags?post=96627"}],"curies":[{"name":"wp","href":"https:\/\/api.w.org\/{rel}","templated":true}]}}