{"id":96637,"date":"2018-03-11T10:16:52","date_gmt":"2018-03-11T10:16:52","guid":{"rendered":"https:\/\/www.deberes.net\/tesis\/sin-categoria\/la-proteccion-social-agraria\/"},"modified":"2018-03-11T10:16:52","modified_gmt":"2018-03-11T10:16:52","slug":"la-proteccion-social-agraria","status":"publish","type":"post","link":"https:\/\/www.deberes.net\/tesis\/derecho-del-trabajo-y-de-la-seguridad-social\/la-proteccion-social-agraria\/","title":{"rendered":"La protecci\u00f3n social agraria"},"content":{"rendered":"<h2>Tesis doctoral de <strong> Juan Romero Coronado <\/strong><\/h2>\n<p>El eje estructural sobre el que se ha venido fundamentando la protecci\u00f3n social de los trabajadores agrarios hasta el momento ha sido la seguridad social agraria. Esta relevancia se ha puesto a\u00fan m\u00e1s de manifiesto como consecuencia de las transformaciones que se est\u00e1n experimentando en est\u00e9 \u00e1mbito de la protecci\u00f3n social. El acuerdo sobre medidas en materia de seguridad social firmado el 13 de julio de 2006 estableci\u00f3, dentro del marco de las recomendaciones 3\u00aa y 6\u00aa del pacto de toledo, la necesidad de simplificar la estructura entre reg\u00edmenes de la seguridad social. Esta simplificaci\u00f3n est\u00e1 produciendo importantes alteraciones en la delimitaci\u00f3n de la protecci\u00f3n social de la poblaci\u00f3n agraria tal y como estaba configurada por el decreto 2123\/1971 por el que se aprob\u00f3 el texto refundido de las normas reguladoras de la seguridad social agraria y por el decreto 3772\/1972 por el que se aprob\u00f3 el reglamento general del r\u00e9gimen especial agrario de la seguridad social.Con ello se ha propiciado la necesidad de una continua ampliaci\u00f3n e integraci\u00f3n de la seguridad social agraria que supone una homogenizaci\u00f3n interna del sistema que se ha materializado a trav\u00e9s de las siguientes actuaciones legislativas:  1\u00c2\u00ba mediante la integraci\u00f3n de los trabajadores por cuenta propia del rea en el reta. As\u00ed se ha producido a partir del 1 de enero de 2008 por aplicaci\u00f3n de la ley 18\/2007, de 4 de julio (boe del d\u00eda 5), dictada en desarrollo del acuerdo sobre encuadramiento y cotizaci\u00f3n a la seguridad social de los trabajadores agrarios por cuenta propia, de 20 de octubre de 2005, estableci\u00e9ndose un sistema especial de cotizaci\u00f3n a favor de los trabajadores agrarios por cuenta propia, titulares de explotaciones familiares o que trabajen en las mismas.  2\u00c2\u00ba a trav\u00e9s de la adaptaci\u00f3n del sistema de cotizaci\u00f3n de los trabajadores por cuenta ajena realizada por la disposici\u00f3n final d\u00e9cimo-tercera de la ley 2\/2008 de 23 de diciembre de presupuestos generales del estado para 2009.   3\u00c2\u00ba mediante las propuestas de integraci\u00f3n de los trabajadores agrarios por cuenta ajena en el r\u00e9gimen general cuyo plazo de plasmaci\u00f3n legislativa, el 1 de enero de 2009, ya ha sido superado.  sin embargo, lo m\u00e1s relevante de todo este proceso es que la p\u00e9rdida de especificidad agraria en la seguridad social provocada por la homogeneizaci\u00f3n va poniendo al descubierto toda una serie de medidas distintas, muchas de ellas con un origen anterior al de la propia seguridad social, cuyo objetivo es tambi\u00e9n hacer frente a los riesgos sociales que pueden ser sufridos por la poblaci\u00f3n agraria. Esto conlleva que en el an\u00e1lisis de la protecci\u00f3n social de los trabajadores agrarios, aparte de atender a la propia evoluci\u00f3n end\u00f3gena de la seguridad social agraria, se trascienda los par\u00e1metros de la misma y se preste cada vez m\u00e1s atenci\u00f3n a esos otros instrumentos jur\u00eddicos de atenci\u00f3n a la necesidad en el \u00e1mbito agrario<\/p>\n<p>&nbsp;<\/p>\n<h3>Datos acad\u00e9micos de la tesis doctoral \u00ab<strong>La protecci\u00f3n social agraria<\/strong>\u00ab<\/h3>\n<ul>\n<li><strong>T\u00edtulo de la tesis:<\/strong>\u00a0 La protecci\u00f3n social agraria <\/li>\n<li><strong>Autor:<\/strong>\u00a0 Juan Romero Coronado <\/li>\n<li><strong>Universidad:<\/strong>\u00a0 Granada<\/li>\n<li><strong>Fecha de lectura de la tesis:<\/strong>\u00a0 19\/10\/2009<\/li>\n<\/ul>\n<p>&nbsp;<\/p>\n<h3>Direcci\u00f3n y tribunal<\/h3>\n<ul>\n<li><strong>Director de la tesis<\/strong>\n<ul>\n<li>Jose Vida Soria<\/li>\n<\/ul>\n<\/li>\n<li><strong>Tribunal<\/strong>\n<ul>\n<li>Presidente del tribunal: Jos\u00e9 Luis Monereo perez <\/li>\n<li>rosa Quesada segura (vocal)<\/li>\n<li>Jos\u00e9 ignacio Garcia ninet (vocal)<\/li>\n<li>cristobal Molina navarrete (vocal)<\/li>\n<\/ul>\n<\/li>\n<\/ul>\n<p>&nbsp;<\/p>\n","protected":false},"excerpt":{"rendered":"<p>Tesis doctoral de Juan Romero Coronado El eje estructural sobre el que se ha venido fundamentando la protecci\u00f3n social de [&hellip;]<\/p>\n","protected":false},"author":1,"featured_media":0,"comment_status":"open","ping_status":"open","sticky":false,"template":"","format":"standard","meta":{"site-sidebar-layout":"default","site-content-layout":"","ast-site-content-layout":"","site-content-style":"default","site-sidebar-style":"default","ast-global-header-display":"","ast-banner-title-visibility":"","ast-main-header-display":"","ast-hfb-above-header-display":"","ast-hfb-below-header-display":"","ast-hfb-mobile-header-display":"","site-post-title":"","ast-breadcrumbs-content":"","ast-featured-img":"","footer-sml-layout":"","theme-transparent-header-meta":"","adv-header-id-meta":"","stick-header-meta":"","header-above-stick-meta":"","header-main-stick-meta":"","header-below-stick-meta":"","astra-migrate-meta-layouts":"default","ast-page-background-enabled":"default","ast-page-background-meta":{"desktop":{"background-color":"var(--ast-global-color-4)","background-image":"","background-repeat":"repeat","background-position":"center center","background-size":"auto","background-attachment":"scroll","background-type":"","background-media":"","overlay-type":"","overlay-color":"","overlay-gradient":""},"tablet":{"background-color":"","background-image":"","background-repeat":"repeat","background-position":"center center","background-size":"auto","background-attachment":"scroll","background-type":"","background-media":"","overlay-type":"","overlay-color":"","overlay-gradient":""},"mobile":{"background-color":"","background-image":"","background-repeat":"repeat","background-position":"center center","background-size":"auto","background-attachment":"scroll","background-type":"","background-media":"","overlay-type":"","overlay-color":"","overlay-gradient":""}},"ast-content-background-meta":{"desktop":{"background-color":"var(--ast-global-color-5)","background-image":"","background-repeat":"repeat","background-position":"center center","background-size":"auto","background-attachment":"scroll","background-type":"","background-media":"","overlay-type":"","overlay-color":"","overlay-gradient":""},"tablet":{"background-color":"var(--ast-global-color-5)","background-image":"","background-repeat":"repeat","background-position":"center center","background-size":"auto","background-attachment":"scroll","background-type":"","background-media":"","overlay-type":"","overlay-color":"","overlay-gradient":""},"mobile":{"background-color":"var(--ast-global-color-5)","background-image":"","background-repeat":"repeat","background-position":"center center","background-size":"auto","background-attachment":"scroll","background-type":"","background-media":"","overlay-type":"","overlay-color":"","overlay-gradient":""}},"footnotes":""},"categories":[2170,6287],"tags":[74787,26862,28783,3700,198352,131441],"class_list":["post-96637","post","type-post","status-publish","format-standard","hentry","category-derecho-del-trabajo-y-de-la-seguridad-social","category-seguridad-social","tag-cristobal-molina-navarrete","tag-jose-ignacio-garcia-ninet","tag-jose-luis-monereo-perez","tag-jose-vida-soria","tag-juan-romero-coronado","tag-rosa-quesada-segura"],"_links":{"self":[{"href":"https:\/\/www.deberes.net\/tesis\/wp-json\/wp\/v2\/posts\/96637","targetHints":{"allow":["GET"]}}],"collection":[{"href":"https:\/\/www.deberes.net\/tesis\/wp-json\/wp\/v2\/posts"}],"about":[{"href":"https:\/\/www.deberes.net\/tesis\/wp-json\/wp\/v2\/types\/post"}],"author":[{"embeddable":true,"href":"https:\/\/www.deberes.net\/tesis\/wp-json\/wp\/v2\/users\/1"}],"replies":[{"embeddable":true,"href":"https:\/\/www.deberes.net\/tesis\/wp-json\/wp\/v2\/comments?post=96637"}],"version-history":[{"count":0,"href":"https:\/\/www.deberes.net\/tesis\/wp-json\/wp\/v2\/posts\/96637\/revisions"}],"wp:attachment":[{"href":"https:\/\/www.deberes.net\/tesis\/wp-json\/wp\/v2\/media?parent=96637"}],"wp:term":[{"taxonomy":"category","embeddable":true,"href":"https:\/\/www.deberes.net\/tesis\/wp-json\/wp\/v2\/categories?post=96637"},{"taxonomy":"post_tag","embeddable":true,"href":"https:\/\/www.deberes.net\/tesis\/wp-json\/wp\/v2\/tags?post=96637"}],"curies":[{"name":"wp","href":"https:\/\/api.w.org\/{rel}","templated":true}]}}