{"id":96662,"date":"2018-03-11T10:16:57","date_gmt":"2018-03-11T10:16:57","guid":{"rendered":"https:\/\/www.deberes.net\/tesis\/sin-categoria\/el-heroe-fragmentario-en-la-narrativa-de-thomas-mann-e-italo-svevo\/"},"modified":"2018-03-11T10:16:57","modified_gmt":"2018-03-11T10:16:57","slug":"el-heroe-fragmentario-en-la-narrativa-de-thomas-mann-e-italo-svevo","status":"publish","type":"post","link":"https:\/\/www.deberes.net\/tesis\/analisis-literario\/el-heroe-fragmentario-en-la-narrativa-de-thomas-mann-e-italo-svevo\/","title":{"rendered":"El h\u00e9roe fragmentario en la narrativa de thomas mann e italo svevo"},"content":{"rendered":"<h2>Tesis doctoral de <strong> Carmen M\u00aa Martin Del Pino <\/strong><\/h2>\n<p>Esta tesis es un estudio comparativo de la narrativa de thomas mann e italo svevo enfocado concretamente en la creaci\u00f3n y caracterizaci\u00f3n de la figura del artista como protagonista absoluto de sus obras. En dicha caracterizaci\u00f3n existe un punto com\u00fan entre mann y svevo y es la tendencia a representar al artista como un ser fragmentado, como un elemento ajeno al resto de la sociedad, pero unido a ella de forma irremediable. el primer cap\u00edtulo es una introducci\u00f3n al concepto de fragmentaci\u00f3n como teor\u00eda literaria y filos\u00f3fica. En \u00e9l se hace un recorrido por los principales pensadores que constituyen la base filos\u00f3fica de las obras de mann y svevo: schopenhauer, nietzsche, freud y wagner. El objetivo de este cap\u00edtulo es contextualizar ambas narrativas y presentar un marco coherente que ratifique el origen com\u00fan de muchas de las inquietudes art\u00edsticas de mann y svevo. en el segundo cap\u00edtulo el eje central es la figura del h\u00e9roe. En \u00e9l se analizan todos los aspectos que contribuyen a la formaci\u00f3n de un tipo de h\u00e9roe muy particular, el artista. Tanto mann como svevo eligen al artista como centro de su narrativa. Se le presenta como un ser atormentado que no encuentra un lugar en la sociedad burguesa, sinti\u00e9ndose de este modo fragmentado del resto de sus conciudadanos. Esta fragmentaci\u00f3n del resto del mundo se estudia desde distintas cuestiones: la incomunicaci\u00f3n, el enga\u00f1o, la relaci\u00f3n padre-hijo, el amor, la belleza, la enfermedad, los problemas psicol\u00f3gicos, la huida, etc. el tercer cap\u00edtulo se ocupa exclusivamente de los aspectos estructurales de las obras, es decir, de aquellos mecanismos narrativos que contribuyen a reforzar la idea del ser fragmentario. As\u00ed, se analizan en este cap\u00edtulo el tratamiento del tiempo, el espacio, el punto de vista, las voces narrativas y la simbolog\u00eda de lugares y nombres. conclusiones y aportaciones: el an\u00e1lisis detallado de la mayor\u00eda de las obras narrativas de mann y svevo desvela que hay notables conexiones en la forma en la que ambos autores resuelven la circunstancia de representar el dilema del artista entre el arte y la vida. Ambos representan personajes reflexivos en exceso, aislados, extra\u00f1os e inadaptados. A su vez las t\u00e9cnicas narrativas a las que recurren tambi\u00e9n se asemejan en muchos aspectos. El tiempo y el espacio no son par\u00e1metros estables, sino que se pliegan a disposici\u00f3n del autor para crear el marco adecuado en el que situar al h\u00e9roe fragmentario. Este estudio supone el an\u00e1lisis de la obra de mann y svevo a la luz de la teor\u00eda art\u00edstica de la fragmentaci\u00f3n que se viene desarrollando en la mentalidad moderna europea desde el periodo rom\u00e1ntico. Las obras de mann y svevo se han analizado desde muy distintos puntos de vista y el artista ha sido el centro de atenci\u00f3n de la mayor\u00eda de estos trabajos, pero la teor\u00eda de la fragmentaci\u00f3n proporciona un marco extenso que da explicaci\u00f3n a la obra completa de ambos autores. por otra parte, hasta ahora se hab\u00edan hecho estudios comparatistas parciales de algunas obras en concreto de mann y svevo, pero esta tesis ofrece un estudio exhaustivo de toda la narrativa de ambos autores, ampliando de este modo los aspectos analizados hasta ahora. Contribuye adem\u00e1s a establecer una relaci\u00f3n literaria entre dos autores que en un mismo periodo hist\u00f3rico expresan sus ideas art\u00edsticas de un modo muy similar sin que existiera una conexi\u00f3n real entre ellos. por \u00faltimo, este estudio demuestra que no podemos hablar de obras aisladas en la narrativa de mann y svevo, sino que todos y cada uno de sus relatos y novelas son la progresi\u00f3n del anterior. Son un mismo libro, una misma historia contada desde distintos puntos de vista. Esta tesis aporta un an\u00e1lisis global de la obra de mann y svevo para as\u00ed comprender d\u00f3nde se enmarcan los aspectos particulares que caracterizan y diferencian a las distintas obras. todo esto hace que este estudio comparativo de mann y svevo abra nuevas v\u00edas de investigaci\u00f3n a trabajos futuros en torno a ambos autores y sus obras.<\/p>\n<p>&nbsp;<\/p>\n<h3>Datos acad\u00e9micos de la tesis doctoral \u00ab<strong>El h\u00e9roe fragmentario en la narrativa de thomas mann e italo svevo<\/strong>\u00ab<\/h3>\n<ul>\n<li><strong>T\u00edtulo de la tesis:<\/strong>\u00a0 El h\u00e9roe fragmentario en la narrativa de thomas mann e italo svevo <\/li>\n<li><strong>Autor:<\/strong>\u00a0 Carmen M\u00aa Martin Del Pino <\/li>\n<li><strong>Universidad:<\/strong>\u00a0 Huelva<\/li>\n<li><strong>Fecha de lectura de la tesis:<\/strong>\u00a0 20\/10\/2009<\/li>\n<\/ul>\n<p>&nbsp;<\/p>\n<h3>Direcci\u00f3n y tribunal<\/h3>\n<ul>\n<li><strong>Director de la tesis<\/strong>\n<ul>\n<li>Pablo Zambrano Carballo<\/li>\n<\/ul>\n<\/li>\n<li><strong>Tribunal<\/strong>\n<ul>\n<li>Presidente del tribunal: esteban Torre serrano <\/li>\n<li>Mar\u00eda  de los angeles Hermosilla  alvarez (vocal)<\/li>\n<li>Mar\u00eda isabel L\u00f3pez mart\u00ednez (vocal)<\/li>\n<li>Miguel angel Marquez guerrero (vocal)<\/li>\n<\/ul>\n<\/li>\n<\/ul>\n<p>&nbsp;<\/p>\n","protected":false},"excerpt":{"rendered":"<p>Tesis doctoral de Carmen M\u00aa Martin Del Pino Esta tesis es un estudio comparativo de la narrativa de thomas mann [&hellip;]<\/p>\n","protected":false},"author":1,"featured_media":0,"comment_status":"open","ping_status":"open","sticky":false,"template":"","format":"standard","meta":{"site-sidebar-layout":"default","site-content-layout":"","ast-site-content-layout":"","site-content-style":"default","site-sidebar-style":"default","ast-global-header-display":"","ast-banner-title-visibility":"","ast-main-header-display":"","ast-hfb-above-header-display":"","ast-hfb-below-header-display":"","ast-hfb-mobile-header-display":"","site-post-title":"","ast-breadcrumbs-content":"","ast-featured-img":"","footer-sml-layout":"","theme-transparent-header-meta":"","adv-header-id-meta":"","stick-header-meta":"","header-above-stick-meta":"","header-main-stick-meta":"","header-below-stick-meta":"","astra-migrate-meta-layouts":"default","ast-page-background-enabled":"default","ast-page-background-meta":{"desktop":{"background-color":"var(--ast-global-color-4)","background-image":"","background-repeat":"repeat","background-position":"center center","background-size":"auto","background-attachment":"scroll","background-type":"","background-media":"","overlay-type":"","overlay-color":"","overlay-gradient":""},"tablet":{"background-color":"","background-image":"","background-repeat":"repeat","background-position":"center center","background-size":"auto","background-attachment":"scroll","background-type":"","background-media":"","overlay-type":"","overlay-color":"","overlay-gradient":""},"mobile":{"background-color":"","background-image":"","background-repeat":"repeat","background-position":"center center","background-size":"auto","background-attachment":"scroll","background-type":"","background-media":"","overlay-type":"","overlay-color":"","overlay-gradient":""}},"ast-content-background-meta":{"desktop":{"background-color":"var(--ast-global-color-5)","background-image":"","background-repeat":"repeat","background-position":"center center","background-size":"auto","background-attachment":"scroll","background-type":"","background-media":"","overlay-type":"","overlay-color":"","overlay-gradient":""},"tablet":{"background-color":"var(--ast-global-color-5)","background-image":"","background-repeat":"repeat","background-position":"center center","background-size":"auto","background-attachment":"scroll","background-type":"","background-media":"","overlay-type":"","overlay-color":"","overlay-gradient":""},"mobile":{"background-color":"var(--ast-global-color-5)","background-image":"","background-repeat":"repeat","background-position":"center center","background-size":"auto","background-attachment":"scroll","background-type":"","background-media":"","overlay-type":"","overlay-color":"","overlay-gradient":""}},"footnotes":""},"categories":[148,149,18975,628],"tags":[198390,20637,36466,128706,143745,19054],"class_list":["post-96662","post","type-post","status-publish","format-standard","hentry","category-analisis-literario","category-critica-de-textos","category-huelva","category-teoria-analisis-y-critica-literarios","tag-carmen-ma-martin-del-pino","tag-esteban-torre-serrano","tag-maria-de-los-angeles-hermosilla-alvarez","tag-maria-isabel-lopez-Martinez","tag-miguel-angel-marquez-guerrero","tag-pablo-zambrano-carballo"],"_links":{"self":[{"href":"https:\/\/www.deberes.net\/tesis\/wp-json\/wp\/v2\/posts\/96662","targetHints":{"allow":["GET"]}}],"collection":[{"href":"https:\/\/www.deberes.net\/tesis\/wp-json\/wp\/v2\/posts"}],"about":[{"href":"https:\/\/www.deberes.net\/tesis\/wp-json\/wp\/v2\/types\/post"}],"author":[{"embeddable":true,"href":"https:\/\/www.deberes.net\/tesis\/wp-json\/wp\/v2\/users\/1"}],"replies":[{"embeddable":true,"href":"https:\/\/www.deberes.net\/tesis\/wp-json\/wp\/v2\/comments?post=96662"}],"version-history":[{"count":0,"href":"https:\/\/www.deberes.net\/tesis\/wp-json\/wp\/v2\/posts\/96662\/revisions"}],"wp:attachment":[{"href":"https:\/\/www.deberes.net\/tesis\/wp-json\/wp\/v2\/media?parent=96662"}],"wp:term":[{"taxonomy":"category","embeddable":true,"href":"https:\/\/www.deberes.net\/tesis\/wp-json\/wp\/v2\/categories?post=96662"},{"taxonomy":"post_tag","embeddable":true,"href":"https:\/\/www.deberes.net\/tesis\/wp-json\/wp\/v2\/tags?post=96662"}],"curies":[{"name":"wp","href":"https:\/\/api.w.org\/{rel}","templated":true}]}}