{"id":96748,"date":"2018-03-11T10:17:03","date_gmt":"2018-03-11T10:17:03","guid":{"rendered":"https:\/\/www.deberes.net\/tesis\/sin-categoria\/la-revista-albur-expresion-de-una-generacion-intelectual-cubana-en-los-anos-1987-1992\/"},"modified":"2018-03-11T10:17:03","modified_gmt":"2018-03-11T10:17:03","slug":"la-revista-albur-expresion-de-una-generacion-intelectual-cubana-en-los-anos-1987-1992","status":"publish","type":"post","link":"https:\/\/www.deberes.net\/tesis\/historia-contemporanea-del-area-americana\/la-revista-albur-expresion-de-una-generacion-intelectual-cubana-en-los-anos-1987-1992\/","title":{"rendered":"La revista \u00abalbur\u00bb: expresi\u00f3n de una generaci\u00f3n intelectual cubana en los a\u00f1os 1987-1992."},"content":{"rendered":"<h2>Tesis doctoral de <strong> Diana Mar\u00eda Ivizate Gonzalez <\/strong><\/h2>\n<p>La tesis doctoral la revista albur: expresi\u00f3n de una generaci\u00f3n intelectual cubana en los a\u00f1os 1987-1992, analiza la significaci\u00f3n de la revista albur como una acci\u00f3n impulsora de motivaci\u00f3n y reflexi\u00f3n cultural en un per\u00edodo tan importante del proceso revolucionario cubano como lo fue el final de la d\u00e9cada de los ochenta y el comienzo de los noventa. Asimismo estudia el modo en que esa acci\u00f3n cultural, es irradiada desde el n\u00facleo de actividad de la revista hacia la sociedad, siendo acogida por un movimiento intelectual m\u00e1s extenso que encuentra expresi\u00f3n en sus p\u00e1ginas. Partiendo de la hip\u00f3tesis de que albur representa el trabajo intelectual, el pensamiento y la acci\u00f3n de una generaci\u00f3n que ha sido y es clave dentro del proceso revolucionario cubano, realizamos en esta investigaci\u00f3n un seguimiento por las ideas que expres\u00f3 en su momento hist\u00f3rico, animada por el deseo de participar en la construcci\u00f3n de la sociedad cubana.  para llevar a cabo la revisi\u00f3n de las ideas aportadas por albur hemos partido del contexto cultural, pol\u00edtico y social de finales del siglo veinte donde tiene cabida la acci\u00f3n de esta generaci\u00f3n, centr\u00e1ndonos en el an\u00e1lisis de los art\u00edculos, ensayos, poes\u00edas, obras de arte gr\u00e1ficas, y ediciones monogr\u00e1ficas que dialogan con la pol\u00edtica cultural del momento, y ofrecen como contrapartida un planteamiento transformador, inserto dentro del conjunto de los valores y principios asumidos por la revoluci\u00f3n.<\/p>\n<p>&nbsp;<\/p>\n<h3>Datos acad\u00e9micos de la tesis doctoral \u00ab<strong>La revista \u00abalbur\u00bb: expresi\u00f3n de una generaci\u00f3n intelectual cubana en los a\u00f1os 1987-1992.<\/strong>\u00ab<\/h3>\n<ul>\n<li><strong>T\u00edtulo de la tesis:<\/strong>\u00a0 La revista \u00abalbur\u00bb: expresi\u00f3n de una generaci\u00f3n intelectual cubana en los a\u00f1os 1987-1992. <\/li>\n<li><strong>Autor:<\/strong>\u00a0 Diana Mar\u00eda Ivizate Gonzalez <\/li>\n<li><strong>Universidad:<\/strong>\u00a0 Polit\u00e9cnica de Valencia<\/li>\n<li><strong>Fecha de lectura de la tesis:<\/strong>\u00a0 23\/10\/2009<\/li>\n<\/ul>\n<p>&nbsp;<\/p>\n<h3>Direcci\u00f3n y tribunal<\/h3>\n<ul>\n<li><strong>Director de la tesis<\/strong>\n<ul>\n<li>Carlos Villavieja Llorente<\/li>\n<\/ul>\n<\/li>\n<li><strong>Tribunal<\/strong>\n<ul>\n<li>Presidente del tribunal: justo Nieto nieto <\/li>\n<li>marisa Blanes nadal (vocal)<\/li>\n<li>Francisco Javier Zamora bonilla (vocal)<\/li>\n<li>agust\u00edn Andreu rodrigo (vocal)<\/li>\n<\/ul>\n<\/li>\n<\/ul>\n<p>&nbsp;<\/p>\n","protected":false},"excerpt":{"rendered":"<p>Tesis doctoral de Diana Mar\u00eda Ivizate Gonzalez La tesis doctoral la revista albur: expresi\u00f3n de una generaci\u00f3n intelectual cubana en [&hellip;]<\/p>\n","protected":false},"author":1,"featured_media":0,"comment_status":"open","ping_status":"open","sticky":false,"template":"","format":"standard","meta":{"site-sidebar-layout":"default","site-content-layout":"","ast-site-content-layout":"","site-content-style":"default","site-sidebar-style":"default","ast-global-header-display":"","ast-banner-title-visibility":"","ast-main-header-display":"","ast-hfb-above-header-display":"","ast-hfb-below-header-display":"","ast-hfb-mobile-header-display":"","site-post-title":"","ast-breadcrumbs-content":"","ast-featured-img":"","footer-sml-layout":"","theme-transparent-header-meta":"","adv-header-id-meta":"","stick-header-meta":"","header-above-stick-meta":"","header-main-stick-meta":"","header-below-stick-meta":"","astra-migrate-meta-layouts":"default","ast-page-background-enabled":"default","ast-page-background-meta":{"desktop":{"background-color":"var(--ast-global-color-4)","background-image":"","background-repeat":"repeat","background-position":"center center","background-size":"auto","background-attachment":"scroll","background-type":"","background-media":"","overlay-type":"","overlay-color":"","overlay-gradient":""},"tablet":{"background-color":"","background-image":"","background-repeat":"repeat","background-position":"center center","background-size":"auto","background-attachment":"scroll","background-type":"","background-media":"","overlay-type":"","overlay-color":"","overlay-gradient":""},"mobile":{"background-color":"","background-image":"","background-repeat":"repeat","background-position":"center center","background-size":"auto","background-attachment":"scroll","background-type":"","background-media":"","overlay-type":"","overlay-color":"","overlay-gradient":""}},"ast-content-background-meta":{"desktop":{"background-color":"var(--ast-global-color-5)","background-image":"","background-repeat":"repeat","background-position":"center center","background-size":"auto","background-attachment":"scroll","background-type":"","background-media":"","overlay-type":"","overlay-color":"","overlay-gradient":""},"tablet":{"background-color":"var(--ast-global-color-5)","background-image":"","background-repeat":"repeat","background-position":"center center","background-size":"auto","background-attachment":"scroll","background-type":"","background-media":"","overlay-type":"","overlay-color":"","overlay-gradient":""},"mobile":{"background-color":"var(--ast-global-color-5)","background-image":"","background-repeat":"repeat","background-position":"center center","background-size":"auto","background-attachment":"scroll","background-type":"","background-media":"","overlay-type":"","overlay-color":"","overlay-gradient":""}},"footnotes":""},"categories":[6049,16820],"tags":[52726,17063,198521,198522,16872,82503],"class_list":["post-96748","post","type-post","status-publish","format-standard","hentry","category-historia-contemporanea-del-area-americana","category-politecnica-de-valencia","tag-agustin-andreu-rodrigo","tag-carlos-villavieja-llorente","tag-diana-maria-ivizate-gonzalez","tag-francisco-javier-zamora-bonilla","tag-justo-nieto-nieto","tag-marisa-blanes-nadal"],"_links":{"self":[{"href":"https:\/\/www.deberes.net\/tesis\/wp-json\/wp\/v2\/posts\/96748","targetHints":{"allow":["GET"]}}],"collection":[{"href":"https:\/\/www.deberes.net\/tesis\/wp-json\/wp\/v2\/posts"}],"about":[{"href":"https:\/\/www.deberes.net\/tesis\/wp-json\/wp\/v2\/types\/post"}],"author":[{"embeddable":true,"href":"https:\/\/www.deberes.net\/tesis\/wp-json\/wp\/v2\/users\/1"}],"replies":[{"embeddable":true,"href":"https:\/\/www.deberes.net\/tesis\/wp-json\/wp\/v2\/comments?post=96748"}],"version-history":[{"count":0,"href":"https:\/\/www.deberes.net\/tesis\/wp-json\/wp\/v2\/posts\/96748\/revisions"}],"wp:attachment":[{"href":"https:\/\/www.deberes.net\/tesis\/wp-json\/wp\/v2\/media?parent=96748"}],"wp:term":[{"taxonomy":"category","embeddable":true,"href":"https:\/\/www.deberes.net\/tesis\/wp-json\/wp\/v2\/categories?post=96748"},{"taxonomy":"post_tag","embeddable":true,"href":"https:\/\/www.deberes.net\/tesis\/wp-json\/wp\/v2\/tags?post=96748"}],"curies":[{"name":"wp","href":"https:\/\/api.w.org\/{rel}","templated":true}]}}