{"id":96755,"date":"2018-03-11T10:17:03","date_gmt":"2018-03-11T10:17:03","guid":{"rendered":"https:\/\/www.deberes.net\/tesis\/sin-categoria\/el-mundo-clasico-en-la-poesa%c2%ada-de-luis-alberto-de-cuenca\/"},"modified":"2018-03-11T10:17:03","modified_gmt":"2018-03-11T10:17:03","slug":"el-mundo-clasico-en-la-poesa%c2%ada-de-luis-alberto-de-cuenca","status":"publish","type":"post","link":"https:\/\/www.deberes.net\/tesis\/historia-de-la-literatura\/el-mundo-clasico-en-la-poesa%c2%ada-de-luis-alberto-de-cuenca\/","title":{"rendered":"El mundo cl\u00e1sico en la poes\u00edade luis alberto de cuenca"},"content":{"rendered":"<h2>Tesis doctoral de <strong> Luis Miguel Su\u00e1rez Mart\u00ednez <\/strong><\/h2>\n<p>Integrante de la llamada generaci\u00f3n de 1968 o de los nov\u00edsimos, luis alberto de cuenca (Madrid, 1950) es hoy uno de los poetas espa\u00f1oles m\u00e1s acreditados. Su obra evoluciona desde un estilo nov\u00edsimo -herm\u00e9tico y refinado- en sus primeros libros -los retratos (1971) y elsinore (1972)-, hasta un estilo m\u00e1s sencillo y m\u00e1s cl\u00e1sico -denominado por el autor de \u00abl\u00ednea clara\u00bb en una segunda etapa, que abarca sus libros publicados a partir de la d\u00e9cada de los ochenta: la caja de plata (1985) -premio nacional de la cr\u00edtica-, el otro sue\u00f1o (1987), el hacha y la rosa (1993), por fuertes y fronteras (1996), sin miedo ni esperanza (2002) y la vida en llamas (2006). En medio de ambas se sit\u00faa scholia (1978), libro de transici\u00f3n. doctor en filolog\u00eda cl\u00e1sica (1976) y profesor de investigaci\u00f3n del csic, de cuenca compagina su faceta creadora con la de ensayista y fil\u00f3logo. En este campo, destaca su labor como traductor tanto de lenguas cl\u00e1sicas como moderna,  reconocida con el premio nacional de traducci\u00f3n en 1989 por su versi\u00f3n del cantar de valtario.  su s\u00f3lida formaci\u00f3n cl\u00e1sica se refleja de forma patente en su poes\u00eda. En este sentido, la influencia de la cultura cl\u00e1sica es tan intensa que toda su obra po\u00e9tica puede interpretarse como una actualizaci\u00f3n de modelos de la antig\u00ed\u00bcedad grecolatina. As\u00ed su poes\u00eda nov\u00edsima supone una adaptaci\u00f3n modernizada de la antigua poes\u00eda alejandrina (siglos iii-i a. C), cuyo modelo m\u00e1s representativo es el poeta helen\u00edstico eufori\u00f3n de calcis (al que de cuenca dedic\u00f3 su tesis doctoral), uno de los escritores m\u00e1s oscuros y dif\u00edciles de la literatura griega. De este modelo helen\u00edstico, remozado con las aportaciones de otros poetas del siglo xx (especial ezra pound) proceden las caracter\u00edsticas fundamentales de su primera est\u00e9tica: erudici\u00f3n culturalista, elitismo, barroquismo expresivo, oscuridad argumental, etc. Por otro lado la cultura grecolatina dejar\u00e1 una visible huella externa en los poemas: citas en griego y en lat\u00edn, referencias abundantes a la mitolog\u00eda, al arte, a la historia, a la literatura y a la filosof\u00eda antiguas&#8230;  tambi\u00e9n su poes\u00eda de \u00c2\u00abl\u00ednea clara\u00c2\u00bb, que en muchos aspectos parece opuesta a su poes\u00eda nov\u00edsima, refleja la influencia de la l\u00edrica alejandrina; s\u00f3lo que ahora ese modelo no procede de la vertiente m\u00e1s erudita y refinada del alejandrinismo sino de su vertiente m\u00e1s sencilla o menor representada por los poetas epigram\u00e1ticos de la antolog\u00eda palatina, y, en especial, por cal\u00edmaco de cirene (objeto de estudio en la tesina de licenciatura del poeta). De \u00e9l tomar\u00e1 los rasgos esenciales que definen su est\u00e9tica de \u00c2\u00abl\u00ednea clara\u00c2\u00bb: la ambientaci\u00f3n cotidiana, la sencillez expresiva (fruto, sin embargo, de un riguroso proceso de depuraci\u00f3n estil\u00edstica), el gusto por el detalle erudito, el humor y la  iron\u00eda, etc. De \u00e9l tomar\u00e1, asimismo, su g\u00e9nero po\u00e9tico preferido, el epigrama: poema m\u00e1s o menos breve, de estilo conciso y de cierre contundente o ir\u00f3nico, en el que predomina el humor, la agudeza y el distanciamiento sentimental. igualmente hallaremos en sus poemas de \u00c2\u00abl\u00ednea clara\u00c2\u00bb numerosas referencias al mundo cl\u00e1sico, si bien de una forma m\u00e1s moderada que en su etapa nov\u00edsima y con un tratamiento distinto: ahora los referentes cl\u00e1sicos se someten a un proceso de actualizaci\u00f3n par\u00f3dica que los acerca al mundo y al lector contempor\u00e1neos. Y as\u00ed, por ejemplo, los h\u00e9roes cl\u00e1sicos se comportan y se expresan como personajes actuales. Este proceso de desmitificaci\u00f3n modernizadora del mundo cl\u00e1sico conlleva, a su vez, una mitificaci\u00f3n del mundo cotidiano del poeta.  en definitiva, la cultura cl\u00e1sica ocupa un protagonismo primordial en la obra de luis alberto de cuenca. Su presencia permanente puede interpretarse como una reafirmaci\u00f3n de las ra\u00edces grecolatinas de su poes\u00eda, y, en un sentido m\u00e1s amplio, como una reafirmaci\u00f3n de las ra\u00edces cl\u00e1sicas de toda la cultura occidental.<\/p>\n<p>&nbsp;<\/p>\n<h3>Datos acad\u00e9micos de la tesis doctoral \u00ab<strong>El mundo cl\u00e1sico en la poes\u00edade luis alberto de cuenca<\/strong>\u00ab<\/h3>\n<ul>\n<li><strong>T\u00edtulo de la tesis:<\/strong>\u00a0 El mundo cl\u00e1sico en la poes\u00edade luis alberto de cuenca <\/li>\n<li><strong>Autor:<\/strong>\u00a0 Luis Miguel Su\u00e1rez Mart\u00ednez <\/li>\n<li><strong>Universidad:<\/strong>\u00a0 Le\u00f3n<\/li>\n<li><strong>Fecha de lectura de la tesis:<\/strong>\u00a0 23\/10\/2009<\/li>\n<\/ul>\n<p>&nbsp;<\/p>\n<h3>Direcci\u00f3n y tribunal<\/h3>\n<ul>\n<li><strong>Director de la tesis<\/strong>\n<ul>\n<li>Juan Matas Caballero<\/li>\n<\/ul>\n<\/li>\n<li><strong>Tribunal<\/strong>\n<ul>\n<li>Presidente del tribunal: Jos\u00e9 Mar\u00eda Balcells dom\u00e9nech <\/li>\n<li>dolores Josa fern\u00e1ndez (vocal)<\/li>\n<li>Jes\u00fas Ponce c\u00e1rdenas (vocal)<\/li>\n<li>german Vega garcia luengos (vocal)<\/li>\n<\/ul>\n<\/li>\n<\/ul>\n<p>&nbsp;<\/p>\n","protected":false},"excerpt":{"rendered":"<p>Tesis doctoral de Luis Miguel Su\u00e1rez Mart\u00ednez Integrante de la llamada generaci\u00f3n de 1968 o de los nov\u00edsimos, luis alberto [&hellip;]<\/p>\n","protected":false},"author":1,"featured_media":0,"comment_status":"open","ping_status":"open","sticky":false,"template":"","format":"standard","meta":{"site-sidebar-layout":"default","site-content-layout":"","ast-site-content-layout":"","site-content-style":"default","site-sidebar-style":"default","ast-global-header-display":"","ast-banner-title-visibility":"","ast-main-header-display":"","ast-hfb-above-header-display":"","ast-hfb-below-header-display":"","ast-hfb-mobile-header-display":"","site-post-title":"","ast-breadcrumbs-content":"","ast-featured-img":"","footer-sml-layout":"","theme-transparent-header-meta":"","adv-header-id-meta":"","stick-header-meta":"","header-above-stick-meta":"","header-main-stick-meta":"","header-below-stick-meta":"","astra-migrate-meta-layouts":"default","ast-page-background-enabled":"default","ast-page-background-meta":{"desktop":{"background-color":"var(--ast-global-color-4)","background-image":"","background-repeat":"repeat","background-position":"center center","background-size":"auto","background-attachment":"scroll","background-type":"","background-media":"","overlay-type":"","overlay-color":"","overlay-gradient":""},"tablet":{"background-color":"","background-image":"","background-repeat":"repeat","background-position":"center center","background-size":"auto","background-attachment":"scroll","background-type":"","background-media":"","overlay-type":"","overlay-color":"","overlay-gradient":""},"mobile":{"background-color":"","background-image":"","background-repeat":"repeat","background-position":"center center","background-size":"auto","background-attachment":"scroll","background-type":"","background-media":"","overlay-type":"","overlay-color":"","overlay-gradient":""}},"ast-content-background-meta":{"desktop":{"background-color":"var(--ast-global-color-5)","background-image":"","background-repeat":"repeat","background-position":"center center","background-size":"auto","background-attachment":"scroll","background-type":"","background-media":"","overlay-type":"","overlay-color":"","overlay-gradient":""},"tablet":{"background-color":"var(--ast-global-color-5)","background-image":"","background-repeat":"repeat","background-position":"center center","background-size":"auto","background-attachment":"scroll","background-type":"","background-media":"","overlay-type":"","overlay-color":"","overlay-gradient":""},"mobile":{"background-color":"var(--ast-global-color-5)","background-image":"","background-repeat":"repeat","background-position":"center center","background-size":"auto","background-attachment":"scroll","background-type":"","background-media":"","overlay-type":"","overlay-color":"","overlay-gradient":""}},"footnotes":""},"categories":[713,4430],"tags":[101063,8785,54846,53398,38048,198534],"class_list":["post-96755","post","type-post","status-publish","format-standard","hentry","category-historia-de-la-literatura","category-leon","tag-dolores-josa-fernandez","tag-german-vega-garcia-luengos","tag-jesus-ponce-cardenas","tag-jose-maria-balcells-domenech","tag-juan-matas-caballero","tag-luis-miguel-suarez-Martinez"],"_links":{"self":[{"href":"https:\/\/www.deberes.net\/tesis\/wp-json\/wp\/v2\/posts\/96755","targetHints":{"allow":["GET"]}}],"collection":[{"href":"https:\/\/www.deberes.net\/tesis\/wp-json\/wp\/v2\/posts"}],"about":[{"href":"https:\/\/www.deberes.net\/tesis\/wp-json\/wp\/v2\/types\/post"}],"author":[{"embeddable":true,"href":"https:\/\/www.deberes.net\/tesis\/wp-json\/wp\/v2\/users\/1"}],"replies":[{"embeddable":true,"href":"https:\/\/www.deberes.net\/tesis\/wp-json\/wp\/v2\/comments?post=96755"}],"version-history":[{"count":0,"href":"https:\/\/www.deberes.net\/tesis\/wp-json\/wp\/v2\/posts\/96755\/revisions"}],"wp:attachment":[{"href":"https:\/\/www.deberes.net\/tesis\/wp-json\/wp\/v2\/media?parent=96755"}],"wp:term":[{"taxonomy":"category","embeddable":true,"href":"https:\/\/www.deberes.net\/tesis\/wp-json\/wp\/v2\/categories?post=96755"},{"taxonomy":"post_tag","embeddable":true,"href":"https:\/\/www.deberes.net\/tesis\/wp-json\/wp\/v2\/tags?post=96755"}],"curies":[{"name":"wp","href":"https:\/\/api.w.org\/{rel}","templated":true}]}}