{"id":96756,"date":"2018-03-11T10:17:03","date_gmt":"2018-03-11T10:17:03","guid":{"rendered":"https:\/\/www.deberes.net\/tesis\/sin-categoria\/impacto-del-cancer-pediatrico-y-su-terapeutica-calidad-de-vida-y-secuelas-neuropsicologicas-a-corto-y-largo-plazo\/"},"modified":"2018-03-11T10:17:03","modified_gmt":"2018-03-11T10:17:03","slug":"impacto-del-cancer-pediatrico-y-su-terapeutica-calidad-de-vida-y-secuelas-neuropsicologicas-a-corto-y-largo-plazo","status":"publish","type":"post","link":"https:\/\/www.deberes.net\/tesis\/oncologia\/impacto-del-cancer-pediatrico-y-su-terapeutica-calidad-de-vida-y-secuelas-neuropsicologicas-a-corto-y-largo-plazo\/","title":{"rendered":"Impacto del c\u00e1ncer pedi\u00e1trico y su terap\u00e9utica: calidad de vida y secuelas neuropsicol\u00f3gicas a corto y largo plazo"},"content":{"rendered":"<h2>Tesis doctoral de <strong> Jordi Bernabeu Verd\u00fa <\/strong><\/h2>\n<p>Introducci\u00f3n el aumento de supervivientes en oncolog\u00eda pedi\u00e1trica ha puesto en evidencia las secuelas neurocognitivas a largo plazo por la enfermedad y tratamientos recibidos. Tanto la radio como la quimioterapia producen alteraciones en el normal desarrollo del snc. Estudios recientes muestran alteraciones focales diferenciales en sustancia blanca y gris por quimio y radioterapia  en funci\u00f3n del estad\u00edo de maduraci\u00f3n del snc el objetivo principal del trabajo ha sido profundizar en el conocimiento de las alteraciones neuropsicol\u00f3gicas en pacientes oncol\u00f3gicos pedi\u00e1tricos que, por enfermedad o tratamiento, pueden afectar al snc.   m\u00e9todo 118 ni\u00f1os evaluados: 65% tumor snc, 35% leucemia. 44% tratados con radioterapia (rt) (11% leucemia, 33% tumor snc). Media edad: 7, rango 0-19 a\u00f1os. Variables cl\u00ednicas: patolog\u00eda, rt, edad en el diagn\u00f3stico, tiempo transcurrido desde diagn\u00f3stico y sexo. las valoraciones se realizaron con un extenso protocolo de valoraci\u00f3n neuropsicol\u00f3gica que incluye bater\u00edas generales (wisc-iv, k-abc) y mediadas espec\u00edficas con un total de 54 procesos cognitivos. Se valoraron adem\u00e1s variables psicopatol\u00f3gicas (achenbach) y atenci\u00f3n (conners cpt-ii).  variables neuropsicol\u00f3gicas: cognitivas, psicopatol\u00f3gicas y cpt-ii de conners. variables cl\u00ednicas: patolog\u00eda, radioterapia, edad en el diagn\u00f3stico, tiempo transcurrido y sexo. los an\u00e1lisis estad\u00edsticos se han realizado desde nivel univariado, para cada dimensi\u00f3n, hasta  perfil multivariado en los distintos grupos (an\u00e1lisis discriminante y regresi\u00f3n log\u00edstica). Se realiz\u00f3 adem\u00e1s an\u00e1lisis de componentes principales categ\u00f3ricos para conocer relaciones de las dimensiones del perfil y la influencia de variables moderadoras clave (grupo, edad y variables cl\u00ednicas). Paquete estad\u00edstico empleado: spss 17.0  resultados cognitivos: los pacientes con tumores snc presentan mayores d\u00e9ficit que el resto de grupos, m\u00e1s acusados en motricidad, percepci\u00f3n, habilidades no verbales, memoria y aprendizaje no verbal\/espacial y funciones ejecutivas. Los d\u00e9ficit est\u00e1n relacionados con tiempo transcurrido y edad temprana en el diagn\u00f3stico, m\u00e1s acusados en pacientes irradiados.  los pacientes con leucemia presentan d\u00e9ficit focal en lenguaje receptivo, memoria operativa y atenci\u00f3n. Estos d\u00e9ficit est\u00e1n relacionados con edad temprana en el diagn\u00f3stico y sexo mujer, y son m\u00e1s acusados en las irradiadas  cpt-ii: los dos grupos irradiados presentan dificultades en el mantenimiento de la atenci\u00f3n durante per\u00edodos largos.  psicopatolog\u00eda: todos los grupos presentan: mayores indicadores de tipo internalizado, menor psicopatolog\u00eda por menor conciencia de d\u00e9ficit. Los dos grupos de tumores snc tiene mayores dificultades en adaptaci\u00f3n y competencia. Los cuatro grupos presentan indicadores de tdah, destacando el subtipo inatento.  conclusiones\/discusi\u00f3n a pesar de disponer de una muestra elevada, para los est\u00e1ndares utilizados habitualmente en este campo, el estudio ha presentado limitaciones en los an\u00e1lisis multivariados por falta de alguna medida por edad y no poder realizar estudios complejos por grupos.  existen otras variables moduladoras como: factores individuales, gen\u00e9ticos, etc. Que pueden hacer que la expresi\u00f3n de la vulnerabilidad sea distinta. El estudio de las secuelas neuropsicol\u00f3gicas a largo plazo debe contemplarse como un estudio complejo, multifactorial donde las diferencias individuales contribuyen a generar variabilidad que dificulta la comprensi\u00f3n del problema.   el grupo de leucemias sin rt es el grupo con menores d\u00e9ficit pero muestran tendencia a ligeras dificultades focalizadas en aspectos ling\u00ed\u00bc\u00edsticos, mn\u00e9sicos y atencionales que pueden condicionar sus resultados acad\u00e9micos y su posterior integraci\u00f3n social y laboral. Se refieren dificultades de aprendizaje en estos ni\u00f1os, atribuidas habitualmente a sobreprotecci\u00f3n paterna o del absentismo escolar por la enfermedad, que pueden dificultar progresivamente el rendimiento, y posteriormente su integraci\u00f3n. Los estudios de imagen y neuropsicol\u00f3gicos muestran el origen de estos d\u00e9ficit, y nos permiten evitar falsas atribuciones. Un hallazgo relevante del estudio es que la mayor edad en el diagn\u00f3stico no es un protector de d\u00e9ficit en las leucemias, como ocurre en los tsnc y en da\u00f1o cerebral infantil en general.<\/p>\n<p>&nbsp;<\/p>\n<h3>Datos acad\u00e9micos de la tesis doctoral \u00ab<strong>Impacto del c\u00e1ncer pedi\u00e1trico y su terap\u00e9utica: calidad de vida y secuelas neuropsicol\u00f3gicas a corto y largo plazo<\/strong>\u00ab<\/h3>\n<ul>\n<li><strong>T\u00edtulo de la tesis:<\/strong>\u00a0 Impacto del c\u00e1ncer pedi\u00e1trico y su terap\u00e9utica: calidad de vida y secuelas neuropsicol\u00f3gicas a corto y largo plazo <\/li>\n<li><strong>Autor:<\/strong>\u00a0 Jordi Bernabeu Verd\u00fa <\/li>\n<li><strong>Universidad:<\/strong>\u00a0 Universitat de val\u00e9ncia (estudi general)<\/li>\n<li><strong>Fecha de lectura de la tesis:<\/strong>\u00a0 23\/10\/2009<\/li>\n<\/ul>\n<p>&nbsp;<\/p>\n<h3>Direcci\u00f3n y tribunal<\/h3>\n<ul>\n<li><strong>Director de la tesis<\/strong>\n<ul>\n<li>Jes\u00fas Suarez Rodriguez<\/li>\n<\/ul>\n<\/li>\n<li><strong>Tribunal<\/strong>\n<ul>\n<li>Presidente del tribunal: Francisco javier Tejedor tejedor <\/li>\n<li>victoria Castel sanchez (vocal)<\/li>\n<li>M\u00aa de la concepci\u00f3n Fournier del castillo (vocal)<\/li>\n<li>pilar Barreto mart\u00edn (vocal)<\/li>\n<\/ul>\n<\/li>\n<\/ul>\n<p>&nbsp;<\/p>\n","protected":false},"excerpt":{"rendered":"<p>Tesis doctoral de Jordi Bernabeu Verd\u00fa Introducci\u00f3n el aumento de supervivientes en oncolog\u00eda pedi\u00e1trica ha puesto en evidencia las secuelas [&hellip;]<\/p>\n","protected":false},"author":1,"featured_media":0,"comment_status":"open","ping_status":"open","sticky":false,"template":"","format":"standard","meta":{"site-sidebar-layout":"default","site-content-layout":"","ast-site-content-layout":"","site-content-style":"default","site-sidebar-style":"default","ast-global-header-display":"","ast-banner-title-visibility":"","ast-main-header-display":"","ast-hfb-above-header-display":"","ast-hfb-below-header-display":"","ast-hfb-mobile-header-display":"","site-post-title":"","ast-breadcrumbs-content":"","ast-featured-img":"","footer-sml-layout":"","theme-transparent-header-meta":"","adv-header-id-meta":"","stick-header-meta":"","header-above-stick-meta":"","header-main-stick-meta":"","header-below-stick-meta":"","astra-migrate-meta-layouts":"default","ast-page-background-enabled":"default","ast-page-background-meta":{"desktop":{"background-color":"var(--ast-global-color-4)","background-image":"","background-repeat":"repeat","background-position":"center center","background-size":"auto","background-attachment":"scroll","background-type":"","background-media":"","overlay-type":"","overlay-color":"","overlay-gradient":""},"tablet":{"background-color":"","background-image":"","background-repeat":"repeat","background-position":"center center","background-size":"auto","background-attachment":"scroll","background-type":"","background-media":"","overlay-type":"","overlay-color":"","overlay-gradient":""},"mobile":{"background-color":"","background-image":"","background-repeat":"repeat","background-position":"center center","background-size":"auto","background-attachment":"scroll","background-type":"","background-media":"","overlay-type":"","overlay-color":"","overlay-gradient":""}},"ast-content-background-meta":{"desktop":{"background-color":"var(--ast-global-color-5)","background-image":"","background-repeat":"repeat","background-position":"center center","background-size":"auto","background-attachment":"scroll","background-type":"","background-media":"","overlay-type":"","overlay-color":"","overlay-gradient":""},"tablet":{"background-color":"var(--ast-global-color-5)","background-image":"","background-repeat":"repeat","background-position":"center center","background-size":"auto","background-attachment":"scroll","background-type":"","background-media":"","overlay-type":"","overlay-color":"","overlay-gradient":""},"mobile":{"background-color":"var(--ast-global-color-5)","background-image":"","background-repeat":"repeat","background-position":"center center","background-size":"auto","background-attachment":"scroll","background-type":"","background-media":"","overlay-type":"","overlay-color":"","overlay-gradient":""}},"footnotes":""},"categories":[19815,1175,4275,1027],"tags":[9828,44186,198535,198536,11444,57911],"class_list":["post-96756","post","type-post","status-publish","format-standard","hentry","category-calidad-de-vida","category-evaluacion-y-diagnostico-en-psicologia","category-neurociencias","category-oncologia","tag-francisco-javier-tejedor-tejedor","tag-jesus-suarez-rodriguez","tag-jordi-bernabeu-verdu","tag-ma-de-la-concepcion-fournier-del-castillo","tag-pilar-barreto-martin","tag-victoria-castel-sanchez"],"_links":{"self":[{"href":"https:\/\/www.deberes.net\/tesis\/wp-json\/wp\/v2\/posts\/96756","targetHints":{"allow":["GET"]}}],"collection":[{"href":"https:\/\/www.deberes.net\/tesis\/wp-json\/wp\/v2\/posts"}],"about":[{"href":"https:\/\/www.deberes.net\/tesis\/wp-json\/wp\/v2\/types\/post"}],"author":[{"embeddable":true,"href":"https:\/\/www.deberes.net\/tesis\/wp-json\/wp\/v2\/users\/1"}],"replies":[{"embeddable":true,"href":"https:\/\/www.deberes.net\/tesis\/wp-json\/wp\/v2\/comments?post=96756"}],"version-history":[{"count":0,"href":"https:\/\/www.deberes.net\/tesis\/wp-json\/wp\/v2\/posts\/96756\/revisions"}],"wp:attachment":[{"href":"https:\/\/www.deberes.net\/tesis\/wp-json\/wp\/v2\/media?parent=96756"}],"wp:term":[{"taxonomy":"category","embeddable":true,"href":"https:\/\/www.deberes.net\/tesis\/wp-json\/wp\/v2\/categories?post=96756"},{"taxonomy":"post_tag","embeddable":true,"href":"https:\/\/www.deberes.net\/tesis\/wp-json\/wp\/v2\/tags?post=96756"}],"curies":[{"name":"wp","href":"https:\/\/api.w.org\/{rel}","templated":true}]}}