{"id":96814,"date":"2018-03-11T10:17:08","date_gmt":"2018-03-11T10:17:08","guid":{"rendered":"https:\/\/www.deberes.net\/tesis\/sin-categoria\/manejo-del-recurso-hidrico-de-centroameerica\/"},"modified":"2018-03-11T10:17:08","modified_gmt":"2018-03-11T10:17:08","slug":"manejo-del-recurso-hidrico-de-centroameerica","status":"publish","type":"post","link":"https:\/\/www.deberes.net\/tesis\/alicante\/manejo-del-recurso-hidrico-de-centroameerica\/","title":{"rendered":"Manejo del recurso hidrico de centroame\u00e9rica"},"content":{"rendered":"<h2>Tesis doctoral de <strong> Ileana Calvo Fonseca <\/strong><\/h2>\n<p>Manejo del recurso hidrico de cada uno de los pa\u00edses que componen centroam\u00e9rica, guatemala, honduras, el salvador, nicaragua, costa rica y panam\u00e1, se realiza un an\u00e1lisis descriptivo de cada uno de los pa\u00edses citados con relaci\u00f3n al trato que cada uno realiza del agua en general, su legislaci\u00f3n, la parte t\u00e9cnica de ubicaci\u00f3n de la poblaci\u00f3n y la ubicaci\u00f3n del regimen hidrico natural, analisis de la gobernabilidad del agua en cada pa\u00eds, analisis del desarrollo sostenible del agua que realiza cada pa\u00eds, analisis de la gesti\u00f3n integrada del agua que realiza cada pa\u00eds, analisis de los concenios a nivel internacional y regional que ha suscrito cada pais, as\u00ed como analisis de los documentos suscritos en materia de agua, an\u00e1lisis de las cuencas transfronterizas y su manejo as\u00ed como los instrumentos jur\u00eddicos transcritos, y el manejo que se realiza en materia de cambio clim\u00e1tico.<\/p>\n<p>&nbsp;<\/p>\n<h3>Datos acad\u00e9micos de la tesis doctoral \u00ab<strong>Manejo del recurso hidrico de centroame\u00e9rica<\/strong>\u00ab<\/h3>\n<ul>\n<li><strong>T\u00edtulo de la tesis:<\/strong>\u00a0 Manejo del recurso hidrico de centroame\u00e9rica <\/li>\n<li><strong>Autor:<\/strong>\u00a0 Ileana Calvo Fonseca <\/li>\n<li><strong>Universidad:<\/strong>\u00a0 Alicante<\/li>\n<li><strong>Fecha de lectura de la tesis:<\/strong>\u00a0 27\/10\/2009<\/li>\n<\/ul>\n<p>&nbsp;<\/p>\n<h3>Direcci\u00f3n y tribunal<\/h3>\n<ul>\n<li><strong>Director de la tesis<\/strong>\n<ul>\n<li>Gabriel Real  Ferrer<\/li>\n<\/ul>\n<\/li>\n<li><strong>Tribunal<\/strong>\n<ul>\n<li>Presidente del tribunal: mart\u00edn Mar\u00eda Razquin lizarraga <\/li>\n<li>Jos\u00e9 Juan Gonzalez marquez (vocal)<\/li>\n<li>Mar\u00eda  tania Garcia lopez (vocal)<\/li>\n<li>Juan  Jos\u00e9 D\u00edez s\u00e1nchez (vocal)<\/li>\n<\/ul>\n<\/li>\n<\/ul>\n<p>&nbsp;<\/p>\n","protected":false},"excerpt":{"rendered":"<p>Tesis doctoral de Ileana Calvo Fonseca Manejo del recurso hidrico de cada uno de los pa\u00edses que componen centroam\u00e9rica, guatemala, [&hellip;]<\/p>\n","protected":false},"author":1,"featured_media":0,"comment_status":"open","ping_status":"open","sticky":false,"template":"","format":"standard","meta":{"site-sidebar-layout":"default","site-content-layout":"","ast-site-content-layout":"","site-content-style":"default","site-sidebar-style":"default","ast-global-header-display":"","ast-banner-title-visibility":"","ast-main-header-display":"","ast-hfb-above-header-display":"","ast-hfb-below-header-display":"","ast-hfb-mobile-header-display":"","site-post-title":"","ast-breadcrumbs-content":"","ast-featured-img":"","footer-sml-layout":"","theme-transparent-header-meta":"","adv-header-id-meta":"","stick-header-meta":"","header-above-stick-meta":"","header-main-stick-meta":"","header-below-stick-meta":"","astra-migrate-meta-layouts":"default","ast-page-background-enabled":"default","ast-page-background-meta":{"desktop":{"background-color":"var(--ast-global-color-4)","background-image":"","background-repeat":"repeat","background-position":"center center","background-size":"auto","background-attachment":"scroll","background-type":"","background-media":"","overlay-type":"","overlay-color":"","overlay-gradient":""},"tablet":{"background-color":"","background-image":"","background-repeat":"repeat","background-position":"center center","background-size":"auto","background-attachment":"scroll","background-type":"","background-media":"","overlay-type":"","overlay-color":"","overlay-gradient":""},"mobile":{"background-color":"","background-image":"","background-repeat":"repeat","background-position":"center center","background-size":"auto","background-attachment":"scroll","background-type":"","background-media":"","overlay-type":"","overlay-color":"","overlay-gradient":""}},"ast-content-background-meta":{"desktop":{"background-color":"var(--ast-global-color-5)","background-image":"","background-repeat":"repeat","background-position":"center center","background-size":"auto","background-attachment":"scroll","background-type":"","background-media":"","overlay-type":"","overlay-color":"","overlay-gradient":""},"tablet":{"background-color":"var(--ast-global-color-5)","background-image":"","background-repeat":"repeat","background-position":"center center","background-size":"auto","background-attachment":"scroll","background-type":"","background-media":"","overlay-type":"","overlay-color":"","overlay-gradient":""},"mobile":{"background-color":"var(--ast-global-color-5)","background-image":"","background-repeat":"repeat","background-position":"center center","background-size":"auto","background-attachment":"scroll","background-type":"","background-media":"","overlay-type":"","overlay-color":"","overlay-gradient":""}},"footnotes":""},"categories":[19166,37684],"tags":[19169,198638,43665,38629,198639,139650],"class_list":["post-96814","post","type-post","status-publish","format-standard","hentry","category-alicante","category-politica-del-medio-ambiente","tag-gabriel-real-ferrer","tag-ileana-calvo-fonseca","tag-jose-juan-gonzalez-marquez","tag-juan-jose-diez-sanchez","tag-maria-tania-garcia-lopez","tag-martin-maria-razquin-lizarraga"],"_links":{"self":[{"href":"https:\/\/www.deberes.net\/tesis\/wp-json\/wp\/v2\/posts\/96814","targetHints":{"allow":["GET"]}}],"collection":[{"href":"https:\/\/www.deberes.net\/tesis\/wp-json\/wp\/v2\/posts"}],"about":[{"href":"https:\/\/www.deberes.net\/tesis\/wp-json\/wp\/v2\/types\/post"}],"author":[{"embeddable":true,"href":"https:\/\/www.deberes.net\/tesis\/wp-json\/wp\/v2\/users\/1"}],"replies":[{"embeddable":true,"href":"https:\/\/www.deberes.net\/tesis\/wp-json\/wp\/v2\/comments?post=96814"}],"version-history":[{"count":0,"href":"https:\/\/www.deberes.net\/tesis\/wp-json\/wp\/v2\/posts\/96814\/revisions"}],"wp:attachment":[{"href":"https:\/\/www.deberes.net\/tesis\/wp-json\/wp\/v2\/media?parent=96814"}],"wp:term":[{"taxonomy":"category","embeddable":true,"href":"https:\/\/www.deberes.net\/tesis\/wp-json\/wp\/v2\/categories?post=96814"},{"taxonomy":"post_tag","embeddable":true,"href":"https:\/\/www.deberes.net\/tesis\/wp-json\/wp\/v2\/tags?post=96814"}],"curies":[{"name":"wp","href":"https:\/\/api.w.org\/{rel}","templated":true}]}}