{"id":96845,"date":"2018-03-11T10:17:12","date_gmt":"2018-03-11T10:17:12","guid":{"rendered":"https:\/\/www.deberes.net\/tesis\/sin-categoria\/a-biblioteca-escolar-en-portugal\/"},"modified":"2018-03-11T10:17:12","modified_gmt":"2018-03-11T10:17:12","slug":"a-biblioteca-escolar-en-portugal","status":"publish","type":"post","link":"https:\/\/www.deberes.net\/tesis\/metodos-educativos\/a-biblioteca-escolar-en-portugal\/","title":{"rendered":"A biblioteca escolar en portugal"},"content":{"rendered":"<h2>Tesis doctoral de <strong> Jos\u00e9 Antonio Videira  Saro <\/strong><\/h2>\n<p>El objetivo principal de este estudio es analizar el contexto actual de la biblioteca escolar portuguesa y proponer un modelo de biblioteca comprometida con los procesos de ense\u00f1anza-aprendizaje. Se ha llevado a cabo un estudio multidimensional sobre la misi\u00f3n, finalidad y condiciones de funcionamiento que debe tener la biblioteca escolar, as\u00ed como sobre las fragilidades y potencialidades que presenta, y los beneficios que se derivan del uso, calidad y rigor de sus servicios, seg\u00fan la opini\u00f3n de sus usuarios. La dimensi\u00f3n comunitaria de la biblioteca escolar es otra de las l\u00edneas de investigaci\u00f3n desarrolladas, analizando no s\u00f3lo el papel que este tipo de organizaci\u00f3n desempe\u00f1a en la escuela, sino tambi\u00e9n en la comunidad donde se inserta. el estudio de los diez a\u00f1os de existencia de las bibliotecas escolares en portugal pone de manifiesto la visi\u00f3n y tenacidad de todos sus agentes que, en constante cambio, han conseguido mejorar su funcionamiento y establecer nuevas sinergias. Esta es raz\u00f3n suficiente para defender la red de bibliotecas escolares portuguesa y considerarla como un modelo a seguir. se concluye destacando la necesidad de que la biblioteca escolar en portugal se integre completamente en el contexto escolar, no s\u00f3lo para apoyar los procesos tradicionales de alfabetizaci\u00f3n, sino principalmente para aprender a aprender.<\/p>\n<p>&nbsp;<\/p>\n<h3>Datos acad\u00e9micos de la tesis doctoral \u00ab<strong>A biblioteca escolar en portugal<\/strong>\u00ab<\/h3>\n<ul>\n<li><strong>T\u00edtulo de la tesis:<\/strong>\u00a0 A biblioteca escolar en portugal <\/li>\n<li><strong>Autor:<\/strong>\u00a0 Jos\u00e9 Antonio Videira  Saro <\/li>\n<li><strong>Universidad:<\/strong>\u00a0 Salamanca<\/li>\n<li><strong>Fecha de lectura de la tesis:<\/strong>\u00a0 28\/10\/2009<\/li>\n<\/ul>\n<p>&nbsp;<\/p>\n<h3>Direcci\u00f3n y tribunal<\/h3>\n<ul>\n<li><strong>Director de la tesis<\/strong>\n<ul>\n<li>Marta De La Mano Gonzalez<\/li>\n<\/ul>\n<\/li>\n<li><strong>Tribunal<\/strong>\n<ul>\n<li>Presidente del tribunal: gregorio del Ser quijano <\/li>\n<li>blanca Rodr\u00edguez bravo (vocal)<\/li>\n<li>Mar\u00eda del pilar Ortego de lorenzo-c\u00e1ceres (vocal)<\/li>\n<li>M\u00aa manuela Barreto nunes lopes esteves (vocal)<\/li>\n<\/ul>\n<\/li>\n<\/ul>\n<p>&nbsp;<\/p>\n","protected":false},"excerpt":{"rendered":"<p>Tesis doctoral de Jos\u00e9 Antonio Videira Saro El objetivo principal de este estudio es analizar el contexto actual de la [&hellip;]<\/p>\n","protected":false},"author":1,"featured_media":0,"comment_status":"open","ping_status":"open","sticky":false,"template":"","format":"standard","meta":{"site-sidebar-layout":"default","site-content-layout":"","ast-site-content-layout":"","site-content-style":"default","site-sidebar-style":"default","ast-global-header-display":"","ast-banner-title-visibility":"","ast-main-header-display":"","ast-hfb-above-header-display":"","ast-hfb-below-header-display":"","ast-hfb-mobile-header-display":"","site-post-title":"","ast-breadcrumbs-content":"","ast-featured-img":"","footer-sml-layout":"","theme-transparent-header-meta":"","adv-header-id-meta":"","stick-header-meta":"","header-above-stick-meta":"","header-main-stick-meta":"","header-below-stick-meta":"","astra-migrate-meta-layouts":"default","ast-page-background-enabled":"default","ast-page-background-meta":{"desktop":{"background-color":"var(--ast-global-color-4)","background-image":"","background-repeat":"repeat","background-position":"center center","background-size":"auto","background-attachment":"scroll","background-type":"","background-media":"","overlay-type":"","overlay-color":"","overlay-gradient":""},"tablet":{"background-color":"","background-image":"","background-repeat":"repeat","background-position":"center center","background-size":"auto","background-attachment":"scroll","background-type":"","background-media":"","overlay-type":"","overlay-color":"","overlay-gradient":""},"mobile":{"background-color":"","background-image":"","background-repeat":"repeat","background-position":"center center","background-size":"auto","background-attachment":"scroll","background-type":"","background-media":"","overlay-type":"","overlay-color":"","overlay-gradient":""}},"ast-content-background-meta":{"desktop":{"background-color":"var(--ast-global-color-5)","background-image":"","background-repeat":"repeat","background-position":"center center","background-size":"auto","background-attachment":"scroll","background-type":"","background-media":"","overlay-type":"","overlay-color":"","overlay-gradient":""},"tablet":{"background-color":"var(--ast-global-color-5)","background-image":"","background-repeat":"repeat","background-position":"center center","background-size":"auto","background-attachment":"scroll","background-type":"","background-media":"","overlay-type":"","overlay-color":"","overlay-gradient":""},"mobile":{"background-color":"var(--ast-global-color-5)","background-image":"","background-repeat":"repeat","background-position":"center center","background-size":"auto","background-attachment":"scroll","background-type":"","background-media":"","overlay-type":"","overlay-color":"","overlay-gradient":""}},"footnotes":""},"categories":[5526,5173,9386],"tags":[46641,137086,198686,79126,42840,198687],"class_list":["post-96845","post","type-post","status-publish","format-standard","hentry","category-documentacion","category-metodos-educativos","category-salamanca","tag-blanca-rodriguez-bravo","tag-gregorio-del-ser-quijano","tag-jose-antonio-videira-saro","tag-maria-del-pilar-ortego-de-lorenzo-caceres","tag-marta-de-la-mano-gonzalez","tag-ma-manuela-barreto-nunes-lopes-esteves"],"_links":{"self":[{"href":"https:\/\/www.deberes.net\/tesis\/wp-json\/wp\/v2\/posts\/96845","targetHints":{"allow":["GET"]}}],"collection":[{"href":"https:\/\/www.deberes.net\/tesis\/wp-json\/wp\/v2\/posts"}],"about":[{"href":"https:\/\/www.deberes.net\/tesis\/wp-json\/wp\/v2\/types\/post"}],"author":[{"embeddable":true,"href":"https:\/\/www.deberes.net\/tesis\/wp-json\/wp\/v2\/users\/1"}],"replies":[{"embeddable":true,"href":"https:\/\/www.deberes.net\/tesis\/wp-json\/wp\/v2\/comments?post=96845"}],"version-history":[{"count":0,"href":"https:\/\/www.deberes.net\/tesis\/wp-json\/wp\/v2\/posts\/96845\/revisions"}],"wp:attachment":[{"href":"https:\/\/www.deberes.net\/tesis\/wp-json\/wp\/v2\/media?parent=96845"}],"wp:term":[{"taxonomy":"category","embeddable":true,"href":"https:\/\/www.deberes.net\/tesis\/wp-json\/wp\/v2\/categories?post=96845"},{"taxonomy":"post_tag","embeddable":true,"href":"https:\/\/www.deberes.net\/tesis\/wp-json\/wp\/v2\/tags?post=96845"}],"curies":[{"name":"wp","href":"https:\/\/api.w.org\/{rel}","templated":true}]}}