{"id":96861,"date":"2018-03-11T10:17:12","date_gmt":"2018-03-11T10:17:12","guid":{"rendered":"https:\/\/www.deberes.net\/tesis\/sin-categoria\/ramon-maria-narvaez-y-de-campos-1799-1868\/"},"modified":"2018-03-11T10:17:12","modified_gmt":"2018-03-11T10:17:12","slug":"ramon-maria-narvaez-y-de-campos-1799-1868","status":"publish","type":"post","link":"https:\/\/www.deberes.net\/tesis\/grupos-politicos\/ramon-maria-narvaez-y-de-campos-1799-1868\/","title":{"rendered":"Ram\u00f3n mar\u00eda narv\u00e1ez y de campos ( 1799-1868)"},"content":{"rendered":"<h2>Tesis doctoral de <strong> Manuel Salcedo Olid <\/strong><\/h2>\n<p>La tesis se centra en la construcci\u00f3n de la biograf\u00eda del general narv\u00e1ez desde una perspectiva contempor\u00e1nea. Se ha logrado estudiar los fondos del archivo privado del general en la real academia de la historia, as\u00ed como otros privados y p\u00fablicos, que, junto a un intenso vaciado hemerogr\u00e1fico, constituyen las bases documentales de la tesis. Se desmontan t\u00f3picos, cl\u00e1sicos del siglo xix, sobre la figura del militar y jefe del partido moderado durante el reinado de isabel ii, situando las cr\u00edticas a su figura y leyendas como parte del proceso de ataque pol\u00edtico de sus contrarios en la escena parlamentaria y fuera de la misma. Se analiza su papel en los principales hechos pol\u00edticos del reinado isabelino y su participaci\u00f3n en la primera guerra carlista, cuando se labra sus laureles como militar pero tambi\u00e9n se forja su paso al escenario pol\u00edtico. La tesis analiza minuciosamente la correspondencia del general con principales personajes de su tiempo, especialmente con miembros del partido moderado y se perfila mucho mejor su participaci\u00f3n en la creaci\u00f3n de la constituci\u00f3n de 1845 y otros hitos del llamado r\u00e9gimen moderado en las d\u00e9cadas centrales del siglo xix.<\/p>\n<p>&nbsp;<\/p>\n<h3>Datos acad\u00e9micos de la tesis doctoral \u00ab<strong>Ram\u00f3n mar\u00eda narv\u00e1ez y de campos ( 1799-1868)<\/strong>\u00ab<\/h3>\n<ul>\n<li><strong>T\u00edtulo de la tesis:<\/strong>\u00a0 Ram\u00f3n mar\u00eda narv\u00e1ez y de campos ( 1799-1868) <\/li>\n<li><strong>Autor:<\/strong>\u00a0 Manuel Salcedo Olid <\/li>\n<li><strong>Universidad:<\/strong>\u00a0 Alcal\u00e1<\/li>\n<li><strong>Fecha de lectura de la tesis:<\/strong>\u00a0 29\/10\/2009<\/li>\n<\/ul>\n<p>&nbsp;<\/p>\n<h3>Direcci\u00f3n y tribunal<\/h3>\n<ul>\n<li><strong>Director de la tesis<\/strong>\n<ul>\n<li>Francisco Javier Paredes Alonso<\/li>\n<\/ul>\n<\/li>\n<li><strong>Tribunal<\/strong>\n<ul>\n<li>Presidente del tribunal: Jos\u00e9 Luis Comellas Garc\u00eda-llera <\/li>\n<li>Juan  cristobal Gay armenteros (vocal)<\/li>\n<li>alejandro D\u00edez torre (vocal)<\/li>\n<li>germ\u00e1n Rueda hernanz (vocal)<\/li>\n<\/ul>\n<\/li>\n<\/ul>\n<p>&nbsp;<\/p>\n","protected":false},"excerpt":{"rendered":"<p>Tesis doctoral de Manuel Salcedo Olid La tesis se centra en la construcci\u00f3n de la biograf\u00eda del general narv\u00e1ez desde [&hellip;]<\/p>\n","protected":false},"author":1,"featured_media":0,"comment_status":"open","ping_status":"open","sticky":false,"template":"","format":"standard","meta":{"site-sidebar-layout":"default","site-content-layout":"","ast-site-content-layout":"","site-content-style":"default","site-sidebar-style":"default","ast-global-header-display":"","ast-banner-title-visibility":"","ast-main-header-display":"","ast-hfb-above-header-display":"","ast-hfb-below-header-display":"","ast-hfb-mobile-header-display":"","site-post-title":"","ast-breadcrumbs-content":"","ast-featured-img":"","footer-sml-layout":"","theme-transparent-header-meta":"","adv-header-id-meta":"","stick-header-meta":"","header-above-stick-meta":"","header-main-stick-meta":"","header-below-stick-meta":"","astra-migrate-meta-layouts":"default","ast-page-background-enabled":"default","ast-page-background-meta":{"desktop":{"background-color":"var(--ast-global-color-4)","background-image":"","background-repeat":"repeat","background-position":"center center","background-size":"auto","background-attachment":"scroll","background-type":"","background-media":"","overlay-type":"","overlay-color":"","overlay-gradient":""},"tablet":{"background-color":"","background-image":"","background-repeat":"repeat","background-position":"center center","background-size":"auto","background-attachment":"scroll","background-type":"","background-media":"","overlay-type":"","overlay-color":"","overlay-gradient":""},"mobile":{"background-color":"","background-image":"","background-repeat":"repeat","background-position":"center center","background-size":"auto","background-attachment":"scroll","background-type":"","background-media":"","overlay-type":"","overlay-color":"","overlay-gradient":""}},"ast-content-background-meta":{"desktop":{"background-color":"var(--ast-global-color-5)","background-image":"","background-repeat":"repeat","background-position":"center center","background-size":"auto","background-attachment":"scroll","background-type":"","background-media":"","overlay-type":"","overlay-color":"","overlay-gradient":""},"tablet":{"background-color":"var(--ast-global-color-5)","background-image":"","background-repeat":"repeat","background-position":"center center","background-size":"auto","background-attachment":"scroll","background-type":"","background-media":"","overlay-type":"","overlay-color":"","overlay-gradient":""},"mobile":{"background-color":"var(--ast-global-color-5)","background-image":"","background-repeat":"repeat","background-position":"center center","background-size":"auto","background-attachment":"scroll","background-type":"","background-media":"","overlay-type":"","overlay-color":"","overlay-gradient":""}},"footnotes":""},"categories":[17426,954,906,1816],"tags":[31453,22020,26301,11264,3544,198709],"class_list":["post-96861","post","type-post","status-publish","format-standard","hentry","category-alcala","category-biografias","category-grupos-politicos","category-historia-contemporanea","tag-alejandro-diez-torre","tag-francisco-javier-paredes-alonso","tag-german-rueda-hernanz","tag-jose-luis-comellas-garcia-llera","tag-juan-cristobal-gay-armenteros","tag-manuel-salcedo-olid"],"_links":{"self":[{"href":"https:\/\/www.deberes.net\/tesis\/wp-json\/wp\/v2\/posts\/96861","targetHints":{"allow":["GET"]}}],"collection":[{"href":"https:\/\/www.deberes.net\/tesis\/wp-json\/wp\/v2\/posts"}],"about":[{"href":"https:\/\/www.deberes.net\/tesis\/wp-json\/wp\/v2\/types\/post"}],"author":[{"embeddable":true,"href":"https:\/\/www.deberes.net\/tesis\/wp-json\/wp\/v2\/users\/1"}],"replies":[{"embeddable":true,"href":"https:\/\/www.deberes.net\/tesis\/wp-json\/wp\/v2\/comments?post=96861"}],"version-history":[{"count":0,"href":"https:\/\/www.deberes.net\/tesis\/wp-json\/wp\/v2\/posts\/96861\/revisions"}],"wp:attachment":[{"href":"https:\/\/www.deberes.net\/tesis\/wp-json\/wp\/v2\/media?parent=96861"}],"wp:term":[{"taxonomy":"category","embeddable":true,"href":"https:\/\/www.deberes.net\/tesis\/wp-json\/wp\/v2\/categories?post=96861"},{"taxonomy":"post_tag","embeddable":true,"href":"https:\/\/www.deberes.net\/tesis\/wp-json\/wp\/v2\/tags?post=96861"}],"curies":[{"name":"wp","href":"https:\/\/api.w.org\/{rel}","templated":true}]}}