{"id":96884,"date":"2018-03-11T10:17:16","date_gmt":"2018-03-11T10:17:16","guid":{"rendered":"https:\/\/www.deberes.net\/tesis\/sin-categoria\/validacion-de-metodos-antropometricos-alternativos-como-marcadores-de-riesgo-cardiovascular\/"},"modified":"2018-03-11T10:17:16","modified_gmt":"2018-03-11T10:17:16","slug":"validacion-de-metodos-antropometricos-alternativos-como-marcadores-de-riesgo-cardiovascular","status":"publish","type":"post","link":"https:\/\/www.deberes.net\/tesis\/medicina-interna\/validacion-de-metodos-antropometricos-alternativos-como-marcadores-de-riesgo-cardiovascular\/","title":{"rendered":"Validaci\u00f3n de m\u00e9todos antropom\u00e9tricos alternativos como marcadores de riesgo cardiovascular"},"content":{"rendered":"<h2>Tesis doctoral de <strong> Juan  Manuel Urbano G\u00e1lvez <\/strong><\/h2>\n<p>La influencia de la obesidad sobre la salud y la esperanza de vida es indiscutible. Actualmente, se supone que la mayor\u00eda de las enfermedades metab\u00f3licas asociadas a la obesidad, est\u00e1n m\u00e1s relacionados con la obesidad central o abdominal que con la obesidad perif\u00e9rica. \u00edndices antropom\u00e9tricos cl\u00e1sicos como el \u00edndice de masa corporal (imc) o el \u00edndice cintura-cadera (icc) sirven para cuantificar ac\u00famulo de grasa pero no discrimina el tipo de patr\u00f3n de distribuci\u00f3n de \u00e9sta. La circunferencia de la cintura (cc) se ha demostrado que es la medida antropom\u00e9trica que se correlaciona mejor con la cantidad de grasa abdominal. Sin embargo la altura del individuo tambi\u00e9n es importante en algunos aspectos metab\u00f3licos, como pueda ser la insulino-resistencia, y creemos que se ha de tener en cuenta a la hora de establecer marcadores de riesgo cardiovascular. El objetivo de este estudio era evaluar la utilidad de otras medidas antropom\u00e9tricas alternativas, como el \u00edndice cintura-altura (ica) o el \u00edndice cintura-mu\u00f1eca (icm\u00f1), compar\u00e1ndolas con los \u00edndices tradicionales, y determinar su utilidad a la hora de discriminar riesgo cardiovasculares y metab\u00f3lico en los individuos. Se realiz\u00f3 un estudio descriptivo, transversal, de una poblaci\u00f3n activa en un \u00e1rea rural del noreste portugu\u00e9s. La muestra incluy\u00f3 a 883 individuos. Se recogieron datos demogr\u00e1ficos, medidas antropom\u00e9tricas (peso, talla, cc), se calcularon \u00edndices antropom\u00e9tricos (imc, icc, ica, icm\u00f1), presi\u00f3n arterial, as\u00ed como otros datos cl\u00ednicos y de laboratorio. El riesgo cardiovascular(rcv) se calcul\u00f3 mediante la ecuaci\u00f3n de framingham modificada. Las correlaciones entre el rcv y los diversos \u00edndices antropom\u00e9tricos fueron significativas para todos los \u00edndices. El \u00edndice que mostr\u00f3 la correlaci\u00f3n m\u00e1s alta para ambos sexos fue de ica. Nuestro estudio demuestra que ica, medida que correlaciona la grasa abdominal con la altura de los sujetos, tiene m\u00e1s valor estad\u00edstico a la hora de estimar rcv que los \u00edndices tradicionales que habitualmente se utilizan en la pr\u00e1ctica cl\u00ednica.<\/p>\n<p>&nbsp;<\/p>\n<h3>Datos acad\u00e9micos de la tesis doctoral \u00ab<strong>Validaci\u00f3n de m\u00e9todos antropom\u00e9tricos alternativos como marcadores de riesgo cardiovascular<\/strong>\u00ab<\/h3>\n<ul>\n<li><strong>T\u00edtulo de la tesis:<\/strong>\u00a0 Validaci\u00f3n de m\u00e9todos antropom\u00e9tricos alternativos como marcadores de riesgo cardiovascular <\/li>\n<li><strong>Autor:<\/strong>\u00a0 Juan  Manuel Urbano G\u00e1lvez <\/li>\n<li><strong>Universidad:<\/strong>\u00a0 Extremadura<\/li>\n<li><strong>Fecha de lectura de la tesis:<\/strong>\u00a0 30\/10\/2009<\/li>\n<\/ul>\n<p>&nbsp;<\/p>\n<h3>Direcci\u00f3n y tribunal<\/h3>\n<ul>\n<li><strong>Director de la tesis<\/strong>\n<ul>\n<li>Manuel Perez Miranda<\/li>\n<\/ul>\n<\/li>\n<li><strong>Tribunal<\/strong>\n<ul>\n<li>Presidente del tribunal: Mar\u00eda dolores Torres asensio <\/li>\n<li>pedro pablo Garcia luna (vocal)<\/li>\n<li>pedro Bureo dacal (vocal)<\/li>\n<li>carmina Wanden-berghe lozano (vocal)<\/li>\n<\/ul>\n<\/li>\n<\/ul>\n<p>&nbsp;<\/p>\n","protected":false},"excerpt":{"rendered":"<p>Tesis doctoral de Juan Manuel Urbano G\u00e1lvez La influencia de la obesidad sobre la salud y la esperanza de vida [&hellip;]<\/p>\n","protected":false},"author":1,"featured_media":0,"comment_status":"open","ping_status":"open","sticky":false,"template":"","format":"standard","meta":{"site-sidebar-layout":"default","site-content-layout":"","ast-site-content-layout":"","site-content-style":"default","site-sidebar-style":"default","ast-global-header-display":"","ast-banner-title-visibility":"","ast-main-header-display":"","ast-hfb-above-header-display":"","ast-hfb-below-header-display":"","ast-hfb-mobile-header-display":"","site-post-title":"","ast-breadcrumbs-content":"","ast-featured-img":"","footer-sml-layout":"","theme-transparent-header-meta":"","adv-header-id-meta":"","stick-header-meta":"","header-above-stick-meta":"","header-main-stick-meta":"","header-below-stick-meta":"","astra-migrate-meta-layouts":"default","ast-page-background-enabled":"default","ast-page-background-meta":{"desktop":{"background-color":"var(--ast-global-color-4)","background-image":"","background-repeat":"repeat","background-position":"center center","background-size":"auto","background-attachment":"scroll","background-type":"","background-media":"","overlay-type":"","overlay-color":"","overlay-gradient":""},"tablet":{"background-color":"","background-image":"","background-repeat":"repeat","background-position":"center center","background-size":"auto","background-attachment":"scroll","background-type":"","background-media":"","overlay-type":"","overlay-color":"","overlay-gradient":""},"mobile":{"background-color":"","background-image":"","background-repeat":"repeat","background-position":"center center","background-size":"auto","background-attachment":"scroll","background-type":"","background-media":"","overlay-type":"","overlay-color":"","overlay-gradient":""}},"ast-content-background-meta":{"desktop":{"background-color":"var(--ast-global-color-5)","background-image":"","background-repeat":"repeat","background-position":"center center","background-size":"auto","background-attachment":"scroll","background-type":"","background-media":"","overlay-type":"","overlay-color":"","overlay-gradient":""},"tablet":{"background-color":"var(--ast-global-color-5)","background-image":"","background-repeat":"repeat","background-position":"center center","background-size":"auto","background-attachment":"scroll","background-type":"","background-media":"","overlay-type":"","overlay-color":"","overlay-gradient":""},"mobile":{"background-color":"var(--ast-global-color-5)","background-image":"","background-repeat":"repeat","background-position":"center center","background-size":"auto","background-attachment":"scroll","background-type":"","background-media":"","overlay-type":"","overlay-color":"","overlay-gradient":""}},"footnotes":""},"categories":[128399,949,139,1601,384],"tags":[198744,198743,14361,19567,19603,26712],"class_list":["post-96884","post","type-post","status-publish","format-standard","hentry","category-caracteristicas-epidemiologicas-de-la-poblacion","category-extremadura","category-medicina-interna","category-patologia-cardiovascular","category-patologia-clinica","tag-carmina-wanden-berghe-lozano","tag-juan-manuel-urbano-galvez","tag-manuel-perez-miranda","tag-maria-dolores-torres-asensio","tag-pedro-bureo-dacal","tag-pedro-pablo-garcia-luna"],"_links":{"self":[{"href":"https:\/\/www.deberes.net\/tesis\/wp-json\/wp\/v2\/posts\/96884","targetHints":{"allow":["GET"]}}],"collection":[{"href":"https:\/\/www.deberes.net\/tesis\/wp-json\/wp\/v2\/posts"}],"about":[{"href":"https:\/\/www.deberes.net\/tesis\/wp-json\/wp\/v2\/types\/post"}],"author":[{"embeddable":true,"href":"https:\/\/www.deberes.net\/tesis\/wp-json\/wp\/v2\/users\/1"}],"replies":[{"embeddable":true,"href":"https:\/\/www.deberes.net\/tesis\/wp-json\/wp\/v2\/comments?post=96884"}],"version-history":[{"count":0,"href":"https:\/\/www.deberes.net\/tesis\/wp-json\/wp\/v2\/posts\/96884\/revisions"}],"wp:attachment":[{"href":"https:\/\/www.deberes.net\/tesis\/wp-json\/wp\/v2\/media?parent=96884"}],"wp:term":[{"taxonomy":"category","embeddable":true,"href":"https:\/\/www.deberes.net\/tesis\/wp-json\/wp\/v2\/categories?post=96884"},{"taxonomy":"post_tag","embeddable":true,"href":"https:\/\/www.deberes.net\/tesis\/wp-json\/wp\/v2\/tags?post=96884"}],"curies":[{"name":"wp","href":"https:\/\/api.w.org\/{rel}","templated":true}]}}