{"id":96916,"date":"2018-03-11T10:17:16","date_gmt":"2018-03-11T10:17:16","guid":{"rendered":"https:\/\/www.deberes.net\/tesis\/sin-categoria\/evolucion-de-la-interaccion-de-la-radiacion-de-alta-intensidad-con-metales\/"},"modified":"2018-03-11T10:17:16","modified_gmt":"2018-03-11T10:17:16","slug":"evolucion-de-la-interaccion-de-la-radiacion-de-alta-intensidad-con-metales","status":"publish","type":"post","link":"https:\/\/www.deberes.net\/tesis\/interaccion-de-la-radiacion-con-los-solidos\/evolucion-de-la-interaccion-de-la-radiacion-de-alta-intensidad-con-metales\/","title":{"rendered":"Evolucion de la interaccion de la radiacion de alta intensidad con metales"},"content":{"rendered":"<h2>Tesis doctoral de <strong> Patricia Ecija Verdejo <\/strong><\/h2>\n<p>Esta memoria presenta un estudio sobre el mecanismo de los procesos que ocurren en la interacci\u00f3n radiaci\u00f3n-materia con metales a trav\u00e9s del an\u00e1lisis de las distribuciones de energ\u00eda cin\u00e9tica (maxwell-boltzmann-coulomb) de los iones, as\u00ed como del estudio temporal del proceso de ablaci\u00f3n. se han logrado describir las contribuciones de las reacciones de recombinaci\u00f3n y\/o ionizaci\u00f3n, producto de colisiones i\u00f3n-electr\u00f3n, en las distribuciones de energ\u00eda cin\u00e9tica de los iones. Asimismo, se ha demostrado la existencia de un tiempo de residencia de los iones antes de su extracci\u00f3n del metal producida mediante explosiones de coulomb; y se han definido los campos el\u00e9ctricos umbrales del proceso de eyecci\u00f3n de los iones y el tiempo que emplean los iones en abandonar el s\u00f3lido. el estudio, cuyas conclusiones se pretenden que sean v\u00e1lidas para metales y aleaciones, se presenta para los metales de transici\u00f3n ni y fe, y las aleaciones ni80fe20 y ni2mnga; y se ha llevado a cabo con l\u00e1seres pulsados de nanosegundos y femtosegundos.<\/p>\n<p>&nbsp;<\/p>\n<h3>Datos acad\u00e9micos de la tesis doctoral \u00ab<strong>Evolucion de la interaccion de la radiacion de alta intensidad con metales<\/strong>\u00ab<\/h3>\n<ul>\n<li><strong>T\u00edtulo de la tesis:<\/strong>\u00a0 Evolucion de la interaccion de la radiacion de alta intensidad con metales <\/li>\n<li><strong>Autor:<\/strong>\u00a0 Patricia Ecija Verdejo <\/li>\n<li><strong>Universidad:<\/strong>\u00a0 Pa\u00eds vasco\/euskal herriko unibertsitatea<\/li>\n<li><strong>Fecha de lectura de la tesis:<\/strong>\u00a0 30\/10\/2009<\/li>\n<\/ul>\n<p>&nbsp;<\/p>\n<h3>Direcci\u00f3n y tribunal<\/h3>\n<ul>\n<li><strong>Director de la tesis<\/strong>\n<ul>\n<li>Fernando Casta\u00f1o Almendral<\/li>\n<\/ul>\n<\/li>\n<li><strong>Tribunal<\/strong>\n<ul>\n<li>Presidente del tribunal: Carlos Sieiro del nido <\/li>\n<li>Mar\u00eda pilar Puyuelo Garc\u00eda (vocal)<\/li>\n<li>Jaime de Andres llopis (vocal)<\/li>\n<li>isabel Tanarro onrubia (vocal)<\/li>\n<\/ul>\n<\/li>\n<\/ul>\n<p>&nbsp;<\/p>\n","protected":false},"excerpt":{"rendered":"<p>Tesis doctoral de Patricia Ecija Verdejo Esta memoria presenta un estudio sobre el mecanismo de los procesos que ocurren en [&hellip;]<\/p>\n","protected":false},"author":1,"featured_media":0,"comment_status":"open","ping_status":"open","sticky":false,"template":"","format":"standard","meta":{"site-sidebar-layout":"default","site-content-layout":"","ast-site-content-layout":"","site-content-style":"default","site-sidebar-style":"default","ast-global-header-display":"","ast-banner-title-visibility":"","ast-main-header-display":"","ast-hfb-above-header-display":"","ast-hfb-below-header-display":"","ast-hfb-mobile-header-display":"","site-post-title":"","ast-breadcrumbs-content":"","ast-featured-img":"","footer-sml-layout":"","theme-transparent-header-meta":"","adv-header-id-meta":"","stick-header-meta":"","header-above-stick-meta":"","header-main-stick-meta":"","header-below-stick-meta":"","astra-migrate-meta-layouts":"default","ast-page-background-enabled":"default","ast-page-background-meta":{"desktop":{"background-color":"var(--ast-global-color-4)","background-image":"","background-repeat":"repeat","background-position":"center center","background-size":"auto","background-attachment":"scroll","background-type":"","background-media":"","overlay-type":"","overlay-color":"","overlay-gradient":""},"tablet":{"background-color":"","background-image":"","background-repeat":"repeat","background-position":"center center","background-size":"auto","background-attachment":"scroll","background-type":"","background-media":"","overlay-type":"","overlay-color":"","overlay-gradient":""},"mobile":{"background-color":"","background-image":"","background-repeat":"repeat","background-position":"center center","background-size":"auto","background-attachment":"scroll","background-type":"","background-media":"","overlay-type":"","overlay-color":"","overlay-gradient":""}},"ast-content-background-meta":{"desktop":{"background-color":"var(--ast-global-color-5)","background-image":"","background-repeat":"repeat","background-position":"center center","background-size":"auto","background-attachment":"scroll","background-type":"","background-media":"","overlay-type":"","overlay-color":"","overlay-gradient":""},"tablet":{"background-color":"var(--ast-global-color-5)","background-image":"","background-repeat":"repeat","background-position":"center center","background-size":"auto","background-attachment":"scroll","background-type":"","background-media":"","overlay-type":"","overlay-color":"","overlay-gradient":""},"mobile":{"background-color":"var(--ast-global-color-5)","background-image":"","background-repeat":"repeat","background-position":"center center","background-size":"auto","background-attachment":"scroll","background-type":"","background-media":"","overlay-type":"","overlay-color":"","overlay-gradient":""}},"footnotes":""},"categories":[10842,6064,7179,12909,105079],"tags":[11077,13557,24423,52449,70946,198800],"class_list":["post-96916","post","type-post","status-publish","format-standard","hentry","category-fisica-de-plasmas","category-interaccion-de-la-radiacion-con-los-solidos","category-laseres","category-pais-vasco-euskal-herriko-unibertsitatea","category-transferencia-de-energia","tag-carlos-sieiro-del-nido","tag-fernando-castano-almendral","tag-isabel-tanarro-onrubia","tag-jaime-de-andres-llopis","tag-maria-pilar-puyuelo-garcia","tag-patricia-ecija-verdejo"],"_links":{"self":[{"href":"https:\/\/www.deberes.net\/tesis\/wp-json\/wp\/v2\/posts\/96916","targetHints":{"allow":["GET"]}}],"collection":[{"href":"https:\/\/www.deberes.net\/tesis\/wp-json\/wp\/v2\/posts"}],"about":[{"href":"https:\/\/www.deberes.net\/tesis\/wp-json\/wp\/v2\/types\/post"}],"author":[{"embeddable":true,"href":"https:\/\/www.deberes.net\/tesis\/wp-json\/wp\/v2\/users\/1"}],"replies":[{"embeddable":true,"href":"https:\/\/www.deberes.net\/tesis\/wp-json\/wp\/v2\/comments?post=96916"}],"version-history":[{"count":0,"href":"https:\/\/www.deberes.net\/tesis\/wp-json\/wp\/v2\/posts\/96916\/revisions"}],"wp:attachment":[{"href":"https:\/\/www.deberes.net\/tesis\/wp-json\/wp\/v2\/media?parent=96916"}],"wp:term":[{"taxonomy":"category","embeddable":true,"href":"https:\/\/www.deberes.net\/tesis\/wp-json\/wp\/v2\/categories?post=96916"},{"taxonomy":"post_tag","embeddable":true,"href":"https:\/\/www.deberes.net\/tesis\/wp-json\/wp\/v2\/tags?post=96916"}],"curies":[{"name":"wp","href":"https:\/\/api.w.org\/{rel}","templated":true}]}}