{"id":96941,"date":"2018-03-11T10:17:16","date_gmt":"2018-03-11T10:17:16","guid":{"rendered":"https:\/\/www.deberes.net\/tesis\/sin-categoria\/derechos-humanos-y-practicas-ciudadanas-los-presupuestos-participativos-en-sevilla-2005-2008\/"},"modified":"2018-03-11T10:17:16","modified_gmt":"2018-03-11T10:17:16","slug":"derechos-humanos-y-practicas-ciudadanas-los-presupuestos-participativos-en-sevilla-2005-2008","status":"publish","type":"post","link":"https:\/\/www.deberes.net\/tesis\/administracion-publica\/derechos-humanos-y-practicas-ciudadanas-los-presupuestos-participativos-en-sevilla-2005-2008\/","title":{"rendered":"Derechos humanos y pr\u00e1cticas ciudadanas: los presupuestos participativos en sevilla 2005-2008"},"content":{"rendered":"<h2>Tesis doctoral de <strong> Vicente Barrag\u00e1n  Robles <\/strong><\/h2>\n<p>Evaluaci\u00f3n de la calidad democr\u00e1tica del proceso de presupuesto participativo en la ciudad de sevilla de 2005-2008.<\/p>\n<p>&nbsp;<\/p>\n<h3>Datos acad\u00e9micos de la tesis doctoral \u00ab<strong>Derechos humanos y pr\u00e1cticas ciudadanas: los presupuestos participativos en sevilla 2005-2008<\/strong>\u00ab<\/h3>\n<ul>\n<li><strong>T\u00edtulo de la tesis:<\/strong>\u00a0 Derechos humanos y pr\u00e1cticas ciudadanas: los presupuestos participativos en sevilla 2005-2008 <\/li>\n<li><strong>Autor:<\/strong>\u00a0 Vicente Barrag\u00e1n  Robles <\/li>\n<li><strong>Universidad:<\/strong>\u00a0 Pablo de olavide<\/li>\n<li><strong>Fecha de lectura de la tesis:<\/strong>\u00a0 30\/10\/2009<\/li>\n<\/ul>\n<p>&nbsp;<\/p>\n<h3>Direcci\u00f3n y tribunal<\/h3>\n<ul>\n<li><strong>Director de la tesis<\/strong>\n<ul>\n<li>Joaquin Herrera Flores<\/li>\n<\/ul>\n<\/li>\n<li><strong>Tribunal<\/strong>\n<ul>\n<li>Presidente del tribunal: Francisco Sierra caballero <\/li>\n<li>patricia Garc\u00eda leiva (vocal)<\/li>\n<li>pablo Pa\u00f1o ya\u00f1ez (vocal)<\/li>\n<li>giovanni Allegretti (vocal)<\/li>\n<\/ul>\n<\/li>\n<\/ul>\n<p>&nbsp;<\/p>\n","protected":false},"excerpt":{"rendered":"<p>Tesis doctoral de Vicente Barrag\u00e1n Robles Evaluaci\u00f3n de la calidad democr\u00e1tica del proceso de presupuesto participativo en la ciudad de [&hellip;]<\/p>\n","protected":false},"author":1,"featured_media":0,"comment_status":"open","ping_status":"open","sticky":false,"template":"","format":"standard","meta":{"site-sidebar-layout":"default","site-content-layout":"","ast-site-content-layout":"","site-content-style":"default","site-sidebar-style":"default","ast-global-header-display":"","ast-banner-title-visibility":"","ast-main-header-display":"","ast-hfb-above-header-display":"","ast-hfb-below-header-display":"","ast-hfb-mobile-header-display":"","site-post-title":"","ast-breadcrumbs-content":"","ast-featured-img":"","footer-sml-layout":"","theme-transparent-header-meta":"","adv-header-id-meta":"","stick-header-meta":"","header-above-stick-meta":"","header-main-stick-meta":"","header-below-stick-meta":"","astra-migrate-meta-layouts":"default","ast-page-background-enabled":"default","ast-page-background-meta":{"desktop":{"background-color":"var(--ast-global-color-4)","background-image":"","background-repeat":"repeat","background-position":"center center","background-size":"auto","background-attachment":"scroll","background-type":"","background-media":"","overlay-type":"","overlay-color":"","overlay-gradient":""},"tablet":{"background-color":"","background-image":"","background-repeat":"repeat","background-position":"center center","background-size":"auto","background-attachment":"scroll","background-type":"","background-media":"","overlay-type":"","overlay-color":"","overlay-gradient":""},"mobile":{"background-color":"","background-image":"","background-repeat":"repeat","background-position":"center center","background-size":"auto","background-attachment":"scroll","background-type":"","background-media":"","overlay-type":"","overlay-color":"","overlay-gradient":""}},"ast-content-background-meta":{"desktop":{"background-color":"var(--ast-global-color-5)","background-image":"","background-repeat":"repeat","background-position":"center center","background-size":"auto","background-attachment":"scroll","background-type":"","background-media":"","overlay-type":"","overlay-color":"","overlay-gradient":""},"tablet":{"background-color":"var(--ast-global-color-5)","background-image":"","background-repeat":"repeat","background-position":"center center","background-size":"auto","background-attachment":"scroll","background-type":"","background-media":"","overlay-type":"","overlay-color":"","overlay-gradient":""},"mobile":{"background-color":"var(--ast-global-color-5)","background-image":"","background-repeat":"repeat","background-position":"center center","background-size":"auto","background-attachment":"scroll","background-type":"","background-media":"","overlay-type":"","overlay-color":"","overlay-gradient":""}},"footnotes":""},"categories":[856,19869,20179,37286],"tags":[45143,147188,33079,198851,70231,198850],"class_list":["post-96941","post","type-post","status-publish","format-standard","hentry","category-administracion-publica","category-derechos-humanos","category-movimientos-politicos","category-pablo-de-olavide","tag-francisco-sierra-caballero","tag-giovanni-allegretti","tag-joaquin-herrera-flores","tag-pablo-pano-yanez","tag-patricia-garcia-leiva","tag-vicente-barragan-robles"],"_links":{"self":[{"href":"https:\/\/www.deberes.net\/tesis\/wp-json\/wp\/v2\/posts\/96941","targetHints":{"allow":["GET"]}}],"collection":[{"href":"https:\/\/www.deberes.net\/tesis\/wp-json\/wp\/v2\/posts"}],"about":[{"href":"https:\/\/www.deberes.net\/tesis\/wp-json\/wp\/v2\/types\/post"}],"author":[{"embeddable":true,"href":"https:\/\/www.deberes.net\/tesis\/wp-json\/wp\/v2\/users\/1"}],"replies":[{"embeddable":true,"href":"https:\/\/www.deberes.net\/tesis\/wp-json\/wp\/v2\/comments?post=96941"}],"version-history":[{"count":0,"href":"https:\/\/www.deberes.net\/tesis\/wp-json\/wp\/v2\/posts\/96941\/revisions"}],"wp:attachment":[{"href":"https:\/\/www.deberes.net\/tesis\/wp-json\/wp\/v2\/media?parent=96941"}],"wp:term":[{"taxonomy":"category","embeddable":true,"href":"https:\/\/www.deberes.net\/tesis\/wp-json\/wp\/v2\/categories?post=96941"},{"taxonomy":"post_tag","embeddable":true,"href":"https:\/\/www.deberes.net\/tesis\/wp-json\/wp\/v2\/tags?post=96941"}],"curies":[{"name":"wp","href":"https:\/\/api.w.org\/{rel}","templated":true}]}}