{"id":96949,"date":"2018-03-11T10:17:20","date_gmt":"2018-03-11T10:17:20","guid":{"rendered":"https:\/\/www.deberes.net\/tesis\/sin-categoria\/arte-urbanismo-y-medio-ambiente-en-la-comunidad-valencia\/"},"modified":"2018-03-11T10:17:20","modified_gmt":"2018-03-11T10:17:20","slug":"arte-urbanismo-y-medio-ambiente-en-la-comunidad-valencia","status":"publish","type":"post","link":"https:\/\/www.deberes.net\/tesis\/urbanismo\/arte-urbanismo-y-medio-ambiente-en-la-comunidad-valencia\/","title":{"rendered":"Arte, urbanismo y medio ambiente en la comunidad Valencia"},"content":{"rendered":"<h2>Tesis doctoral de <strong> Francisca P\u00e9rez Barber <\/strong><\/h2>\n<p>Nuestro punto de partida es un ferviente deseo de vivir en un entorno mejor, basado en la preocupaci\u00f3n y lucha a nivel mundial para lograr un medio ambiente sostenible, en el que el paisaje cobra un valor que nunca hasta ahora hab\u00eda sido reconocido por las leyes, capaz de ser valorado y protegido, admirado, como una parte primordial para la continuidad de nuestra especie y tratado como petrimonio de la humanidad.  nuestro entorno ha pasado de ser un instrumento que desde los primeros tiempos hemos utilizado en su explotaci\u00f3n, para nuestro desarrollo, a ser un tesoro que depende de nosotros y debemos cuidar.  el objetivo principal se centra, en demostrar que no es incompatible el desarrollo urban\u00edstico, rural y urbano con la protecci\u00f3n  del medio ambiente, cuando implicamos la aportaci\u00f3n del arte a nuestras vidas , introduci\u00e9ndolo en la naturaleza y el paisaje, conformando los modelos de sostenibilidad y belleza, de forma que todo \u00e9llo forme parte en el h\u00e1bitat de vida diario.  para conseguir los objetivos marcados en este trabajo, hemos introducido el arte en el medio ambiente considerando \u00e1mbitos como el urbanismo, la arquitectura y la escultura.  y por otro lado y al mismo tiempo hemos estudiado las leyes urban\u00edsticas Valencianas de reciente publicaci\u00f3n, centr\u00e1ndonos sobre todo en la comunidad Valenciana. Leyes que tienen una gran sensibilidad al recoger estos problemas, al ser la primera vez que contemplan la protecci\u00f3n del paisaje y el cuidado del medio ambiente como forma de integraci\u00f3n de la vida cotidiana para para conseguir un mundo mejor y m\u00e1s sostenible.  con el estudio realizado hemos constatado la importancia que tiene sensibilizar a la sociedad sobre los problemas existentes por la destrucci\u00f3n del paisaje y la destrucci\u00f3n del medio ambiente, provocado por el urbanismo desmesurado.  por ello hemos realizado un trabajo de campo capaz de motivarnos en nuestro estudio. Hemos utilizado estudios cient\u00edficos sobre esta materiae informes de urbanistas que nos han servido para contextualizar estos datos. Tambien hemos utilizado los recursos y las sentencias sobre algunos parajes implicados en el trabajo de campo y todo ello nos ha indicado el estado en que se encuentra nuestra comunidad, y el estudio de las leyes Valencianas estudiadas, han supuesto la direcci\u00f3n y gu\u00eda en la que apoyar las aportaciones anteriores.  y con todo este estudio hemos llegado a las conclusiones finales que se pueden resumir de la siguiente forma:  &#8211; la mejor forma de conseguir la sostenibilidad es llegando a la integraci\u00f3n entre el arte, el urbanismo, el medio ambiente, la arquitectura y el paisaje.  &#8211; el arte debe utilizarse como una forma de conservaci\u00f3n del planeta. En este sentido diremos qiue los artistas estudiados en este trabajo consideran. \u00abQue si un pedazo del planeta es considerado arte puede salvarse la civilizaci\u00f3n.\u00bb<\/p>\n<p>&nbsp;<\/p>\n<h3>Datos acad\u00e9micos de la tesis doctoral \u00ab<strong>Arte, urbanismo y medio ambiente en la comunidad Valencia<\/strong>\u00ab<\/h3>\n<ul>\n<li><strong>T\u00edtulo de la tesis:<\/strong>\u00a0 Arte, urbanismo y medio ambiente en la comunidad Valencia <\/li>\n<li><strong>Autor:<\/strong>\u00a0 Francisca P\u00e9rez Barber <\/li>\n<li><strong>Universidad:<\/strong>\u00a0 Miguel hern\u00e1ndez de elche<\/li>\n<li><strong>Fecha de lectura de la tesis:<\/strong>\u00a0 31\/10\/2009<\/li>\n<\/ul>\n<p>&nbsp;<\/p>\n<h3>Direcci\u00f3n y tribunal<\/h3>\n<ul>\n<li><strong>Director de la tesis<\/strong>\n<ul>\n<li>Pedro Beltran Medina<\/li>\n<\/ul>\n<\/li>\n<li><strong>Tribunal<\/strong>\n<ul>\n<li>Presidente del tribunal: ramon De soto arandiga <\/li>\n<li>carmen Martorell pallas (vocal)<\/li>\n<li>teresa Chafer bixquert (vocal)<\/li>\n<li>daniel pablo Tejero olivares (vocal)<\/li>\n<\/ul>\n<\/li>\n<\/ul>\n<p>&nbsp;<\/p>\n","protected":false},"excerpt":{"rendered":"<p>Tesis doctoral de Francisca P\u00e9rez Barber Nuestro punto de partida es un ferviente deseo de vivir en un entorno mejor, [&hellip;]<\/p>\n","protected":false},"author":1,"featured_media":0,"comment_status":"open","ping_status":"open","sticky":false,"template":"","format":"standard","meta":{"site-sidebar-layout":"default","site-content-layout":"","ast-site-content-layout":"","site-content-style":"default","site-sidebar-style":"default","ast-global-header-display":"","ast-banner-title-visibility":"","ast-main-header-display":"","ast-hfb-above-header-display":"","ast-hfb-below-header-display":"","ast-hfb-mobile-header-display":"","site-post-title":"","ast-breadcrumbs-content":"","ast-featured-img":"","footer-sml-layout":"","theme-transparent-header-meta":"","adv-header-id-meta":"","stick-header-meta":"","header-above-stick-meta":"","header-main-stick-meta":"","header-below-stick-meta":"","astra-migrate-meta-layouts":"default","ast-page-background-enabled":"default","ast-page-background-meta":{"desktop":{"background-color":"var(--ast-global-color-4)","background-image":"","background-repeat":"repeat","background-position":"center center","background-size":"auto","background-attachment":"scroll","background-type":"","background-media":"","overlay-type":"","overlay-color":"","overlay-gradient":""},"tablet":{"background-color":"","background-image":"","background-repeat":"repeat","background-position":"center center","background-size":"auto","background-attachment":"scroll","background-type":"","background-media":"","overlay-type":"","overlay-color":"","overlay-gradient":""},"mobile":{"background-color":"","background-image":"","background-repeat":"repeat","background-position":"center center","background-size":"auto","background-attachment":"scroll","background-type":"","background-media":"","overlay-type":"","overlay-color":"","overlay-gradient":""}},"ast-content-background-meta":{"desktop":{"background-color":"var(--ast-global-color-5)","background-image":"","background-repeat":"repeat","background-position":"center center","background-size":"auto","background-attachment":"scroll","background-type":"","background-media":"","overlay-type":"","overlay-color":"","overlay-gradient":""},"tablet":{"background-color":"var(--ast-global-color-5)","background-image":"","background-repeat":"repeat","background-position":"center center","background-size":"auto","background-attachment":"scroll","background-type":"","background-media":"","overlay-type":"","overlay-color":"","overlay-gradient":""},"mobile":{"background-color":"var(--ast-global-color-5)","background-image":"","background-repeat":"repeat","background-position":"center center","background-size":"auto","background-attachment":"scroll","background-type":"","background-media":"","overlay-type":"","overlay-color":"","overlay-gradient":""}},"footnotes":""},"categories":[37169,37684,5371],"tags":[11502,79316,198864,180526,142301,16875],"class_list":["post-96949","post","type-post","status-publish","format-standard","hentry","category-miguel-hernandez-de-elche","category-politica-del-medio-ambiente","category-urbanismo","tag-carmen-martorell-pallas","tag-daniel-pablo-tejero-olivares","tag-francisca-perez-barber","tag-pedro-beltran-medina","tag-ramon-de-soto-arandiga","tag-teresa-chafer-bixquert"],"_links":{"self":[{"href":"https:\/\/www.deberes.net\/tesis\/wp-json\/wp\/v2\/posts\/96949","targetHints":{"allow":["GET"]}}],"collection":[{"href":"https:\/\/www.deberes.net\/tesis\/wp-json\/wp\/v2\/posts"}],"about":[{"href":"https:\/\/www.deberes.net\/tesis\/wp-json\/wp\/v2\/types\/post"}],"author":[{"embeddable":true,"href":"https:\/\/www.deberes.net\/tesis\/wp-json\/wp\/v2\/users\/1"}],"replies":[{"embeddable":true,"href":"https:\/\/www.deberes.net\/tesis\/wp-json\/wp\/v2\/comments?post=96949"}],"version-history":[{"count":0,"href":"https:\/\/www.deberes.net\/tesis\/wp-json\/wp\/v2\/posts\/96949\/revisions"}],"wp:attachment":[{"href":"https:\/\/www.deberes.net\/tesis\/wp-json\/wp\/v2\/media?parent=96949"}],"wp:term":[{"taxonomy":"category","embeddable":true,"href":"https:\/\/www.deberes.net\/tesis\/wp-json\/wp\/v2\/categories?post=96949"},{"taxonomy":"post_tag","embeddable":true,"href":"https:\/\/www.deberes.net\/tesis\/wp-json\/wp\/v2\/tags?post=96949"}],"curies":[{"name":"wp","href":"https:\/\/api.w.org\/{rel}","templated":true}]}}