{"id":96997,"date":"2009-04-11T00:00:00","date_gmt":"2009-04-11T00:00:00","guid":{"rendered":"https:\/\/www.deberes.net\/tesis\/sin-categoria\/representaciones-temporales-en-la-construccion-del-espacio-y-el-sujeto-atlantico-en-el-siglo-xvii\/"},"modified":"2009-04-11T00:00:00","modified_gmt":"2009-04-11T00:00:00","slug":"representaciones-temporales-en-la-construccion-del-espacio-y-el-sujeto-atlantico-en-el-siglo-xvii","status":"publish","type":"post","link":"https:\/\/www.deberes.net\/tesis\/historia-de-la-literatura-espanola\/representaciones-temporales-en-la-construccion-del-espacio-y-el-sujeto-atlantico-en-el-siglo-xvii\/","title":{"rendered":"Representaciones temporales en la construcci\u00f3n del espacio y el sujeto atl\u00e1ntico en el siglo xvii"},"content":{"rendered":"<h2>Tesis doctoral de <strong> Francisco Javier Lopez Martin <\/strong><\/h2>\n<p>Representaciones temporales en la construcci\u00f3n del espacio y el sujeto atl\u00e1ntico en el siglo xvii es un estudio sobre las diferentes representaciones de la temporalidad y el espacio en textos literarios e hist\u00f3ricos como las cr\u00f3nicas originadas en per\u00fa y espa\u00f1a. Con la conquista de am\u00e9rica, el atl\u00e1ntico emergi\u00f3 como un espacio privilegiado donde se desarrollaba el intercambio y el comercio. Este proyecto busca comprender la nueva configuraci\u00f3n del tiempo y el espacio que apareci\u00f3 durante esta \u00e9poca y que se represent\u00f3 en los textos literarios del barroco. El atl\u00e1ntico no es, por tanto, un oc\u00e9ano que separaba dos realidades sino tambi\u00e9n un nuevo espacio que hizo posible la emergencia de un nuevo sujeto capaz de combinar la cultura prehisp\u00e1nica y la episteme occidental. Este nuevo sujeto es producto de un error de traducci\u00f3n de los conceptos que fueron transportados a ambas costas del atl\u00e1ntico. Durante el siglo xvii se generan numerosos textos literarios c historiogr\u00e1ficos para comprender este nuevo sujeto. Como consecuencia inmediata del encuentro entre las epistemes americana y europea, los pensadores y escritores en toda europa comienzan a dudar entre \u00ablo real\u00bb y \u00ablas im\u00e1genes\u00bb; comienza en esta \u00e9poca la crisis de lo real. En am\u00e9rica, algunos escritores como guarnan poma o sor juana in\u00e9s de la cruz, producen narrativas que buscan la interpretaci\u00f3n de las nuevas realidades generadas a partir del encuentro con el mundo europeo. La producci\u00f3n de estos escritores se enmarca fuera de las convenciones ind\u00edgenas y europeas. Estos escritores combinan las tradiciones prehisp\u00e1nicas y occidental para adaptarse a la nueva construcci\u00f3n del sujeto que produjo la conquista. Del mismo modo, algunos escritores espa\u00f1oles como cervantes o calder\u00f3n adaptan las convenciones europeas para comprender e interpretar este nuevo momento\/sujeto hist\u00f3rico.<\/p>\n<p>&nbsp;<\/p>\n<h3>Datos acad\u00e9micos de la tesis doctoral \u00ab<strong>Representaciones temporales en la construcci\u00f3n del espacio y el sujeto atl\u00e1ntico en el siglo xvii<\/strong>\u00ab<\/h3>\n<ul>\n<li><strong>T\u00edtulo de la tesis:<\/strong>\u00a0 Representaciones temporales en la construcci\u00f3n del espacio y el sujeto atl\u00e1ntico en el siglo xvii <\/li>\n<li><strong>Autor:<\/strong>\u00a0 Francisco Javier Lopez Martin <\/li>\n<li><strong>Universidad:<\/strong>\u00a0 Huelva<\/li>\n<li><strong>Fecha de lectura de la tesis:<\/strong>\u00a0 04\/11\/2009<\/li>\n<\/ul>\n<p>&nbsp;<\/p>\n<h3>Direcci\u00f3n y tribunal<\/h3>\n<ul>\n<li><strong>Director de la tesis<\/strong>\n<ul>\n<li>Luis Gomez Canseco<\/li>\n<\/ul>\n<\/li>\n<li><strong>Tribunal<\/strong>\n<ul>\n<li>Presidente del tribunal: luciano Garc\u00eda lorenzo <\/li>\n<li>Jos\u00e9 ignacio D\u00edez fern\u00e1ndez (vocal)<\/li>\n<li>Fernando Rodriguez de la flor adanez (vocal)<\/li>\n<li>Fernando Garcia lara (vocal)<\/li>\n<\/ul>\n<\/li>\n<\/ul>\n<p>&nbsp;<\/p>\n","protected":false},"excerpt":{"rendered":"<p>Tesis doctoral de Francisco Javier Lopez Martin Representaciones temporales en la construcci\u00f3n del espacio y el sujeto atl\u00e1ntico en el [&hellip;]<\/p>\n","protected":false},"author":1,"featured_media":0,"comment_status":"open","ping_status":"open","sticky":false,"template":"","format":"standard","meta":{"site-sidebar-layout":"default","site-content-layout":"","ast-site-content-layout":"","site-content-style":"default","site-sidebar-style":"default","ast-global-header-display":"","ast-banner-title-visibility":"","ast-main-header-display":"","ast-hfb-above-header-display":"","ast-hfb-below-header-display":"","ast-hfb-mobile-header-display":"","site-post-title":"","ast-breadcrumbs-content":"","ast-featured-img":"","footer-sml-layout":"","theme-transparent-header-meta":"","adv-header-id-meta":"","stick-header-meta":"","header-above-stick-meta":"","header-main-stick-meta":"","header-below-stick-meta":"","astra-migrate-meta-layouts":"default","ast-page-background-enabled":"default","ast-page-background-meta":{"desktop":{"background-color":"var(--ast-global-color-4)","background-image":"","background-repeat":"repeat","background-position":"center center","background-size":"auto","background-attachment":"scroll","background-type":"","background-media":"","overlay-type":"","overlay-color":"","overlay-gradient":""},"tablet":{"background-color":"","background-image":"","background-repeat":"repeat","background-position":"center center","background-size":"auto","background-attachment":"scroll","background-type":"","background-media":"","overlay-type":"","overlay-color":"","overlay-gradient":""},"mobile":{"background-color":"","background-image":"","background-repeat":"repeat","background-position":"center center","background-size":"auto","background-attachment":"scroll","background-type":"","background-media":"","overlay-type":"","overlay-color":"","overlay-gradient":""}},"ast-content-background-meta":{"desktop":{"background-color":"var(--ast-global-color-5)","background-image":"","background-repeat":"repeat","background-position":"center center","background-size":"auto","background-attachment":"scroll","background-type":"","background-media":"","overlay-type":"","overlay-color":"","overlay-gradient":""},"tablet":{"background-color":"var(--ast-global-color-5)","background-image":"","background-repeat":"repeat","background-position":"center center","background-size":"auto","background-attachment":"scroll","background-type":"","background-media":"","overlay-type":"","overlay-color":"","overlay-gradient":""},"mobile":{"background-color":"var(--ast-global-color-5)","background-image":"","background-repeat":"repeat","background-position":"center center","background-size":"auto","background-attachment":"scroll","background-type":"","background-media":"","overlay-type":"","overlay-color":"","overlay-gradient":""}},"footnotes":""},"categories":[1867,18975],"tags":[43576,143320,198938,56046,2969,124807],"class_list":["post-96997","post","type-post","status-publish","format-standard","hentry","category-historia-de-la-literatura-espanola","category-huelva","tag-fernando-garcia-lara","tag-fernando-rodriguez-de-la-flor-adanez","tag-francisco-javier-lopez-martin","tag-jose-ignacio-diez-fernandez","tag-luciano-garcia-lorenzo","tag-luis-gomez-canseco"],"_links":{"self":[{"href":"https:\/\/www.deberes.net\/tesis\/wp-json\/wp\/v2\/posts\/96997","targetHints":{"allow":["GET"]}}],"collection":[{"href":"https:\/\/www.deberes.net\/tesis\/wp-json\/wp\/v2\/posts"}],"about":[{"href":"https:\/\/www.deberes.net\/tesis\/wp-json\/wp\/v2\/types\/post"}],"author":[{"embeddable":true,"href":"https:\/\/www.deberes.net\/tesis\/wp-json\/wp\/v2\/users\/1"}],"replies":[{"embeddable":true,"href":"https:\/\/www.deberes.net\/tesis\/wp-json\/wp\/v2\/comments?post=96997"}],"version-history":[{"count":0,"href":"https:\/\/www.deberes.net\/tesis\/wp-json\/wp\/v2\/posts\/96997\/revisions"}],"wp:attachment":[{"href":"https:\/\/www.deberes.net\/tesis\/wp-json\/wp\/v2\/media?parent=96997"}],"wp:term":[{"taxonomy":"category","embeddable":true,"href":"https:\/\/www.deberes.net\/tesis\/wp-json\/wp\/v2\/categories?post=96997"},{"taxonomy":"post_tag","embeddable":true,"href":"https:\/\/www.deberes.net\/tesis\/wp-json\/wp\/v2\/tags?post=96997"}],"curies":[{"name":"wp","href":"https:\/\/api.w.org\/{rel}","templated":true}]}}