{"id":97017,"date":"2009-05-11T00:00:00","date_gmt":"2009-05-11T00:00:00","guid":{"rendered":"https:\/\/www.deberes.net\/tesis\/sin-categoria\/sistemas-nacionales-de-innovacion-una-aproximacion-empa%c2%adrica-a-la-medicion-de-los-intangibles-como-factores-explicativos-de-la-capacidad-innovadora-nacional-de-los-paa%c2%adses\/"},"modified":"2009-05-11T00:00:00","modified_gmt":"2009-05-11T00:00:00","slug":"sistemas-nacionales-de-innovacion-una-aproximacion-empa%c2%adrica-a-la-medicion-de-los-intangibles-como-factores-explicativos-de-la-capacidad-innovadora-nacional-de-los-paa%c2%adses","status":"publish","type":"post","link":"https:\/\/www.deberes.net\/tesis\/modelos-y-teorias-del-desarrollo-economico\/sistemas-nacionales-de-innovacion-una-aproximacion-empa%c2%adrica-a-la-medicion-de-los-intangibles-como-factores-explicativos-de-la-capacidad-innovadora-nacional-de-los-paa%c2%adses\/","title":{"rendered":"Sistemas nacionales de innovaci\u00f3n: una aproximaci\u00f3n emp\u00edrica a la medici\u00f3n de los intangibles como factores explicativos de la capacidad innovadora nacional de los pa\u00edses."},"content":{"rendered":"<h2>Tesis doctoral de <strong> Ronald Joanny Rojas Alvarado <\/strong><\/h2>\n<p>Resumen  desde finales del siglo xx la econom\u00eda presenta unas caracter\u00edsticas que distan considerablemente de la econom\u00eda industrial de mediados del siglo pasado. Parece aceptarse con car\u00e1cter general que esta nueva situaci\u00f3n econ\u00f3mica se caracteriza por el papel fundamental que juegan los intangibles en el progreso econ\u00f3mico de las naciones.   en esta l\u00ednea de pensamiento, encontramos en la literatura diversos modelos que buscan explicar las diferencias del output innovador y del desarrollo competitivo a trav\u00e9s de dicha perspectiva intangible. Aunque con distintas denominaciones y algunas modificaciones, cada modelo descompone generalmente el capital intelectual en tres bloques gen\u00e9ricos: capital humano, capital estructural y capital relacional-. Otro denominador com\u00fan de dichos modelos es que la elecci\u00f3n de indicadores, y la asignaci\u00f3n de peso, cuando procede- se hace seg\u00fan el criterio personal del autor. Asimismo, algunos modelos est\u00e1n constituidos por un gran n\u00famero de indicadores, lo cual dificulta considerablemente su practicidad.  por otra parte, la literatura de los sistemas nacionales de innovaci\u00f3n, tambi\u00e9n ha realizado una meritoria contribuci\u00f3n en la medici\u00f3n del esfuerzo innovador y la performance de los pa\u00edses. A tenor de las inconsistencias en los modelos de capital intelectual anteriormente esbozadas y, teniendo en cuenta la literatura de los sistemas nacionales de innovaci\u00f3n, el principal objetivo de esta investigaci\u00f3n es:  desde la perspectiva de capital intelectual y de los sistemas nacionales de innovaci\u00f3n, identificar los determinantes clave necesarios para que una naci\u00f3n pueda ser competitiva y, en consecuencia, pueda tener la capacidad de construir una econom\u00eda m\u00e1s s\u00f3lida y pr\u00f3spera para sus habitantes a trav\u00e9s de la innovaci\u00f3n y generaci\u00f3n de conocimiento.  para la confirmaci\u00f3n de nuestros argumentos te\u00f3ricos, el trabajo emp\u00edrico (metodolog\u00eda multivariante, factorial y regresi\u00f3n lineal) ha tenido como objeto de estudio 55 econom\u00edas como muestra y 28 variables vinculadas a la teor\u00eda, en un per\u00edodo de tiempo comprendido entre el a\u00f1o 2000 y 2006. La principal fuente de informaci\u00f3n fue la base de datos del anuario estad\u00edstico de la escuela de negocios suiza imd.  las principales conclusiones derivadas de nuestra investigaci\u00f3n son:  \tla competitividad y la capacidad de innovaci\u00f3n de los pa\u00edses est\u00e1 explicada principalmente por los sistemas de innovaci\u00f3n (formado por los bloques de empresa, educaci\u00f3n, interacciones y tecnolog\u00eda) y el capital social y las pol\u00edticas gubernamentales, b\u00e1sicamente. Con dichos dos factores se consigue una explicaci\u00f3n del 67,8% de la varianza y conforman los factores clave del sistema nacional de innovaci\u00f3n.  asimismo, confirmamos las tres hip\u00f3tesis previamente planteadas:  \th1. Existe una considerable convergencia entre los modelos de capital intelectual y los sistemas nacionales de innovaci\u00f3n.  \th2. Los intangibles, aproximados a trav\u00e9s del sistema nacional de innovaci\u00f3n, determinan la capacidad competitiva de las econom\u00edas (expresada por su pib per c\u00e1pita ppp).  \th3. Los intangibles, aproximados a trav\u00e9s del sistema nacional de innovaci\u00f3n, determinan el output innovador de las econom\u00edas (expresado por sus patentes uspto y epo per c\u00e1pita).<\/p>\n<p>&nbsp;<\/p>\n<h3>Datos acad\u00e9micos de la tesis doctoral \u00ab<strong>Sistemas nacionales de innovaci\u00f3n: una aproximaci\u00f3n emp\u00edrica a la medici\u00f3n de los intangibles como factores explicativos de la capacidad innovadora nacional de los pa\u00edses.<\/strong>\u00ab<\/h3>\n<ul>\n<li><strong>T\u00edtulo de la tesis:<\/strong>\u00a0 Sistemas nacionales de innovaci\u00f3n: una aproximaci\u00f3n emp\u00edrica a la medici\u00f3n de los intangibles como factores explicativos de la capacidad innovadora nacional de los pa\u00edses. <\/li>\n<li><strong>Autor:<\/strong>\u00a0 Ronald Joanny Rojas Alvarado <\/li>\n<li><strong>Universidad:<\/strong>\u00a0 Polit\u00e9cnica de Valencia<\/li>\n<li><strong>Fecha de lectura de la tesis:<\/strong>\u00a0 05\/11\/2009<\/li>\n<\/ul>\n<p>&nbsp;<\/p>\n<h3>Direcci\u00f3n y tribunal<\/h3>\n<ul>\n<li><strong>Director de la tesis<\/strong>\n<ul>\n<li>Juan  Ignacio Dalmau Porta<\/li>\n<\/ul>\n<\/li>\n<li><strong>Tribunal<\/strong>\n<ul>\n<li>Presidente del tribunal: jose Albors garrigos <\/li>\n<li>Francisco Puig blanco (vocal)<\/li>\n<li>M\u00aa angeles Ram\u00f3n jer\u00f3nimo (vocal)<\/li>\n<li>c\u00e9sar Camis\u00f3n zornoza (vocal)<\/li>\n<\/ul>\n<\/li>\n<\/ul>\n<p>&nbsp;<\/p>\n","protected":false},"excerpt":{"rendered":"<p>Tesis doctoral de Ronald Joanny Rojas Alvarado Resumen desde finales del siglo xx la econom\u00eda presenta unas caracter\u00edsticas que distan [&hellip;]<\/p>\n","protected":false},"author":1,"featured_media":0,"comment_status":"open","ping_status":"open","sticky":false,"template":"","format":"standard","meta":{"site-sidebar-layout":"default","site-content-layout":"","ast-site-content-layout":"","site-content-style":"default","site-sidebar-style":"default","ast-global-header-display":"","ast-banner-title-visibility":"","ast-main-header-display":"","ast-hfb-above-header-display":"","ast-hfb-below-header-display":"","ast-hfb-mobile-header-display":"","site-post-title":"","ast-breadcrumbs-content":"","ast-featured-img":"","footer-sml-layout":"","theme-transparent-header-meta":"","adv-header-id-meta":"","stick-header-meta":"","header-above-stick-meta":"","header-main-stick-meta":"","header-below-stick-meta":"","astra-migrate-meta-layouts":"default","ast-page-background-enabled":"default","ast-page-background-meta":{"desktop":{"background-color":"var(--ast-global-color-4)","background-image":"","background-repeat":"repeat","background-position":"center center","background-size":"auto","background-attachment":"scroll","background-type":"","background-media":"","overlay-type":"","overlay-color":"","overlay-gradient":""},"tablet":{"background-color":"","background-image":"","background-repeat":"repeat","background-position":"center center","background-size":"auto","background-attachment":"scroll","background-type":"","background-media":"","overlay-type":"","overlay-color":"","overlay-gradient":""},"mobile":{"background-color":"","background-image":"","background-repeat":"repeat","background-position":"center center","background-size":"auto","background-attachment":"scroll","background-type":"","background-media":"","overlay-type":"","overlay-color":"","overlay-gradient":""}},"ast-content-background-meta":{"desktop":{"background-color":"var(--ast-global-color-5)","background-image":"","background-repeat":"repeat","background-position":"center center","background-size":"auto","background-attachment":"scroll","background-type":"","background-media":"","overlay-type":"","overlay-color":"","overlay-gradient":""},"tablet":{"background-color":"var(--ast-global-color-5)","background-image":"","background-repeat":"repeat","background-position":"center center","background-size":"auto","background-attachment":"scroll","background-type":"","background-media":"","overlay-type":"","overlay-color":"","overlay-gradient":""},"mobile":{"background-color":"var(--ast-global-color-5)","background-image":"","background-repeat":"repeat","background-position":"center center","background-size":"auto","background-attachment":"scroll","background-type":"","background-media":"","overlay-type":"","overlay-color":"","overlay-gradient":""}},"footnotes":""},"categories":[910,829,16820,890],"tags":[31362,125341,65079,198973,117372,198972],"class_list":["post-97017","post","type-post","status-publish","format-standard","hentry","category-economia-internacional","category-modelos-y-teorias-del-desarrollo-economico","category-politecnica-de-valencia","category-teoria-del-crecimiento-economico","tag-cesar-camison-zornoza","tag-francisco-puig-blanco","tag-jose-albors-garrigos","tag-juan-ignacio-dalmau-porta","tag-ma-angeles-ramon-jeronimo","tag-ronald-joanny-rojas-alvarado"],"_links":{"self":[{"href":"https:\/\/www.deberes.net\/tesis\/wp-json\/wp\/v2\/posts\/97017","targetHints":{"allow":["GET"]}}],"collection":[{"href":"https:\/\/www.deberes.net\/tesis\/wp-json\/wp\/v2\/posts"}],"about":[{"href":"https:\/\/www.deberes.net\/tesis\/wp-json\/wp\/v2\/types\/post"}],"author":[{"embeddable":true,"href":"https:\/\/www.deberes.net\/tesis\/wp-json\/wp\/v2\/users\/1"}],"replies":[{"embeddable":true,"href":"https:\/\/www.deberes.net\/tesis\/wp-json\/wp\/v2\/comments?post=97017"}],"version-history":[{"count":0,"href":"https:\/\/www.deberes.net\/tesis\/wp-json\/wp\/v2\/posts\/97017\/revisions"}],"wp:attachment":[{"href":"https:\/\/www.deberes.net\/tesis\/wp-json\/wp\/v2\/media?parent=97017"}],"wp:term":[{"taxonomy":"category","embeddable":true,"href":"https:\/\/www.deberes.net\/tesis\/wp-json\/wp\/v2\/categories?post=97017"},{"taxonomy":"post_tag","embeddable":true,"href":"https:\/\/www.deberes.net\/tesis\/wp-json\/wp\/v2\/tags?post=97017"}],"curies":[{"name":"wp","href":"https:\/\/api.w.org\/{rel}","templated":true}]}}