{"id":97050,"date":"2009-06-11T00:00:00","date_gmt":"2009-06-11T00:00:00","guid":{"rendered":"https:\/\/www.deberes.net\/tesis\/sin-categoria\/variabilidad-de-la-frecuencia-cardiaca-evaluacion-psicofisiologica-aplicada-al-entrenamiento-y-a-la-competicion\/"},"modified":"2009-06-11T00:00:00","modified_gmt":"2009-06-11T00:00:00","slug":"variabilidad-de-la-frecuencia-cardiaca-evaluacion-psicofisiologica-aplicada-al-entrenamiento-y-a-la-competicion","status":"publish","type":"post","link":"https:\/\/www.deberes.net\/tesis\/psicologia-fisiologica\/variabilidad-de-la-frecuencia-cardiaca-evaluacion-psicofisiologica-aplicada-al-entrenamiento-y-a-la-competicion\/","title":{"rendered":"Variabilidad de la frecuencia cardiaca: evaluaci\u00f3n psicofisiol\u00f3gica aplicada al entrenamiento y a la competici\u00f3n"},"content":{"rendered":"<h2>Tesis doctoral de <strong> Julio C\u00e9sar Cervantes Bl\u00e1squez <\/strong><\/h2>\n<p>La variabilidad de la frecuencia cardiaca (vfc), definida como la capacidad del coraz\u00f3n de cambiar el intervalo de tiempo latido a latido, es actualmente una herramienta eficaz que permite valorar  de manera cuantitativa el estado de salud y la respuesta del sistema nervioso aut\u00f3nomo (sna) ante diversas situaciones. Con la aplicaci\u00f3n del an\u00e1lisis de la vfc al \u00e1mbito deportivo, especialmente en el deporte de competici\u00f3n, se ha podido valorar  el estr\u00e9s fisiol\u00f3gico de los deportistas debido a las cargas de entrenamiento. Por otra parte, fuera del \u00e1mbito del deporte, se ha demostrado que la vfc tambi\u00e9n puede verse afectada por los cambios emocionales, de manera espec\u00edfica, la vfc ha sido estudiada en relaci\u00f3n a diferentes manifestaciones cl\u00ednicas de ansiedad. Sin embargo, hasta ahora no existen trabajos donde se haya estudiado de manera conjunta los s\u00edntomas fisiol\u00f3gicos evaluados mediante la vfc con aspectos psicol\u00f3gicos (evaluados mediante cuestionarios espec\u00edficos) para valorar el estado de forma y el estado precompetitivo de los deportistas. Por lo tanto, el objetivo general de esta tesis doctoral es la aplicaci\u00f3n de un sistema de evaluaci\u00f3n psico-fisiol\u00f3gico que permita valorar de estr\u00e9s f\u00edsico y el estr\u00e9s psicol\u00f3gico de los deportistas. Para ello, se realizaron dos estudios: 1) con el objetivo de obtener indicadores del proceso de estr\u00e9s-recuperaci\u00f3n basados en los cambios que provoca el entrenamiento intenso en la relaci\u00f3n entre la variabilidad de la frecuencia cardiaca (vfc) y variables cognitivas, se evalu\u00f3 la vfc y el estado de \u00e1nimo (poms), la fatiga percibida (ces) de los jugadores de la selecci\u00f3n nacional espa\u00f1ola de hockey sobre hierba. Los datos se recogieron durante el periodo de preparaci\u00f3n pre-ol\u00edmpica para pekin 2008 en dos sesiones diferentes: (a) despu\u00e9s de un periodo corto de descanso, y (b) despu\u00e9s de un d\u00eda de entrenamiento intenso; 2) con los objetivos de estudiar cu\u00e1les de los par\u00e1metros de la vfc son v\u00e1lidos para cuantificar el estr\u00e9s competitivo y de elaborar un perfil psicofisiol\u00f3gico del estado precompetitivo, se analizaron los cambios en los valores psicofisiol\u00f3gicos entre el entrenamiento y la competici\u00f3n a partir del registro de corta duraci\u00f3n de la vfc y la aplicaci\u00f3n del csai_2 a diez nadadores voluntarios, categor\u00eda master, durante los 30 minutos previos a la ejecuci\u00f3n de su prueba. Los resultados obtenidos del primer estudio muestran una correlaci\u00f3n negativa entre las puntuaciones de fatiga percibida y  los valores de los par\u00e1metros de la vfc. En referencia al segundo estudio, del an\u00e1lisis individual de la diferencia de los valores de cada variable entre las dos fases del mismo (competici\u00f3n-entrenamiento) fue posible la obtenci\u00f3n de un perfil de cada nadador, del cual se destaca la mejor\u00eda del rendimiento cuando existe coincidencia en el incremento de la ansiedad som\u00e1tica con el predominio del sistema nervioso simp\u00e1tico (sns) sobre el parasimp\u00e1tico. En cuanto a los dos estudios, los resultados de la comparaci\u00f3n  de las dos situaciones muestran que cuanto mayor es el nivel de fatiga  y de ansiedad som\u00e1tica, los valores de los par\u00e1metros de la vfc relacionados con la actividad del sistema nervioso parasimp\u00e1tico (snp) disminuyen y los valores del par\u00e1metro de la vfc relacionados con el equilibrio simp\u00e1tico\/parasimp\u00e1tico incrementan. A partir de estos resultados, esta tesis doctoral permite concluir que el an\u00e1lisis de la vfc es una t\u00e9cnica que complementa la evaluaci\u00f3n del estr\u00e9s f\u00edsico y del estr\u00e9s psicol\u00f3gico en el deporte. Nuestros resultados indican que el sistema de evaluaci\u00f3n psico-fisiol\u00f3gico propuesto, permite evaluar de manera r\u00e1pida y no invasiva el proceso de estr\u00e9s-recuperaci\u00f3n y el estado precompetitivo. Adem\u00e1s, bajo la posibilidad de poder ser utilizado sin interferir en la situaci\u00f3n natural deportiva, dicho sistema representa una interesante alternativa para entrenadores, deportistas y profesionales de las ciencias del deporte.<\/p>\n<p>&nbsp;<\/p>\n<h3>Datos acad\u00e9micos de la tesis doctoral \u00ab<strong>Variabilidad de la frecuencia cardiaca: evaluaci\u00f3n psicofisiol\u00f3gica aplicada al entrenamiento y a la competici\u00f3n<\/strong>\u00ab<\/h3>\n<ul>\n<li><strong>T\u00edtulo de la tesis:<\/strong>\u00a0 Variabilidad de la frecuencia cardiaca: evaluaci\u00f3n psicofisiol\u00f3gica aplicada al entrenamiento y a la competici\u00f3n <\/li>\n<li><strong>Autor:<\/strong>\u00a0 Julio C\u00e9sar Cervantes Bl\u00e1squez <\/li>\n<li><strong>Universidad:<\/strong>\u00a0 Aut\u00f3noma de barcelona<\/li>\n<li><strong>Fecha de lectura de la tesis:<\/strong>\u00a0 06\/11\/2009<\/li>\n<\/ul>\n<p>&nbsp;<\/p>\n<h3>Direcci\u00f3n y tribunal<\/h3>\n<ul>\n<li><strong>Director de la tesis<\/strong>\n<ul>\n<li>Llu\u00eds Capdevila Ort\u00eds<\/li>\n<\/ul>\n<\/li>\n<li><strong>Tribunal<\/strong>\n<ul>\n<li>Presidente del tribunal: jaume Cruz feliu <\/li>\n<li>Carlos Manuel Welsh rodr\u00edguez (vocal)<\/li>\n<li>  (vocal)<\/li>\n<li>  (vocal)<\/li>\n<\/ul>\n<\/li>\n<\/ul>\n<p>&nbsp;<\/p>\n","protected":false},"excerpt":{"rendered":"<p>Tesis doctoral de Julio C\u00e9sar Cervantes Bl\u00e1squez La variabilidad de la frecuencia cardiaca (vfc), definida como la capacidad del coraz\u00f3n [&hellip;]<\/p>\n","protected":false},"author":1,"featured_media":0,"comment_status":"open","ping_status":"open","sticky":false,"template":"","format":"standard","meta":{"site-sidebar-layout":"default","site-content-layout":"","ast-site-content-layout":"","site-content-style":"default","site-sidebar-style":"default","ast-global-header-display":"","ast-banner-title-visibility":"","ast-main-header-display":"","ast-hfb-above-header-display":"","ast-hfb-below-header-display":"","ast-hfb-mobile-header-display":"","site-post-title":"","ast-breadcrumbs-content":"","ast-featured-img":"","footer-sml-layout":"","theme-transparent-header-meta":"","adv-header-id-meta":"","stick-header-meta":"","header-above-stick-meta":"","header-main-stick-meta":"","header-below-stick-meta":"","astra-migrate-meta-layouts":"default","ast-page-background-enabled":"default","ast-page-background-meta":{"desktop":{"background-color":"var(--ast-global-color-4)","background-image":"","background-repeat":"repeat","background-position":"center center","background-size":"auto","background-attachment":"scroll","background-type":"","background-media":"","overlay-type":"","overlay-color":"","overlay-gradient":""},"tablet":{"background-color":"","background-image":"","background-repeat":"repeat","background-position":"center center","background-size":"auto","background-attachment":"scroll","background-type":"","background-media":"","overlay-type":"","overlay-color":"","overlay-gradient":""},"mobile":{"background-color":"","background-image":"","background-repeat":"repeat","background-position":"center center","background-size":"auto","background-attachment":"scroll","background-type":"","background-media":"","overlay-type":"","overlay-color":"","overlay-gradient":""}},"ast-content-background-meta":{"desktop":{"background-color":"var(--ast-global-color-5)","background-image":"","background-repeat":"repeat","background-position":"center center","background-size":"auto","background-attachment":"scroll","background-type":"","background-media":"","overlay-type":"","overlay-color":"","overlay-gradient":""},"tablet":{"background-color":"var(--ast-global-color-5)","background-image":"","background-repeat":"repeat","background-position":"center center","background-size":"auto","background-attachment":"scroll","background-type":"","background-media":"","overlay-type":"","overlay-color":"","overlay-gradient":""},"mobile":{"background-color":"var(--ast-global-color-5)","background-image":"","background-repeat":"repeat","background-position":"center center","background-size":"auto","background-attachment":"scroll","background-type":"","background-media":"","overlay-type":"","overlay-color":"","overlay-gradient":""}},"footnotes":""},"categories":[5110],"tags":[161546,17232,199038,12239],"class_list":["post-97050","post","type-post","status-publish","format-standard","hentry","category-psicologia-fisiologica","tag-carlos-manuel-welsh-rodriguez","tag-jaume-cruz-feliu","tag-julio-cesar-cervantes-blasquez","tag-lluis-capdevila-ortis"],"_links":{"self":[{"href":"https:\/\/www.deberes.net\/tesis\/wp-json\/wp\/v2\/posts\/97050","targetHints":{"allow":["GET"]}}],"collection":[{"href":"https:\/\/www.deberes.net\/tesis\/wp-json\/wp\/v2\/posts"}],"about":[{"href":"https:\/\/www.deberes.net\/tesis\/wp-json\/wp\/v2\/types\/post"}],"author":[{"embeddable":true,"href":"https:\/\/www.deberes.net\/tesis\/wp-json\/wp\/v2\/users\/1"}],"replies":[{"embeddable":true,"href":"https:\/\/www.deberes.net\/tesis\/wp-json\/wp\/v2\/comments?post=97050"}],"version-history":[{"count":0,"href":"https:\/\/www.deberes.net\/tesis\/wp-json\/wp\/v2\/posts\/97050\/revisions"}],"wp:attachment":[{"href":"https:\/\/www.deberes.net\/tesis\/wp-json\/wp\/v2\/media?parent=97050"}],"wp:term":[{"taxonomy":"category","embeddable":true,"href":"https:\/\/www.deberes.net\/tesis\/wp-json\/wp\/v2\/categories?post=97050"},{"taxonomy":"post_tag","embeddable":true,"href":"https:\/\/www.deberes.net\/tesis\/wp-json\/wp\/v2\/tags?post=97050"}],"curies":[{"name":"wp","href":"https:\/\/api.w.org\/{rel}","templated":true}]}}