{"id":97077,"date":"2009-06-11T00:00:00","date_gmt":"2009-06-11T00:00:00","guid":{"rendered":"https:\/\/www.deberes.net\/tesis\/sin-categoria\/il-tema-della-decadenza-nel-amastro-don-gesualdoa-di-verga-proposta-di-una-nuova-trama-di-motivia\/"},"modified":"2009-06-11T00:00:00","modified_gmt":"2009-06-11T00:00:00","slug":"il-tema-della-decadenza-nel-amastro-don-gesualdoa-di-verga-proposta-di-una-nuova-trama-di-motivia","status":"publish","type":"post","link":"https:\/\/www.deberes.net\/tesis\/ciencias-de-las-artes-y-las-letras\/il-tema-della-decadenza-nel-amastro-don-gesualdoa-di-verga-proposta-di-una-nuova-trama-di-motivia\/","title":{"rendered":"Il tema della decadenza nel \u00c2\u00bfmastro-don gesualdo\u00c2\u00bf di verga (proposta di una nuova trama di motivi\u00c2\u00bf"},"content":{"rendered":"<h2>Tesis doctoral de <strong> Antonia Deias <\/strong><\/h2>\n<p>Tesis sobre el tema de la decadencia en la novela maestro-don gesualdo de giovanni verga. El estudio arranca de un an\u00e1lisis de tipo simb\u00f3lico-ideol\u00f3gico de motivos aparentemente secundarios (como los retratos y el escudo familiares, la enfermedad del protagonista y el perro de san vito) y, siguiendo el hilo conductor de la decadencia familiar, reconstruye el modelo que subyace al declive de las dos clases sociales que se enfrentan en el mundo de la novela, la desgastada aristocracia y la burgues\u00eda en ascenso. por otro lado, el an\u00e1lisis de aspectos hasta ahora descuidados, atinentes a la onom\u00e1stica, a los top\u00f3nimos y a las fechas de acontecimientos que marcan la historia familiar, ha llevado a concluir que, detr\u00e1s de la decadencia de la familia, aparece la de la misma sicilia. Marcado por fechas y personajes que se han disfrazado y ocultado detr\u00e1s de una escritura dif\u00edcil y alusiva, el complejo mundo de mastro-don gesualdo nos ha llevado a la historia de la isla y a vislumbrar, detr\u00e1s del laberinto de la novela, mitos como el de las v\u00edsperas sicilianas y el de la reina blanca de navarra, que enlazan con la dif\u00edcil problem\u00e1tica de la identidad siciliana en una italia reci\u00e9n unificada.<\/p>\n<p>&nbsp;<\/p>\n<h3>Datos acad\u00e9micos de la tesis doctoral \u00ab<strong>Il tema della decadenza nel \u00c2\u00bfmastro-don gesualdo\u00c2\u00bf di verga (proposta di una nuova trama di motivi\u00c2\u00bf<\/strong>\u00ab<\/h3>\n<ul>\n<li><strong>T\u00edtulo de la tesis:<\/strong>\u00a0 Il tema della decadenza nel \u00c2\u00bfmastro-don gesualdo\u00c2\u00bf di verga (proposta di una nuova trama di motivi\u00c2\u00bf <\/li>\n<li><strong>Autor:<\/strong>\u00a0 Antonia Deias <\/li>\n<li><strong>Universidad:<\/strong>\u00a0 Pa\u00eds vasco\/euskal herriko unibertsitatea<\/li>\n<li><strong>Fecha de lectura de la tesis:<\/strong>\u00a0 06\/11\/2009<\/li>\n<\/ul>\n<p>&nbsp;<\/p>\n<h3>Direcci\u00f3n y tribunal<\/h3>\n<ul>\n<li><strong>Director de la tesis<\/strong>\n<ul>\n<li>Mar\u00eda De Las Nieves Mu\u00f1iz Mu\u00f1iz<\/li>\n<\/ul>\n<\/li>\n<li><strong>Tribunal<\/strong>\n<ul>\n<li>Presidente del tribunal: manuel Carrera d\u00edaz <\/li>\n<li>Luis Castells arteche (vocal)<\/li>\n<li>anna Dolfi (vocal)<\/li>\n<li>cesareo Calvo rigual (vocal)<\/li>\n<\/ul>\n<\/li>\n<\/ul>\n<p>&nbsp;<\/p>\n","protected":false},"excerpt":{"rendered":"<p>Tesis doctoral de Antonia Deias Tesis sobre el tema de la decadencia en la novela maestro-don gesualdo de giovanni verga. [&hellip;]<\/p>\n","protected":false},"author":1,"featured_media":0,"comment_status":"open","ping_status":"open","sticky":false,"template":"","format":"standard","meta":{"site-sidebar-layout":"default","site-content-layout":"","ast-site-content-layout":"","site-content-style":"default","site-sidebar-style":"default","ast-global-header-display":"","ast-banner-title-visibility":"","ast-main-header-display":"","ast-hfb-above-header-display":"","ast-hfb-below-header-display":"","ast-hfb-mobile-header-display":"","site-post-title":"","ast-breadcrumbs-content":"","ast-featured-img":"","footer-sml-layout":"","theme-transparent-header-meta":"","adv-header-id-meta":"","stick-header-meta":"","header-above-stick-meta":"","header-main-stick-meta":"","header-below-stick-meta":"","astra-migrate-meta-layouts":"default","ast-page-background-enabled":"default","ast-page-background-meta":{"desktop":{"background-color":"var(--ast-global-color-4)","background-image":"","background-repeat":"repeat","background-position":"center center","background-size":"auto","background-attachment":"scroll","background-type":"","background-media":"","overlay-type":"","overlay-color":"","overlay-gradient":""},"tablet":{"background-color":"","background-image":"","background-repeat":"repeat","background-position":"center center","background-size":"auto","background-attachment":"scroll","background-type":"","background-media":"","overlay-type":"","overlay-color":"","overlay-gradient":""},"mobile":{"background-color":"","background-image":"","background-repeat":"repeat","background-position":"center center","background-size":"auto","background-attachment":"scroll","background-type":"","background-media":"","overlay-type":"","overlay-color":"","overlay-gradient":""}},"ast-content-background-meta":{"desktop":{"background-color":"var(--ast-global-color-5)","background-image":"","background-repeat":"repeat","background-position":"center center","background-size":"auto","background-attachment":"scroll","background-type":"","background-media":"","overlay-type":"","overlay-color":"","overlay-gradient":""},"tablet":{"background-color":"var(--ast-global-color-5)","background-image":"","background-repeat":"repeat","background-position":"center center","background-size":"auto","background-attachment":"scroll","background-type":"","background-media":"","overlay-type":"","overlay-color":"","overlay-gradient":""},"mobile":{"background-color":"var(--ast-global-color-5)","background-image":"","background-repeat":"repeat","background-position":"center center","background-size":"auto","background-attachment":"scroll","background-type":"","background-media":"","overlay-type":"","overlay-color":"","overlay-gradient":""}},"footnotes":""},"categories":[147,12909],"tags":[11226,199090,121850,13361,2838,190614],"class_list":["post-97077","post","type-post","status-publish","format-standard","hentry","category-ciencias-de-las-artes-y-las-letras","category-pais-vasco-euskal-herriko-unibertsitatea","tag-anna-dolfi","tag-antonia-deias","tag-cesareo-calvo-rigual","tag-luis-castells-arteche","tag-manuel-carrera-diaz","tag-maria-de-las-nieves-muniz-muniz"],"_links":{"self":[{"href":"https:\/\/www.deberes.net\/tesis\/wp-json\/wp\/v2\/posts\/97077","targetHints":{"allow":["GET"]}}],"collection":[{"href":"https:\/\/www.deberes.net\/tesis\/wp-json\/wp\/v2\/posts"}],"about":[{"href":"https:\/\/www.deberes.net\/tesis\/wp-json\/wp\/v2\/types\/post"}],"author":[{"embeddable":true,"href":"https:\/\/www.deberes.net\/tesis\/wp-json\/wp\/v2\/users\/1"}],"replies":[{"embeddable":true,"href":"https:\/\/www.deberes.net\/tesis\/wp-json\/wp\/v2\/comments?post=97077"}],"version-history":[{"count":0,"href":"https:\/\/www.deberes.net\/tesis\/wp-json\/wp\/v2\/posts\/97077\/revisions"}],"wp:attachment":[{"href":"https:\/\/www.deberes.net\/tesis\/wp-json\/wp\/v2\/media?parent=97077"}],"wp:term":[{"taxonomy":"category","embeddable":true,"href":"https:\/\/www.deberes.net\/tesis\/wp-json\/wp\/v2\/categories?post=97077"},{"taxonomy":"post_tag","embeddable":true,"href":"https:\/\/www.deberes.net\/tesis\/wp-json\/wp\/v2\/tags?post=97077"}],"curies":[{"name":"wp","href":"https:\/\/api.w.org\/{rel}","templated":true}]}}