{"id":97094,"date":"2009-07-11T00:00:00","date_gmt":"2009-07-11T00:00:00","guid":{"rendered":"https:\/\/www.deberes.net\/tesis\/sin-categoria\/vicente-risco-e-a-educacion\/"},"modified":"2009-07-11T00:00:00","modified_gmt":"2009-07-11T00:00:00","slug":"vicente-risco-e-a-educacion","status":"publish","type":"post","link":"https:\/\/www.deberes.net\/tesis\/lengua-y-cultura\/vicente-risco-e-a-educacion\/","title":{"rendered":"Vicente risco e a educaci\u00f3n"},"content":{"rendered":"<h2>Tesis doctoral de <strong> Jos\u00e9 Fern\u00e1ndez Fern\u00e1ndez <\/strong><\/h2>\n<p>Por las 1119 p\u00e1ginas de las que consta esta tesis transcurre la vida y la dilatada obra educativa de vicente risco (orense 1884-1963): una sobresaliente figura del naionalismo gallego y personaje clave en el proceso de la galleguizaci\u00f3n de la ense\u00f1anza, especialmente en el tramo precedente a la contienda civil espa\u00f1ola. Per\u00edodo  en el que el movimiento galleguista formula una serie de consideraciones cr\u00edticas sobre el estado de la ense\u00f1anza en galicia. Formulaciones que llevar\u00edan al dise\u00f1o de un nuevo modelo escolar basado en presupuestos pedag\u00f3gicos renovadores.   en esa l\u00ednea se analizaron las contribuciones de este autor en el campo de la educaci\u00f3n en general y, en particular, a la construcci\u00f3n y desarrollo del proyecto de la escuela y de la transformaci\u00f3n de la sociedad gallega, entendiendo la formaci\u00f3n como un factor de cambio. As\u00ed mismo, se profundiz\u00f3 en el an\u00e1lisis e interpretaci\u00f3n de esas aprotaciones en sus diferenets poyecciones a trav\u00e9s de las variadas etapas pol\u00edticas por las que trasncurri\u00f3 su existencia, que van desde la restauraci\u00f3n hasta bien consolidado el franquismo. Extenso per\u00edodo al que se prolongan sus actuaciones en el \u00e1mbito acad\u00e9mico y profesional, en el proyecto galleguizadoren general y de la escuela en particular, abarcando, a su vez, la acci\u00f3n educativa no formal e informal, en conexi\u00f3n, a menudo con dicho poyecto.   risco, admiradore de tagore y gandhi, fue la persona escogida en la resuniones de las \u00abirmandades da fala\u00bb y otras asociaciones pra la elaboraci\u00f3n de programas relacionadas con la ense\u00f1anza galleguista y que se convirtieron  enun referente a seguir en la escuela gallega del pimer tercio del siglo xx. Programas en lso que resalta, dentro del regionalismo arquitect\u00f3nico, la infortancia del edificio escolar, el imprescindible papel de la figura del maestro como el alma de la escuela y de la introducci\u00f3n de ciertas materias y metodolog\u00edas innovadoras en el curr\u00edculo escolar. Adem\u00e1s, sent\u00f3 las bases de una escuela activa gallega, especialmente  a su paso a trav\u00e9s de su visi\u00f3n pedag\u00f3gica adquirida a su paso po la esuela de estudios superiores del magisterio de Madrid; colabor\u00f3 intensamentente  en aspectos ling\u00ed\u00bc\u00edsticos y etnogr\u00e1ficos necesarios para conocer la infancia y adaptar la escuela al medio rural; introdujo en los trabajos de campo a su alumnado, creando sus propias teor\u00edas. Como proesor de metodolog\u00eda de la historia de la escuela de magisteiro de orense estableci\u00f3n criterios para la ense\u00f1anza de esta materia. Su labor fue una labor de siembra, inculcando entre el alumnado y la juventud de su tiempo el amor a gaicia desde el \u00e1mbito acad\u00e9micos, hasta los recorridos a pie, pasando por las terturlias de los caf\u00e9s y las mantenidas en su propio hogar. Una actuaci\u00f3n seguida en este trabajo que hacen considerar a risco comoun pedagogo gallego de la primera mitada del siglo pasado<\/p>\n<p>&nbsp;<\/p>\n<h3>Datos acad\u00e9micos de la tesis doctoral \u00ab<strong>Vicente risco e a educaci\u00f3n<\/strong>\u00ab<\/h3>\n<ul>\n<li><strong>T\u00edtulo de la tesis:<\/strong>\u00a0 Vicente risco e a educaci\u00f3n <\/li>\n<li><strong>Autor:<\/strong>\u00a0 Jos\u00e9 Fern\u00e1ndez Fern\u00e1ndez <\/li>\n<li><strong>Universidad:<\/strong>\u00a0 Vigo<\/li>\n<li><strong>Fecha de lectura de la tesis:<\/strong>\u00a0 07\/11\/2009<\/li>\n<\/ul>\n<p>&nbsp;<\/p>\n<h3>Direcci\u00f3n y tribunal<\/h3>\n<ul>\n<li><strong>Director de la tesis<\/strong>\n<ul>\n<li>Carmen Benso Calvo<\/li>\n<\/ul>\n<\/li>\n<li><strong>Tribunal<\/strong>\n<ul>\n<li>Presidente del tribunal: narciso De gabriel fernandez <\/li>\n<li>eugenio Otero urtaza (vocal)<\/li>\n<li>anton Costa rico (vocal)<\/li>\n<li>  (vocal)<\/li>\n<\/ul>\n<\/li>\n<\/ul>\n<p>&nbsp;<\/p>\n","protected":false},"excerpt":{"rendered":"<p>Tesis doctoral de Jos\u00e9 Fern\u00e1ndez Fern\u00e1ndez Por las 1119 p\u00e1ginas de las que consta esta tesis transcurre la vida y [&hellip;]<\/p>\n","protected":false},"author":1,"featured_media":0,"comment_status":"open","ping_status":"open","sticky":false,"template":"","format":"standard","meta":{"site-sidebar-layout":"default","site-content-layout":"","ast-site-content-layout":"","site-content-style":"default","site-sidebar-style":"default","ast-global-header-display":"","ast-banner-title-visibility":"","ast-main-header-display":"","ast-hfb-above-header-display":"","ast-hfb-below-header-display":"","ast-hfb-mobile-header-display":"","site-post-title":"","ast-breadcrumbs-content":"","ast-featured-img":"","footer-sml-layout":"","theme-transparent-header-meta":"","adv-header-id-meta":"","stick-header-meta":"","header-above-stick-meta":"","header-main-stick-meta":"","header-below-stick-meta":"","astra-migrate-meta-layouts":"default","ast-page-background-enabled":"default","ast-page-background-meta":{"desktop":{"background-color":"var(--ast-global-color-4)","background-image":"","background-repeat":"repeat","background-position":"center center","background-size":"auto","background-attachment":"scroll","background-type":"","background-media":"","overlay-type":"","overlay-color":"","overlay-gradient":""},"tablet":{"background-color":"","background-image":"","background-repeat":"repeat","background-position":"center center","background-size":"auto","background-attachment":"scroll","background-type":"","background-media":"","overlay-type":"","overlay-color":"","overlay-gradient":""},"mobile":{"background-color":"","background-image":"","background-repeat":"repeat","background-position":"center center","background-size":"auto","background-attachment":"scroll","background-type":"","background-media":"","overlay-type":"","overlay-color":"","overlay-gradient":""}},"ast-content-background-meta":{"desktop":{"background-color":"var(--ast-global-color-5)","background-image":"","background-repeat":"repeat","background-position":"center center","background-size":"auto","background-attachment":"scroll","background-type":"","background-media":"","overlay-type":"","overlay-color":"","overlay-gradient":""},"tablet":{"background-color":"var(--ast-global-color-5)","background-image":"","background-repeat":"repeat","background-position":"center center","background-size":"auto","background-attachment":"scroll","background-type":"","background-media":"","overlay-type":"","overlay-color":"","overlay-gradient":""},"mobile":{"background-color":"var(--ast-global-color-5)","background-image":"","background-repeat":"repeat","background-position":"center center","background-size":"auto","background-attachment":"scroll","background-type":"","background-media":"","overlay-type":"","overlay-color":"","overlay-gradient":""}},"footnotes":""},"categories":[8763,11958,18657],"tags":[11368,79865,99953,199117,21128],"class_list":["post-97094","post","type-post","status-publish","format-standard","hentry","category-lengua-y-cultura","category-teorias-educativas","category-vigo","tag-anton-costa-rico","tag-carmen-benso-calvo","tag-eugenio-otero-urtaza","tag-jose-fernandez-fernandez","tag-narciso-de-gabriel-fernandez"],"_links":{"self":[{"href":"https:\/\/www.deberes.net\/tesis\/wp-json\/wp\/v2\/posts\/97094","targetHints":{"allow":["GET"]}}],"collection":[{"href":"https:\/\/www.deberes.net\/tesis\/wp-json\/wp\/v2\/posts"}],"about":[{"href":"https:\/\/www.deberes.net\/tesis\/wp-json\/wp\/v2\/types\/post"}],"author":[{"embeddable":true,"href":"https:\/\/www.deberes.net\/tesis\/wp-json\/wp\/v2\/users\/1"}],"replies":[{"embeddable":true,"href":"https:\/\/www.deberes.net\/tesis\/wp-json\/wp\/v2\/comments?post=97094"}],"version-history":[{"count":0,"href":"https:\/\/www.deberes.net\/tesis\/wp-json\/wp\/v2\/posts\/97094\/revisions"}],"wp:attachment":[{"href":"https:\/\/www.deberes.net\/tesis\/wp-json\/wp\/v2\/media?parent=97094"}],"wp:term":[{"taxonomy":"category","embeddable":true,"href":"https:\/\/www.deberes.net\/tesis\/wp-json\/wp\/v2\/categories?post=97094"},{"taxonomy":"post_tag","embeddable":true,"href":"https:\/\/www.deberes.net\/tesis\/wp-json\/wp\/v2\/tags?post=97094"}],"curies":[{"name":"wp","href":"https:\/\/api.w.org\/{rel}","templated":true}]}}