{"id":97097,"date":"2009-09-11T00:00:00","date_gmt":"2009-09-11T00:00:00","guid":{"rendered":"https:\/\/www.deberes.net\/tesis\/sin-categoria\/analisis-de-mutaciones-en-el-gen-mutyh-en-poblacion-espanola-afecta-de-poliposis-colorretal-multiple-sin-mutacion-en-el-gen-apc\/"},"modified":"2009-09-11T00:00:00","modified_gmt":"2009-09-11T00:00:00","slug":"analisis-de-mutaciones-en-el-gen-mutyh-en-poblacion-espanola-afecta-de-poliposis-colorretal-multiple-sin-mutacion-en-el-gen-apc","status":"publish","type":"post","link":"https:\/\/www.deberes.net\/tesis\/medicina-interna\/analisis-de-mutaciones-en-el-gen-mutyh-en-poblacion-espanola-afecta-de-poliposis-colorretal-multiple-sin-mutacion-en-el-gen-apc\/","title":{"rendered":"An\u00e1lisis de mutaciones en el gen mutyh en poblaci\u00f3n espa\u00f1ola afecta de poliposis colorretal m\u00faltiple sin mutaci\u00f3n en el gen apc."},"content":{"rendered":"<h2>Tesis doctoral de <strong> Ana Isabel Ferrer P\u00e9rez <\/strong><\/h2>\n<p>La poliposis asociada a mutaciones en el gen mutyh es una entidad descrita recientemente que se produce por alteracion en el sistema de reparaci\u00f3n del adn por excisi\u00f3n de bases. se han descrito diversas mutaciones en diferentes poblaciones. el objetivo de este proyecto es describir la naturalez y frecuencia de mutaciones en el gen mutyh en poblacion espa\u00f1ola afecta de poliposis colorrectal multiple sin evidencia de mutacion en el gen apc.<\/p>\n<p>&nbsp;<\/p>\n<h3>Datos acad\u00e9micos de la tesis doctoral \u00ab<strong>An\u00e1lisis de mutaciones en el gen mutyh en poblaci\u00f3n espa\u00f1ola afecta de poliposis colorretal m\u00faltiple sin mutaci\u00f3n en el gen apc.<\/strong>\u00ab<\/h3>\n<ul>\n<li><strong>T\u00edtulo de la tesis:<\/strong>\u00a0 An\u00e1lisis de mutaciones en el gen mutyh en poblaci\u00f3n espa\u00f1ola afecta de poliposis colorretal m\u00faltiple sin mutaci\u00f3n en el gen apc. <\/li>\n<li><strong>Autor:<\/strong>\u00a0 Ana Isabel Ferrer P\u00e9rez <\/li>\n<li><strong>Universidad:<\/strong>\u00a0 Zaragoza<\/li>\n<li><strong>Fecha de lectura de la tesis:<\/strong>\u00a0 09\/11\/2009<\/li>\n<\/ul>\n<p>&nbsp;<\/p>\n<h3>Direcci\u00f3n y tribunal<\/h3>\n<ul>\n<li><strong>Director de la tesis<\/strong>\n<ul>\n<li>Alejandro Tres Sanchez<\/li>\n<\/ul>\n<\/li>\n<li><strong>Tribunal<\/strong>\n<ul>\n<li>Presidente del tribunal: angel Ferrandez arenas <\/li>\n<li>Manuel Ruiz-echarri rueda (vocal)<\/li>\n<li>berta Saez gutierrez (vocal)<\/li>\n<li>Mar\u00eda  dolores Miramar gallart (vocal)<\/li>\n<\/ul>\n<\/li>\n<\/ul>\n<p>&nbsp;<\/p>\n","protected":false},"excerpt":{"rendered":"<p>Tesis doctoral de Ana Isabel Ferrer P\u00e9rez La poliposis asociada a mutaciones en el gen mutyh es una entidad descrita [&hellip;]<\/p>\n","protected":false},"author":1,"featured_media":0,"comment_status":"open","ping_status":"open","sticky":false,"template":"","format":"standard","meta":{"site-sidebar-layout":"default","site-content-layout":"","ast-site-content-layout":"","site-content-style":"default","site-sidebar-style":"default","ast-global-header-display":"","ast-banner-title-visibility":"","ast-main-header-display":"","ast-hfb-above-header-display":"","ast-hfb-below-header-display":"","ast-hfb-mobile-header-display":"","site-post-title":"","ast-breadcrumbs-content":"","ast-featured-img":"","footer-sml-layout":"","theme-transparent-header-meta":"","adv-header-id-meta":"","stick-header-meta":"","header-above-stick-meta":"","header-main-stick-meta":"","header-below-stick-meta":"","astra-migrate-meta-layouts":"default","ast-page-background-enabled":"default","ast-page-background-meta":{"desktop":{"background-color":"var(--ast-global-color-4)","background-image":"","background-repeat":"repeat","background-position":"center center","background-size":"auto","background-attachment":"scroll","background-type":"","background-media":"","overlay-type":"","overlay-color":"","overlay-gradient":""},"tablet":{"background-color":"","background-image":"","background-repeat":"repeat","background-position":"center center","background-size":"auto","background-attachment":"scroll","background-type":"","background-media":"","overlay-type":"","overlay-color":"","overlay-gradient":""},"mobile":{"background-color":"","background-image":"","background-repeat":"repeat","background-position":"center center","background-size":"auto","background-attachment":"scroll","background-type":"","background-media":"","overlay-type":"","overlay-color":"","overlay-gradient":""}},"ast-content-background-meta":{"desktop":{"background-color":"var(--ast-global-color-5)","background-image":"","background-repeat":"repeat","background-position":"center center","background-size":"auto","background-attachment":"scroll","background-type":"","background-media":"","overlay-type":"","overlay-color":"","overlay-gradient":""},"tablet":{"background-color":"var(--ast-global-color-5)","background-image":"","background-repeat":"repeat","background-position":"center center","background-size":"auto","background-attachment":"scroll","background-type":"","background-media":"","overlay-type":"","overlay-color":"","overlay-gradient":""},"mobile":{"background-color":"var(--ast-global-color-5)","background-image":"","background-repeat":"repeat","background-position":"center center","background-size":"auto","background-attachment":"scroll","background-type":"","background-media":"","overlay-type":"","overlay-color":"","overlay-gradient":""}},"footnotes":""},"categories":[36483,6667,139,1027,13610],"tags":[27351,199120,199121,122919,199122,190054],"class_list":["post-97097","post","type-post","status-publish","format-standard","hentry","category-biologia-molecular","category-genetica-humana-de-poblaciones","category-medicina-interna","category-oncologia","category-zaragoza","tag-alejandro-tres-sanchez","tag-ana-isabel-ferrer-perez","tag-angel-ferrandez-arenas","tag-berta-saez-gutierrez","tag-manuel-ruiz-echarri-rueda","tag-maria-dolores-miramar-gallart"],"_links":{"self":[{"href":"https:\/\/www.deberes.net\/tesis\/wp-json\/wp\/v2\/posts\/97097","targetHints":{"allow":["GET"]}}],"collection":[{"href":"https:\/\/www.deberes.net\/tesis\/wp-json\/wp\/v2\/posts"}],"about":[{"href":"https:\/\/www.deberes.net\/tesis\/wp-json\/wp\/v2\/types\/post"}],"author":[{"embeddable":true,"href":"https:\/\/www.deberes.net\/tesis\/wp-json\/wp\/v2\/users\/1"}],"replies":[{"embeddable":true,"href":"https:\/\/www.deberes.net\/tesis\/wp-json\/wp\/v2\/comments?post=97097"}],"version-history":[{"count":0,"href":"https:\/\/www.deberes.net\/tesis\/wp-json\/wp\/v2\/posts\/97097\/revisions"}],"wp:attachment":[{"href":"https:\/\/www.deberes.net\/tesis\/wp-json\/wp\/v2\/media?parent=97097"}],"wp:term":[{"taxonomy":"category","embeddable":true,"href":"https:\/\/www.deberes.net\/tesis\/wp-json\/wp\/v2\/categories?post=97097"},{"taxonomy":"post_tag","embeddable":true,"href":"https:\/\/www.deberes.net\/tesis\/wp-json\/wp\/v2\/tags?post=97097"}],"curies":[{"name":"wp","href":"https:\/\/api.w.org\/{rel}","templated":true}]}}