{"id":97108,"date":"2009-09-11T00:00:00","date_gmt":"2009-09-11T00:00:00","guid":{"rendered":"https:\/\/www.deberes.net\/tesis\/sin-categoria\/prolegomenos-para-una-fundamentacion-filosofica-de-la-ecologia\/"},"modified":"2009-09-11T00:00:00","modified_gmt":"2009-09-11T00:00:00","slug":"prolegomenos-para-una-fundamentacion-filosofica-de-la-ecologia","status":"publish","type":"post","link":"https:\/\/www.deberes.net\/tesis\/filosofia-de-la-vida\/prolegomenos-para-una-fundamentacion-filosofica-de-la-ecologia\/","title":{"rendered":"Prolegomenos para una fundamentacion filosofica de la ecolog\u00eda"},"content":{"rendered":"<h2>Tesis doctoral de <strong> Monica Noemi Giardina Novelle <\/strong><\/h2>\n<p>Como el t\u00edtulo de mi tesis lo indica \u00abproleg\u00f3menos para una fundamentaci\u00f3n filos\u00f3fica de la ecolog\u00eda\u00bb, he intentado transcribir a y repensar en el campo de la filosof\u00eda, particularmente desde la fenomenolog\u00eda husserliana y la ontolog\u00eda heideggeriana, algunos de los conceptos y tesis clave del ecologismo, al que veo como uno de los signos potentes para pensar nuestro tiempo. Cuando digo ecolog\u00eda no me refiero solamente a la ciencia natural y social que estudia las interacciones de los seres vivos con su h\u00e1bitat sino tambi\u00e9n a sus m\u00faltiples manifestaciones en la doble trama del saber y del hacer, es decir, ecolog\u00eda como problema, como ciencia, como conciencia, como perfil de existencia, como movimiento social y pol\u00edtico e incluso como empresa. Considero, entonces, el fen\u00f3meno en sus diferentes manifestaciones pero sin perder de vista lo que todas ellas parecen tener en com\u00fan, esto es, un  compromiso en el cuidado de la tierra, del otro en tanto semejante y de las generaciones futuras. Y por eso no me detengo en la historia pol\u00edtica o institucional del ecologismo m\u00e1s que para situar algunos momentos culminantes. Tampoco hago distinciones entre las variadas ideolog\u00edas que acompa\u00f1an las fragmentaciones del movimiento. La tesis nuclear de mi trabajo de investigaci\u00f3n es que ambas filosof\u00edas contienen elementos valios\u00edsimos para pensar la preocupaci\u00f3n b\u00e1sica del ecologismo (la preservaci\u00f3n de la vida de y en la tierra), y sus tesis fundamentales, que podr\u00edan resumirse m\u00e1s o menos as\u00ed: la consideraci\u00f3n positiva de un valor intr\u00ednseco de la naturaleza, la identificaci\u00f3n entre diversidad natural  y diversidad cultural, el ideal de autorrealizaci\u00f3n que se consuma en el cuidado del medioambiente y se entiende como \u00abdejar-ser\u00bb; el rechazo al antropocentrismo tecnocr\u00e1tico, entre otras. Sostengo, entonces, por un lado, que para pensar hoy la \u00abvida del mundo\u00bb, como pretende la ecolog\u00eda, es preciso revisar la noci\u00f3n de \u00abmundo de la vida\u00bb, acu\u00f1ada por husserl, no s\u00f3lo por lo que ella contiene de cr\u00edtica a la desmesura cientificista, sino, en su misma estructura, en la que intervienen las nociones de objeto, horizonte y mundo. Se trata de una categor\u00eda capaz de fundamentar una \u00e9tica de la responsabilidad, para con los humanos y con lo no humano. Esta ampliaci\u00f3n de la fenomenolog\u00eda de la conciencia a la fenomenolog\u00eda de la intersubjetividad reviste toda una posici\u00f3n pol\u00edtica y \u00e9tica, pues la comunidad de la raz\u00f3n debe ser pensada en husserl, en \u00faltima instancia, como comunidad de amor. En el \u00e1mbito de la filosof\u00eda heideggeriana, por su parte, es sin duda la cuesti\u00f3n de la t\u00e9cnica la que se va transformando a partir de los a\u00f1os 30 en el  elemento articulador de sus meditaciones, y es ella la que est\u00e1 a la base de una ontolog\u00eda del habitar, esto es, del \u00absalvar\u00bb la tierra, que est\u00e1 amenazada precisamente por el emplazamiento tecnol\u00f3gico; por eso, s\u00f3lo a trav\u00e9s de una di\u00e1logo libre esta esencia -que no es nada t\u00e9cnico- el ser humano podr\u00e1 propiciar una nueva alianza con el ser.<\/p>\n<p>&nbsp;<\/p>\n<h3>Datos acad\u00e9micos de la tesis doctoral \u00ab<strong>Prolegomenos para una fundamentacion filosofica de la ecolog\u00eda<\/strong>\u00ab<\/h3>\n<ul>\n<li><strong>T\u00edtulo de la tesis:<\/strong>\u00a0 Prolegomenos para una fundamentacion filosofica de la ecolog\u00eda <\/li>\n<li><strong>Autor:<\/strong>\u00a0 Monica Noemi Giardina Novelle <\/li>\n<li><strong>Universidad:<\/strong>\u00a0 Nacional de educaci\u00f3n a distancia<\/li>\n<li><strong>Fecha de lectura de la tesis:<\/strong>\u00a0 09\/11\/2009<\/li>\n<\/ul>\n<p>&nbsp;<\/p>\n<h3>Direcci\u00f3n y tribunal<\/h3>\n<ul>\n<li><strong>Director de la tesis<\/strong>\n<ul>\n<li>Javier San Martin Sala<\/li>\n<\/ul>\n<\/li>\n<li><strong>Tribunal<\/strong>\n<ul>\n<li>Presidente del tribunal: raul Gabas pallas <\/li>\n<li>ramon Rodriguez garcia (vocal)<\/li>\n<li>Manuel Fraij\u00f3 nieto (vocal)<\/li>\n<li>roberto Walton (vocal)<\/li>\n<\/ul>\n<\/li>\n<\/ul>\n<p>&nbsp;<\/p>\n","protected":false},"excerpt":{"rendered":"<p>Tesis doctoral de Monica Noemi Giardina Novelle Como el t\u00edtulo de mi tesis lo indica \u00abproleg\u00f3menos para una fundamentaci\u00f3n filos\u00f3fica [&hellip;]<\/p>\n","protected":false},"author":1,"featured_media":0,"comment_status":"open","ping_status":"open","sticky":false,"template":"","format":"standard","meta":{"site-sidebar-layout":"default","site-content-layout":"","ast-site-content-layout":"","site-content-style":"default","site-sidebar-style":"default","ast-global-header-display":"","ast-banner-title-visibility":"","ast-main-header-display":"","ast-hfb-above-header-display":"","ast-hfb-below-header-display":"","ast-hfb-mobile-header-display":"","site-post-title":"","ast-breadcrumbs-content":"","ast-featured-img":"","footer-sml-layout":"","theme-transparent-header-meta":"","adv-header-id-meta":"","stick-header-meta":"","header-above-stick-meta":"","header-main-stick-meta":"","header-below-stick-meta":"","astra-migrate-meta-layouts":"default","ast-page-background-enabled":"default","ast-page-background-meta":{"desktop":{"background-color":"var(--ast-global-color-4)","background-image":"","background-repeat":"repeat","background-position":"center center","background-size":"auto","background-attachment":"scroll","background-type":"","background-media":"","overlay-type":"","overlay-color":"","overlay-gradient":""},"tablet":{"background-color":"","background-image":"","background-repeat":"repeat","background-position":"center center","background-size":"auto","background-attachment":"scroll","background-type":"","background-media":"","overlay-type":"","overlay-color":"","overlay-gradient":""},"mobile":{"background-color":"","background-image":"","background-repeat":"repeat","background-position":"center center","background-size":"auto","background-attachment":"scroll","background-type":"","background-media":"","overlay-type":"","overlay-color":"","overlay-gradient":""}},"ast-content-background-meta":{"desktop":{"background-color":"var(--ast-global-color-5)","background-image":"","background-repeat":"repeat","background-position":"center center","background-size":"auto","background-attachment":"scroll","background-type":"","background-media":"","overlay-type":"","overlay-color":"","overlay-gradient":""},"tablet":{"background-color":"var(--ast-global-color-5)","background-image":"","background-repeat":"repeat","background-position":"center center","background-size":"auto","background-attachment":"scroll","background-type":"","background-media":"","overlay-type":"","overlay-color":"","overlay-gradient":""},"mobile":{"background-color":"var(--ast-global-color-5)","background-image":"","background-repeat":"repeat","background-position":"center center","background-size":"auto","background-attachment":"scroll","background-type":"","background-media":"","overlay-type":"","overlay-color":"","overlay-gradient":""}},"footnotes":""},"categories":[271,17070],"tags":[23344,31404,199138,6319,20217,199139],"class_list":["post-97108","post","type-post","status-publish","format-standard","hentry","category-filosofia-de-la-vida","category-nacional-de-educacion-a-distancia","tag-javier-san-martin-sala","tag-manuel-fraijo-nieto","tag-monica-noemi-giardina-novelle","tag-ramon-rodriguez-garcia","tag-raul-gabas-pallas","tag-roberto-walton"],"_links":{"self":[{"href":"https:\/\/www.deberes.net\/tesis\/wp-json\/wp\/v2\/posts\/97108","targetHints":{"allow":["GET"]}}],"collection":[{"href":"https:\/\/www.deberes.net\/tesis\/wp-json\/wp\/v2\/posts"}],"about":[{"href":"https:\/\/www.deberes.net\/tesis\/wp-json\/wp\/v2\/types\/post"}],"author":[{"embeddable":true,"href":"https:\/\/www.deberes.net\/tesis\/wp-json\/wp\/v2\/users\/1"}],"replies":[{"embeddable":true,"href":"https:\/\/www.deberes.net\/tesis\/wp-json\/wp\/v2\/comments?post=97108"}],"version-history":[{"count":0,"href":"https:\/\/www.deberes.net\/tesis\/wp-json\/wp\/v2\/posts\/97108\/revisions"}],"wp:attachment":[{"href":"https:\/\/www.deberes.net\/tesis\/wp-json\/wp\/v2\/media?parent=97108"}],"wp:term":[{"taxonomy":"category","embeddable":true,"href":"https:\/\/www.deberes.net\/tesis\/wp-json\/wp\/v2\/categories?post=97108"},{"taxonomy":"post_tag","embeddable":true,"href":"https:\/\/www.deberes.net\/tesis\/wp-json\/wp\/v2\/tags?post=97108"}],"curies":[{"name":"wp","href":"https:\/\/api.w.org\/{rel}","templated":true}]}}