{"id":97118,"date":"2009-09-11T00:00:00","date_gmt":"2009-09-11T00:00:00","guid":{"rendered":"https:\/\/www.deberes.net\/tesis\/sin-categoria\/aanestesia-o-recobro-invisibilidad-de-las-imagenes\/"},"modified":"2009-09-11T00:00:00","modified_gmt":"2009-09-11T00:00:00","slug":"aanestesia-o-recobro-invisibilidad-de-las-imagenes","status":"publish","type":"post","link":"https:\/\/www.deberes.net\/tesis\/dibujo-y-grabado\/aanestesia-o-recobro-invisibilidad-de-las-imagenes\/","title":{"rendered":"\u00c2\u00bfanestesia o recobro? (in)visibilidad de las im\u00e1genes"},"content":{"rendered":"<h2>Tesis doctoral de <strong> Mar\u00eda  Jo\u00c1\u00a3o Barros P\u00c1\u00aago Barbosa <\/strong><\/h2>\n<p>La presente investigaci\u00f3n se centra en la visibilidad de la imagen, cuestiona lo que provoca su invisibilidad, su lado material y su lado no verbal.  la apropiaci\u00f3n de dos t\u00e9rminos m\u00e9dicos, anestesis y recobro para el t\u00edtulo de este estudio, surge de la necesidad de establecer una conexi\u00f3n directa a la invisibilidad y a la visibilidad de las im\u00e1genes, respectivamente.  la imagen ser\u00e1 aqu\u00ed importante en cuanto representaci\u00f3n, construcci\u00f3n y producci\u00f3n de pr\u00e1cticas de significaci\u00f3n de la realidad y responsable por la generaci\u00f3n de repertorios semi\u00f3ticos, ret\u00f3ricos y estil\u00edsticos.  se ha pretendido estudiar las im\u00e1genes en sus diferentes lecturas: la hist\u00f3rica, la aleg\u00f3rica, la m\u00edstica, la anal\u00f3gica, la art\u00edstica. Analizar algunos de los hitos de la historia, donde las im\u00e1genes provocaron grandes cambios en el arte de comunicar, y entender lo que caracteriza a esta apat\u00eda general de la sociedad moderna.  de este modo se ha procurado analizar las diferentes variantes que confieren y promueven a una imagen estatutos diferentes: a cosa visible, a mercanc\u00eda, a fuente hist\u00f3rica o a objeto art\u00edstico y su relaci\u00f3n con su autor\u00eda, sus usos y su contexto de producci\u00f3n. lo que convierte la imagen visible y de c\u00f3mo esa visibilidad se convierte en cultura&#8230; O no.  en una tentativa de deconstrucci\u00f3n interpretativa, anal\u00edtica y comparativa de homolog\u00edas que posibilitasen encontrar afinidades entre la imagen creativa comercial (publicitaria) y la imagen creativa art\u00edstica, entre la imagen real y la realidad virtual, ente el conceptual y el retiniano este estudio se revel\u00f3 m\u00e1s diagn\u00f3stico que conclusivo. hoy el arte no es hecho de estilos, pero s\u00ed de posibilidades de representaci\u00f3n que valoran el simb\u00f3lico y lo que est\u00e1 para all\u00e1 de la apariencia. La subjetividad y el lado invisible del arte representan en la actualidad los valores diferenciadores que la distancian de la vulgaridad. este valor acrecentado diferencia la imagen creativa de la imagen puramente t\u00e9cnica o de car\u00e1cter informativo.  es en el lado invisible, m\u00e1s profundo, m\u00e1s significante y m\u00e1s afectivo de los objetos y de las im\u00e1genes, que se va construyendo, a largo plazo en la memoria, nuestro ecosistema simb\u00f3lico individual.  esta demarcaci\u00f3n de la uniformizaci\u00f3n de la mirada se llama aqu\u00ed de recobro  &#8211; una mirada que refleja una visi\u00f3n interior creativa, pensante e individual.   [in]visibilidad+significado = recobro<\/p>\n<p>&nbsp;<\/p>\n<h3>Datos acad\u00e9micos de la tesis doctoral \u00ab<strong>\u00c2\u00bfanestesia o recobro? (in)visibilidad de las im\u00e1genes<\/strong>\u00ab<\/h3>\n<ul>\n<li><strong>T\u00edtulo de la tesis:<\/strong>\u00a0 \u00c2\u00bfanestesia o recobro? (in)visibilidad de las im\u00e1genes <\/li>\n<li><strong>Autor:<\/strong>\u00a0 Mar\u00eda  Jo\u00c1\u00a3o Barros P\u00c1\u00aago Barbosa <\/li>\n<li><strong>Universidad:<\/strong>\u00a0 Vigo<\/li>\n<li><strong>Fecha de lectura de la tesis:<\/strong>\u00a0 09\/11\/2009<\/li>\n<\/ul>\n<p>&nbsp;<\/p>\n<h3>Direcci\u00f3n y tribunal<\/h3>\n<ul>\n<li><strong>Director de la tesis<\/strong>\n<ul>\n<li>Antonio Bandera Vera<\/li>\n<\/ul>\n<\/li>\n<li><strong>Tribunal<\/strong>\n<ul>\n<li>Presidente del tribunal: Juan  Fernando de la Iglesia gonzalez de pereda <\/li>\n<li>Francisco Peixoto alves (vocal)<\/li>\n<li>Jos\u00e9 Mar\u00eda Lillo perez (vocal)<\/li>\n<li>M\u00aa helena Teixeira maia (vocal)<\/li>\n<\/ul>\n<\/li>\n<\/ul>\n<p>&nbsp;<\/p>\n","protected":false},"excerpt":{"rendered":"<p>Tesis doctoral de Mar\u00eda Jo\u00c1\u00a3o Barros P\u00c1\u00aago Barbosa La presente investigaci\u00f3n se centra en la visibilidad de la imagen, cuestiona [&hellip;]<\/p>\n","protected":false},"author":1,"featured_media":0,"comment_status":"open","ping_status":"open","sticky":false,"template":"","format":"standard","meta":{"site-sidebar-layout":"default","site-content-layout":"","ast-site-content-layout":"","site-content-style":"default","site-sidebar-style":"default","ast-global-header-display":"","ast-banner-title-visibility":"","ast-main-header-display":"","ast-hfb-above-header-display":"","ast-hfb-below-header-display":"","ast-hfb-mobile-header-display":"","site-post-title":"","ast-breadcrumbs-content":"","ast-featured-img":"","footer-sml-layout":"","theme-transparent-header-meta":"","adv-header-id-meta":"","stick-header-meta":"","header-above-stick-meta":"","header-main-stick-meta":"","header-below-stick-meta":"","astra-migrate-meta-layouts":"default","ast-page-background-enabled":"default","ast-page-background-meta":{"desktop":{"background-color":"var(--ast-global-color-4)","background-image":"","background-repeat":"repeat","background-position":"center center","background-size":"auto","background-attachment":"scroll","background-type":"","background-media":"","overlay-type":"","overlay-color":"","overlay-gradient":""},"tablet":{"background-color":"","background-image":"","background-repeat":"repeat","background-position":"center center","background-size":"auto","background-attachment":"scroll","background-type":"","background-media":"","overlay-type":"","overlay-color":"","overlay-gradient":""},"mobile":{"background-color":"","background-image":"","background-repeat":"repeat","background-position":"center center","background-size":"auto","background-attachment":"scroll","background-type":"","background-media":"","overlay-type":"","overlay-color":"","overlay-gradient":""}},"ast-content-background-meta":{"desktop":{"background-color":"var(--ast-global-color-5)","background-image":"","background-repeat":"repeat","background-position":"center center","background-size":"auto","background-attachment":"scroll","background-type":"","background-media":"","overlay-type":"","overlay-color":"","overlay-gradient":""},"tablet":{"background-color":"var(--ast-global-color-5)","background-image":"","background-repeat":"repeat","background-position":"center center","background-size":"auto","background-attachment":"scroll","background-type":"","background-media":"","overlay-type":"","overlay-color":"","overlay-gradient":""},"mobile":{"background-color":"var(--ast-global-color-5)","background-image":"","background-repeat":"repeat","background-position":"center center","background-size":"auto","background-attachment":"scroll","background-type":"","background-media":"","overlay-type":"","overlay-color":"","overlay-gradient":""}},"footnotes":""},"categories":[4100,18657],"tags":[32589,39126,9440,4367,199151,196871],"class_list":["post-97118","post","type-post","status-publish","format-standard","hentry","category-dibujo-y-grabado","category-vigo","tag-antonio-bandera-vera","tag-francisco-peixoto-alves","tag-jose-maria-lillo-perez","tag-juan-fernando-de-la-iglesia-gonzalez-de-pereda","tag-maria-joao-barros-paago-barbosa","tag-ma-helena-teixeira-maia"],"_links":{"self":[{"href":"https:\/\/www.deberes.net\/tesis\/wp-json\/wp\/v2\/posts\/97118","targetHints":{"allow":["GET"]}}],"collection":[{"href":"https:\/\/www.deberes.net\/tesis\/wp-json\/wp\/v2\/posts"}],"about":[{"href":"https:\/\/www.deberes.net\/tesis\/wp-json\/wp\/v2\/types\/post"}],"author":[{"embeddable":true,"href":"https:\/\/www.deberes.net\/tesis\/wp-json\/wp\/v2\/users\/1"}],"replies":[{"embeddable":true,"href":"https:\/\/www.deberes.net\/tesis\/wp-json\/wp\/v2\/comments?post=97118"}],"version-history":[{"count":0,"href":"https:\/\/www.deberes.net\/tesis\/wp-json\/wp\/v2\/posts\/97118\/revisions"}],"wp:attachment":[{"href":"https:\/\/www.deberes.net\/tesis\/wp-json\/wp\/v2\/media?parent=97118"}],"wp:term":[{"taxonomy":"category","embeddable":true,"href":"https:\/\/www.deberes.net\/tesis\/wp-json\/wp\/v2\/categories?post=97118"},{"taxonomy":"post_tag","embeddable":true,"href":"https:\/\/www.deberes.net\/tesis\/wp-json\/wp\/v2\/tags?post=97118"}],"curies":[{"name":"wp","href":"https:\/\/api.w.org\/{rel}","templated":true}]}}