{"id":97138,"date":"2009-11-11T00:00:00","date_gmt":"2009-11-11T00:00:00","guid":{"rendered":"https:\/\/www.deberes.net\/tesis\/sin-categoria\/eficacia-del-aloe-vera-barbadensis-gel-en-el-la%c2%adquen-plano-oral-estudio-cla%c2%adnico-doble-ciego\/"},"modified":"2009-11-11T00:00:00","modified_gmt":"2009-11-11T00:00:00","slug":"eficacia-del-aloe-vera-barbadensis-gel-en-el-la%c2%adquen-plano-oral-estudio-cla%c2%adnico-doble-ciego","status":"publish","type":"post","link":"https:\/\/www.deberes.net\/tesis\/estomatologia-y-ortodoncia\/eficacia-del-aloe-vera-barbadensis-gel-en-el-la%c2%adquen-plano-oral-estudio-cla%c2%adnico-doble-ciego\/","title":{"rendered":"Eficacia del aloe vera barbadensis gel en el l\u00edquen plano oral: estudio cl\u00ednico doble-ciego"},"content":{"rendered":"<h2>Tesis doctoral de <strong> Noem\u00ed Salazar S\u00e1nchez <\/strong><\/h2>\n<p>El liquen plano es una enfermedad  mucocut\u00e1nea inflamatoria cr\u00f3nica, de etiolog\u00eda desconocida, base autoinmune, con manifestaciones orales muy frecuentes aunque puede afectar a piel y faneras. Tiene una cl\u00ednica e histolog\u00eda caracter\u00edsticas y de curso evolutivo benigno, aunque en ocasiones puede llegar a sufrir una degeneraci\u00f3n maligna. la enfermedad evoluciona de forma cr\u00f3nica y se manifiesta en forma de brotes y recidivas variables de unos casos a otros, siendo muy escasos los pacientes que experimentan una curaci\u00f3n completa. no existe un tratamiento totalmente resolutivo y efectivo, centr\u00e1ndose nuestra actitud terap\u00e9utica en el empleo de f\u00e1rmacos que frenen la inflamaci\u00f3n tisular y los mecanismos inmunol\u00f3gicos implicados en su patogenia. La principal terapia del lpo han sido hasta ahora los corticosesteroides bien a nivel sist\u00e9mico o t\u00f3pico. El principal inconveniente de estas terapias han sido los efectos secundarios que se suelen presentar.  el aloe vera ha demostrado ser tambi\u00e9n muy efectivo en dermatolog\u00eda, sobre todo en el tratamiento de la psoriasis y de quemaduras de segundo grado, gracias a su actividad cicatrizante y emoliente, sin generar efectos secundarios. de ah\u00ed que nos plante\u00e1ramos realizar un estudio doble-ciego sobre un grupo de 55 pacientes diagnosticados cl\u00ednica e histol\u00f3gicamente de liquen plano oral, para valorar la eficacia del la aplicaci\u00f3n t\u00f3pica de aloe vera barbadensis gel sobre las lesiones de lpo.  una vez analizados los resultados de nuestro estudio, llegamos a las siguientes conclusiones: 1.\tLos pacientes de lpo tratados con aloe vera barbadensis  muestran una reducci\u00f3n del dolor a  las 6 y 12  semanas de su aplicaci\u00f3n aunque sin diferencias significativas con respecto al placebo.   2.\tEn el an\u00e1lisis del perfil psicol\u00f3gico del paciente mediante la escala de ansiedad y depresi\u00f3n hospitalaria (hda), no se produjeron cambios significativos en ninguno de los dos grupos de estudio.   3.\tTranscurrido los tres meses de tratamiento, las lesiones cl\u00ednicas evolucionaron de un grado iii a un grado ii, seg\u00fan los  criterios establecidos por malhotra y cols en el 2007, mejorando su puntuaci\u00f3n.   4.\tLa calidad de vida oral en pacientes con lpo se ve mejorada de forma significativa con el uso de aloe vera barbadensis. Con respecto al grupo placebo. Encontrando diferencias estad\u00edsticamente significativas en  el domininio de incapacidad psicologica y ohip total.   5.\tLa aplicaci\u00f3n de aloe vera en gel tres veces al d\u00eda encontramos una remision completa 31,25% a las 6 semanas y un 61% a los 3 meses de tratamiento en los pacientes con liquen plano oral.  6.\t No se obrservaron efectos adversos durante el periodo de estudio para ninguno de los grupos.<\/p>\n<p>&nbsp;<\/p>\n<h3>Datos acad\u00e9micos de la tesis doctoral \u00ab<strong>Eficacia del aloe vera barbadensis gel en el l\u00edquen plano oral: estudio cl\u00ednico doble-ciego<\/strong>\u00ab<\/h3>\n<ul>\n<li><strong>T\u00edtulo de la tesis:<\/strong>\u00a0 Eficacia del aloe vera barbadensis gel en el l\u00edquen plano oral: estudio cl\u00ednico doble-ciego <\/li>\n<li><strong>Autor:<\/strong>\u00a0 Noem\u00ed Salazar S\u00e1nchez <\/li>\n<li><strong>Universidad:<\/strong>\u00a0 Murcia<\/li>\n<li><strong>Fecha de lectura de la tesis:<\/strong>\u00a0 11\/11\/2009<\/li>\n<\/ul>\n<p>&nbsp;<\/p>\n<h3>Direcci\u00f3n y tribunal<\/h3>\n<ul>\n<li><strong>Director de la tesis<\/strong>\n<ul>\n<li>Mar\u00eda  Pia Lopez Jornet<\/li>\n<\/ul>\n<\/li>\n<li><strong>Tribunal<\/strong>\n<ul>\n<li>Presidente del tribunal: ambrosio Bermejo fenoll <\/li>\n<li>german Esparza gomez (vocal)<\/li>\n<li>Antonio  Jos\u00e9 Ortiz ruiz (vocal)<\/li>\n<li>yolanda Jim\u00e9nez soriano (vocal)<\/li>\n<\/ul>\n<\/li>\n<\/ul>\n<p>&nbsp;<\/p>\n","protected":false},"excerpt":{"rendered":"<p>Tesis doctoral de Noem\u00ed Salazar S\u00e1nchez El liquen plano es una enfermedad mucocut\u00e1nea inflamatoria cr\u00f3nica, de etiolog\u00eda desconocida, base autoinmune, [&hellip;]<\/p>\n","protected":false},"author":1,"featured_media":0,"comment_status":"open","ping_status":"open","sticky":false,"template":"","format":"standard","meta":{"site-sidebar-layout":"default","site-content-layout":"","ast-site-content-layout":"","site-content-style":"default","site-sidebar-style":"default","ast-global-header-display":"","ast-banner-title-visibility":"","ast-main-header-display":"","ast-hfb-above-header-display":"","ast-hfb-below-header-display":"","ast-hfb-mobile-header-display":"","site-post-title":"","ast-breadcrumbs-content":"","ast-featured-img":"","footer-sml-layout":"","theme-transparent-header-meta":"","adv-header-id-meta":"","stick-header-meta":"","header-above-stick-meta":"","header-main-stick-meta":"","header-below-stick-meta":"","astra-migrate-meta-layouts":"default","ast-page-background-enabled":"default","ast-page-background-meta":{"desktop":{"background-color":"var(--ast-global-color-4)","background-image":"","background-repeat":"repeat","background-position":"center center","background-size":"auto","background-attachment":"scroll","background-type":"","background-media":"","overlay-type":"","overlay-color":"","overlay-gradient":""},"tablet":{"background-color":"","background-image":"","background-repeat":"repeat","background-position":"center center","background-size":"auto","background-attachment":"scroll","background-type":"","background-media":"","overlay-type":"","overlay-color":"","overlay-gradient":""},"mobile":{"background-color":"","background-image":"","background-repeat":"repeat","background-position":"center center","background-size":"auto","background-attachment":"scroll","background-type":"","background-media":"","overlay-type":"","overlay-color":"","overlay-gradient":""}},"ast-content-background-meta":{"desktop":{"background-color":"var(--ast-global-color-5)","background-image":"","background-repeat":"repeat","background-position":"center center","background-size":"auto","background-attachment":"scroll","background-type":"","background-media":"","overlay-type":"","overlay-color":"","overlay-gradient":""},"tablet":{"background-color":"var(--ast-global-color-5)","background-image":"","background-repeat":"repeat","background-position":"center center","background-size":"auto","background-attachment":"scroll","background-type":"","background-media":"","overlay-type":"","overlay-color":"","overlay-gradient":""},"mobile":{"background-color":"var(--ast-global-color-5)","background-image":"","background-repeat":"repeat","background-position":"center center","background-size":"auto","background-attachment":"scroll","background-type":"","background-media":"","overlay-type":"","overlay-color":"","overlay-gradient":""}},"footnotes":""},"categories":[140,8235],"tags":[3946,93781,27160,65960,199184,27158],"class_list":["post-97138","post","type-post","status-publish","format-standard","hentry","category-estomatologia-y-ortodoncia","category-murcia","tag-ambrosio-bermejo-fenoll","tag-antonio-jose-ortiz-ruiz","tag-german-esparza-gomez","tag-maria-pia-lopez-jornet","tag-noemi-salazar-sanchez","tag-yolanda-jimenez-soriano"],"_links":{"self":[{"href":"https:\/\/www.deberes.net\/tesis\/wp-json\/wp\/v2\/posts\/97138","targetHints":{"allow":["GET"]}}],"collection":[{"href":"https:\/\/www.deberes.net\/tesis\/wp-json\/wp\/v2\/posts"}],"about":[{"href":"https:\/\/www.deberes.net\/tesis\/wp-json\/wp\/v2\/types\/post"}],"author":[{"embeddable":true,"href":"https:\/\/www.deberes.net\/tesis\/wp-json\/wp\/v2\/users\/1"}],"replies":[{"embeddable":true,"href":"https:\/\/www.deberes.net\/tesis\/wp-json\/wp\/v2\/comments?post=97138"}],"version-history":[{"count":0,"href":"https:\/\/www.deberes.net\/tesis\/wp-json\/wp\/v2\/posts\/97138\/revisions"}],"wp:attachment":[{"href":"https:\/\/www.deberes.net\/tesis\/wp-json\/wp\/v2\/media?parent=97138"}],"wp:term":[{"taxonomy":"category","embeddable":true,"href":"https:\/\/www.deberes.net\/tesis\/wp-json\/wp\/v2\/categories?post=97138"},{"taxonomy":"post_tag","embeddable":true,"href":"https:\/\/www.deberes.net\/tesis\/wp-json\/wp\/v2\/tags?post=97138"}],"curies":[{"name":"wp","href":"https:\/\/api.w.org\/{rel}","templated":true}]}}