{"id":97149,"date":"2009-11-11T00:00:00","date_gmt":"2009-11-11T00:00:00","guid":{"rendered":"https:\/\/www.deberes.net\/tesis\/sin-categoria\/el-personaje-del-loco-en-la-narrativa-espanola-contemporanea\/"},"modified":"2009-11-11T00:00:00","modified_gmt":"2009-11-11T00:00:00","slug":"el-personaje-del-loco-en-la-narrativa-espanola-contemporanea","status":"publish","type":"post","link":"https:\/\/www.deberes.net\/tesis\/sin-categoria\/el-personaje-del-loco-en-la-narrativa-espanola-contemporanea\/","title":{"rendered":"El personaje del loco en la narrativa espa\u00f1ola contempor\u00e1nea."},"content":{"rendered":"<h2>Tesis doctoral de <strong> Alain Richard Sappi <\/strong><\/h2>\n<p>La finalidad de esta tesis doctoral ha sido detectar y cuestionar los rasgos fundamentales de los personajes psic\u00f3patas en la producci\u00f3n novelesca de algunos autores de la literatura espa\u00f1ola contempor\u00e1nea. Por un lado, los procedimientos metodol\u00f3gic os de philippe hamon y de milagros ezquerro respecto al estudio del estatuto semiol\u00f3gico del personaje y, por otro lado, la narratolog\u00eda, la semi\u00f3tica greimasiana, la sociocr\u00edtica, las aportaciones de los psicoanalistas sigmund freud y jacques lacan,  y la psicocr\u00edtica de charles mauron, permiten poner de  relieve el significado latente del discurso del personaje del loco en el misterio de la cripta embrujada, el laberinto de las aceitunas y la aventura del tocador de se\u00f1oras, de eduardo mendoza;  historia de un idiota contada por \u00e9l mismo o el contenido de la felicidad y diario de un hombre humillado, de f\u00e9lix de az\u00faa; lejos de veracruz, de enrique vila-matas; un mundo exasperado, de jos\u00e9 \u00e1ngel gonz\u00e1lez sainz; y napole\u00f3n vii, de javier tomeo . El aroma de la tematolog\u00eda surge alrededor de esta fusi\u00f3n metodol\u00f3gica con un an\u00e1lisis de la figura m\u00edtica de don juan, el complejo de edipo y el narcisismo como s\u00edntoma de una \u00e9poca caracterizada por el individualismo total del que habla gilles li povetsky.<\/p>\n<p>&nbsp;<\/p>\n<h3>Datos acad\u00e9micos de la tesis doctoral \u00ab<strong>El personaje del loco en la narrativa espa\u00f1ola contempor\u00e1nea.<\/strong>\u00ab<\/h3>\n<ul>\n<li><strong>T\u00edtulo de la tesis:<\/strong>\u00a0 El personaje del loco en la narrativa espa\u00f1ola contempor\u00e1nea. <\/li>\n<li><strong>Autor:<\/strong>\u00a0 Alain Richard Sappi <\/li>\n<li><strong>Universidad:<\/strong>\u00a0 Complutense de Madrid<\/li>\n<li><strong>Fecha de lectura de la tesis:<\/strong>\u00a0 11\/11\/2009<\/li>\n<\/ul>\n<p>&nbsp;<\/p>\n<h3>Direcci\u00f3n y tribunal<\/h3>\n<ul>\n<li><strong>Director de la tesis<\/strong>\n<ul>\n<li>Emilio Javier Peral Vega<\/li>\n<\/ul>\n<\/li>\n<li><strong>Tribunal<\/strong>\n<ul>\n<li>Presidente del tribunal: isabel Visedo orden <\/li>\n<li>mercedes Rodr\u00edguez  peque\u00f1o (vocal)<\/li>\n<li>Javier Rodriguez peque\u00f1o (vocal)<\/li>\n<li>Jos\u00e9 ramon Gonzalez garcia (vocal)<\/li>\n<\/ul>\n<\/li>\n<\/ul>\n<p>&nbsp;<\/p>\n","protected":false},"excerpt":{"rendered":"<p>Tesis doctoral de Alain Richard Sappi La finalidad de esta tesis doctoral ha sido detectar y cuestionar los rasgos fundamentales [&hellip;]<\/p>\n","protected":false},"author":1,"featured_media":0,"comment_status":"open","ping_status":"open","sticky":false,"template":"","format":"standard","meta":{"site-sidebar-layout":"default","site-content-layout":"","ast-site-content-layout":"","site-content-style":"default","site-sidebar-style":"default","ast-global-header-display":"","ast-banner-title-visibility":"","ast-main-header-display":"","ast-hfb-above-header-display":"","ast-hfb-below-header-display":"","ast-hfb-mobile-header-display":"","site-post-title":"","ast-breadcrumbs-content":"","ast-featured-img":"","footer-sml-layout":"","theme-transparent-header-meta":"","adv-header-id-meta":"","stick-header-meta":"","header-above-stick-meta":"","header-main-stick-meta":"","header-below-stick-meta":"","astra-migrate-meta-layouts":"default","ast-page-background-enabled":"default","ast-page-background-meta":{"desktop":{"background-color":"var(--ast-global-color-4)","background-image":"","background-repeat":"repeat","background-position":"center center","background-size":"auto","background-attachment":"scroll","background-type":"","background-media":"","overlay-type":"","overlay-color":"","overlay-gradient":""},"tablet":{"background-color":"","background-image":"","background-repeat":"repeat","background-position":"center center","background-size":"auto","background-attachment":"scroll","background-type":"","background-media":"","overlay-type":"","overlay-color":"","overlay-gradient":""},"mobile":{"background-color":"","background-image":"","background-repeat":"repeat","background-position":"center center","background-size":"auto","background-attachment":"scroll","background-type":"","background-media":"","overlay-type":"","overlay-color":"","overlay-gradient":""}},"ast-content-background-meta":{"desktop":{"background-color":"var(--ast-global-color-5)","background-image":"","background-repeat":"repeat","background-position":"center center","background-size":"auto","background-attachment":"scroll","background-type":"","background-media":"","overlay-type":"","overlay-color":"","overlay-gradient":""},"tablet":{"background-color":"var(--ast-global-color-5)","background-image":"","background-repeat":"repeat","background-position":"center center","background-size":"auto","background-attachment":"scroll","background-type":"","background-media":"","overlay-type":"","overlay-color":"","overlay-gradient":""},"mobile":{"background-color":"var(--ast-global-color-5)","background-image":"","background-repeat":"repeat","background-position":"center center","background-size":"auto","background-attachment":"scroll","background-type":"","background-media":"","overlay-type":"","overlay-color":"","overlay-gradient":""}},"footnotes":""},"categories":[1],"tags":[199201,42265,7802,55470,12455,68829],"class_list":["post-97149","post","type-post","status-publish","format-standard","hentry","category-sin-categoria","tag-alain-richard-sappi","tag-emilio-javier-peral-vega","tag-isabel-visedo-orden","tag-javier-rodriguez-pequeno","tag-jose-ramon-gonzalez-garcia","tag-mercedes-rodriguez-pequeno"],"_links":{"self":[{"href":"https:\/\/www.deberes.net\/tesis\/wp-json\/wp\/v2\/posts\/97149","targetHints":{"allow":["GET"]}}],"collection":[{"href":"https:\/\/www.deberes.net\/tesis\/wp-json\/wp\/v2\/posts"}],"about":[{"href":"https:\/\/www.deberes.net\/tesis\/wp-json\/wp\/v2\/types\/post"}],"author":[{"embeddable":true,"href":"https:\/\/www.deberes.net\/tesis\/wp-json\/wp\/v2\/users\/1"}],"replies":[{"embeddable":true,"href":"https:\/\/www.deberes.net\/tesis\/wp-json\/wp\/v2\/comments?post=97149"}],"version-history":[{"count":0,"href":"https:\/\/www.deberes.net\/tesis\/wp-json\/wp\/v2\/posts\/97149\/revisions"}],"wp:attachment":[{"href":"https:\/\/www.deberes.net\/tesis\/wp-json\/wp\/v2\/media?parent=97149"}],"wp:term":[{"taxonomy":"category","embeddable":true,"href":"https:\/\/www.deberes.net\/tesis\/wp-json\/wp\/v2\/categories?post=97149"},{"taxonomy":"post_tag","embeddable":true,"href":"https:\/\/www.deberes.net\/tesis\/wp-json\/wp\/v2\/tags?post=97149"}],"curies":[{"name":"wp","href":"https:\/\/api.w.org\/{rel}","templated":true}]}}