{"id":97341,"date":"2018-03-11T10:17:50","date_gmt":"2018-03-11T10:17:50","guid":{"rendered":"https:\/\/www.deberes.net\/tesis\/sin-categoria\/caracterizacion-espectroscopica-de-un-plasma-de-microondas-a-presion-atmosferica-en-flujo\/"},"modified":"2018-03-11T10:17:50","modified_gmt":"2018-03-11T10:17:50","slug":"caracterizacion-espectroscopica-de-un-plasma-de-microondas-a-presion-atmosferica-en-flujo","status":"publish","type":"post","link":"https:\/\/www.deberes.net\/tesis\/cordoba\/caracterizacion-espectroscopica-de-un-plasma-de-microondas-a-presion-atmosferica-en-flujo\/","title":{"rendered":"Caracterizacion espectroscopica de un plasma de microondas a presion atmosferica en flujo"},"content":{"rendered":"<h2>Tesis doctoral de <strong> Juan a Martinez Aguilar <\/strong><\/h2>\n<p>En este trabajo de tesis nos propusimos como objetivo profundizar en el conocimiento de un plasma de onda de superficie creado mediante un dispositivo surfagu\u00eda a presi\u00f3n atmosf\u00e9rica y con un flujo continuo de arg\u00f3n, mostrando este plasmas la peculiaridad, frente a los pos generados con otros dispositivos, de su distribuci\u00f3n a un lado y otro de la surfagu\u00eda, dando lugar a dos columnas de plasma. Entre estas dos columnas, la diferencia est\u00e1 en que en una de ellas el sentido de propagaci\u00f3n de la onda de superficie y el gas es el mismo (columna directa) y en la otra, dichos sentidos, son opuestos (columna inversa). la observaci\u00f3n de la variaci\u00f3n de la longitud de la columna de plasma con el flujo ha puesto de manifiesto que un aumento del mismo produce siempre una disminuci\u00f3n de la longitud de la columna inversa, lo que se debe al efecto de la convecci\u00f3n, de forma que la propagaci\u00f3n del flujo de potencia de la onda no se ve favorecido por la circulaci\u00f3n del flujo en sentido opuesto al de la onda. El acortamiento de la columna directa se inicia cuando el r\u00e9gimen de circulaci\u00f3n del gas entra en un estado transitorio entre laminar y turbulento, hasta que a flujos superiores a 9.00 l\/min el r\u00e9gimen pasa a ser totalmente turbulento manteni\u00e9ndose constante la longitud de la columna directa. Se ha obtenido una relaci\u00f3n que permite conocer la longitud que adquirir\u00e1 una descarga para un valor dado de potencia absorbida. Dicha relaci\u00f3n toma la forma l = b pabst en donde la constante \u00abb\u00bbdepende del flujo y del sentido de \u00e9ste respecto del de la onda de superficie. Sin embargo el exponente \u00abt\u00bb es independiente del valor del flujo y de su sentido. Los perfiles axiales de los par\u00e1metros caracter\u00edsticos del plasma han mostrado que la temperatura de excitaci\u00f3n, la temperatura del gas y la densidad electr\u00f3nica poseen un perfil sim\u00e9trico respecto del gap de la surfagu\u00eda para un flujo de 0.25 l\/min, lo que no ocurre para un flujo de 1.00 l\/min ya que en este caso los valores son inferiores respecto del flujo 0.25 l\/min a lo largo de toda la columna de plasma. En cuanto  a las densidades de poblaci\u00f3n, para el estado fundamental, la poblaci\u00f3n de \u00e9ste en ambas columnas es superior para el flujo de 1.00 l\/min, lo que est\u00e1 de acuerdo con el valor de tg encontrado. En el caso de las poblaciones de los estados excitados, los perfiles axiales dependen de la energ\u00eda de excitaci\u00f3n del nivel. As\u00ed, para los niveles superiores 5p-4s y nd-4p, las poblaciones toman el mismo valor independientemente del flujo, pero en la columna inversa, la poblaci\u00f3n es m\u00e1s elevada para 1.00 l\/min que para 0.25 l\/min. Se ha calculado, por primera vez y de forma experimental, la densidad lineal de potencia (l) obteniendo una funci\u00f3n matem\u00e1tica que permite calcular el perfil de l con z a lo largo de una columna de plasma con s\u00f3lo conocer los valores de la potencia absorbida por el plasma y de la longitud de \u00e9ste.<\/p>\n<p>&nbsp;<\/p>\n<h3>Datos acad\u00e9micos de la tesis doctoral \u00ab<strong>Caracterizacion espectroscopica de un plasma de microondas a presion atmosferica en flujo<\/strong>\u00ab<\/h3>\n<ul>\n<li><strong>T\u00edtulo de la tesis:<\/strong>\u00a0 Caracterizacion espectroscopica de un plasma de microondas a presion atmosferica en flujo <\/li>\n<li><strong>Autor:<\/strong>\u00a0 Juan a Martinez Aguilar <\/li>\n<li><strong>Universidad:<\/strong>\u00a0 C\u00f3rdoba<\/li>\n<li><strong>Fecha de lectura de la tesis:<\/strong>\u00a0 20\/11\/2009<\/li>\n<\/ul>\n<p>&nbsp;<\/p>\n<h3>Direcci\u00f3n y tribunal<\/h3>\n<ul>\n<li><strong>Director de la tesis<\/strong>\n<ul>\n<li>Mar\u00eda  Dolores Calzada Canalejo<\/li>\n<\/ul>\n<\/li>\n<li><strong>Tribunal<\/strong>\n<ul>\n<li>Presidente del tribunal: manuel Bl\u00e1zquez ruiz <\/li>\n<li>Manuel angel Gonzalez delgado (vocal)<\/li>\n<li>Rafael Mayo garcia (vocal)<\/li>\n<li>isabel Tanarro onrubia (vocal)<\/li>\n<\/ul>\n<\/li>\n<\/ul>\n<p>&nbsp;<\/p>\n","protected":false},"excerpt":{"rendered":"<p>Tesis doctoral de Juan a Martinez Aguilar En este trabajo de tesis nos propusimos como objetivo profundizar en el conocimiento [&hellip;]<\/p>\n","protected":false},"author":1,"featured_media":0,"comment_status":"open","ping_status":"open","sticky":false,"template":"","format":"standard","meta":{"site-sidebar-layout":"default","site-content-layout":"","ast-site-content-layout":"","site-content-style":"default","site-sidebar-style":"default","ast-global-header-display":"","ast-banner-title-visibility":"","ast-main-header-display":"","ast-hfb-above-header-display":"","ast-hfb-below-header-display":"","ast-hfb-mobile-header-display":"","site-post-title":"","ast-breadcrumbs-content":"","ast-featured-img":"","footer-sml-layout":"","theme-transparent-header-meta":"","adv-header-id-meta":"","stick-header-meta":"","header-above-stick-meta":"","header-main-stick-meta":"","header-below-stick-meta":"","astra-migrate-meta-layouts":"default","ast-page-background-enabled":"default","ast-page-background-meta":{"desktop":{"background-color":"var(--ast-global-color-4)","background-image":"","background-repeat":"repeat","background-position":"center center","background-size":"auto","background-attachment":"scroll","background-type":"","background-media":"","overlay-type":"","overlay-color":"","overlay-gradient":""},"tablet":{"background-color":"","background-image":"","background-repeat":"repeat","background-position":"center center","background-size":"auto","background-attachment":"scroll","background-type":"","background-media":"","overlay-type":"","overlay-color":"","overlay-gradient":""},"mobile":{"background-color":"","background-image":"","background-repeat":"repeat","background-position":"center center","background-size":"auto","background-attachment":"scroll","background-type":"","background-media":"","overlay-type":"","overlay-color":"","overlay-gradient":""}},"ast-content-background-meta":{"desktop":{"background-color":"var(--ast-global-color-5)","background-image":"","background-repeat":"repeat","background-position":"center center","background-size":"auto","background-attachment":"scroll","background-type":"","background-media":"","overlay-type":"","overlay-color":"","overlay-gradient":""},"tablet":{"background-color":"var(--ast-global-color-5)","background-image":"","background-repeat":"repeat","background-position":"center center","background-size":"auto","background-attachment":"scroll","background-type":"","background-media":"","overlay-type":"","overlay-color":"","overlay-gradient":""},"mobile":{"background-color":"var(--ast-global-color-5)","background-image":"","background-repeat":"repeat","background-position":"center center","background-size":"auto","background-attachment":"scroll","background-type":"","background-media":"","overlay-type":"","overlay-color":"","overlay-gradient":""}},"footnotes":""},"categories":[973,23557,10842,2490,29389],"tags":[24423,199517,199519,26455,199518,116516],"class_list":["post-97341","post","type-post","status-publish","format-standard","hentry","category-cordoba","category-espectroscopia-optica-de-emision","category-fisica-de-plasmas","category-propagacion-de-ondas-electromagneticas","category-radiacion-infrarroja-visible-y-ultravioleta","tag-isabel-tanarro-onrubia","tag-juan-a-Martinez-aguilar","tag-manuel-angel-gonzalez-delgado","tag-manuel-blazquez-ruiz","tag-maria-dolores-calzada-canalejo","tag-rafael-mayo-garcia"],"_links":{"self":[{"href":"https:\/\/www.deberes.net\/tesis\/wp-json\/wp\/v2\/posts\/97341","targetHints":{"allow":["GET"]}}],"collection":[{"href":"https:\/\/www.deberes.net\/tesis\/wp-json\/wp\/v2\/posts"}],"about":[{"href":"https:\/\/www.deberes.net\/tesis\/wp-json\/wp\/v2\/types\/post"}],"author":[{"embeddable":true,"href":"https:\/\/www.deberes.net\/tesis\/wp-json\/wp\/v2\/users\/1"}],"replies":[{"embeddable":true,"href":"https:\/\/www.deberes.net\/tesis\/wp-json\/wp\/v2\/comments?post=97341"}],"version-history":[{"count":0,"href":"https:\/\/www.deberes.net\/tesis\/wp-json\/wp\/v2\/posts\/97341\/revisions"}],"wp:attachment":[{"href":"https:\/\/www.deberes.net\/tesis\/wp-json\/wp\/v2\/media?parent=97341"}],"wp:term":[{"taxonomy":"category","embeddable":true,"href":"https:\/\/www.deberes.net\/tesis\/wp-json\/wp\/v2\/categories?post=97341"},{"taxonomy":"post_tag","embeddable":true,"href":"https:\/\/www.deberes.net\/tesis\/wp-json\/wp\/v2\/tags?post=97341"}],"curies":[{"name":"wp","href":"https:\/\/api.w.org\/{rel}","templated":true}]}}