{"id":97342,"date":"2018-03-11T10:17:50","date_gmt":"2018-03-11T10:17:50","guid":{"rendered":"https:\/\/www.deberes.net\/tesis\/sin-categoria\/el-autoconcepto-personal-estructura-interna-medida-y-variabilidad\/"},"modified":"2018-03-11T10:17:50","modified_gmt":"2018-03-11T10:17:50","slug":"el-autoconcepto-personal-estructura-interna-medida-y-variabilidad","status":"publish","type":"post","link":"https:\/\/www.deberes.net\/tesis\/psicologia-evolutiva\/el-autoconcepto-personal-estructura-interna-medida-y-variabilidad\/","title":{"rendered":"El autoconcepto personal: estructura interna, medida y variabilidad"},"content":{"rendered":"<h2>Tesis doctoral de <strong> Eider Go\u00f1i Palacios <\/strong><\/h2>\n<p>Desde la d\u00e9cada de los setenta del siglo xx goza de gran aceptaci\u00f3n en los estudios psicol\u00f3gicos una concepci\u00f3n jer\u00e1rquica y multidimensional del autoconcepto seg\u00fan la cual, junto a un dominio acad\u00e9mico del mismo, el autoconcepto no-acad\u00e9mico constar\u00eda de tres dominios: el f\u00edsico, el social y el personal. A partir de entonces se han llevado a cabo numerosos estudios en particular sobre las dimensiones constituyentes del autoconcepto f\u00edsico; en cambio es muy escasa la atenci\u00f3n prestada a la naturaleza del autoconcepto personal. esta tesis propone un modelo del autoconcepto personal constituido por cuatro dimensiones: la percepci\u00f3n de la autonom\u00eda propia, la percepci\u00f3n de la autorrealizaci\u00f3n, el autoconcepto moral y el autoconcepto emocional. En orden a verificar si se corrobora esta estructura hipotetizada, as\u00ed como la variabilidad de la misma, se construye un nuevo cuestionario de autoconcepto personal (ape) que es aplicado a 1135 sujetos de entre 15 y 65 a\u00f1os. los resultados obtenidos indican que el ape ofrece \u00edndices psicom\u00e9tricos adecuados as\u00ed como un aceptable \u00edndice de fiabilidad (alpha=.834). An\u00e1lisis factoriales exploratorios indican que el modelo te\u00f3rico ajusta adecuadamente las autopercepciones personales en los grupos de edad de entre 15 y 34 a\u00f1os pero no lo hacen tan adecuadamente, en cambio, en los grupos de m\u00e1s edad. El an\u00e1lisis factorial confirmatorio revela, en todo caso, un mejor ajuste del modelo tetradimensional que el del unidimensional y que el factorial de segundo orden (modelo jer\u00e1rquico, con un dominio general superior). por otro lado, el autoconcepto personal var\u00eda en funci\u00f3n de la edad y el sexo: los hombres obtienen mejores puntuaciones en todas las dimensiones, salvo en autoconcepto moral; en autonom\u00eda, honradez y la escala general son ellos quienes obtienen mejores puntuaciones hasta los 34 a\u00f1os, edad a partir de la cual la tendencia se invirte; en cualquier caso ni la variable sexo, ni la edad, ni la interacci\u00f3n de ambas tiene un poder explicativo de la variabilidad demasiado elevado. adem\u00e1s, y en apoyo de la validez de criterio del ape, se verifican relaciones positivas entre el autoconcepto personal y: a. La satisfacci\u00f3n con la vida, medida a trav\u00e9s del satisfaction with life scale de diener et al. (1985), en su versi\u00f3n traducida al castellano por atienza, pons, balaguer y garc\u00eda-merita (2000); b. El bienestar psicol\u00f3gico, medido con la escala de bienestar psicol\u00f3gico (ryff, 1989); c. La inteligencia emocional, medida a trav\u00e9s del trait meta mood scale-24 de salovey et al. (1995) en su versi\u00f3n castellana realizada por fern\u00e1ndez-berrocal, extremera y ramos (2004), excepto en la escala de atenci\u00f3n emocional.<\/p>\n<p>&nbsp;<\/p>\n<h3>Datos acad\u00e9micos de la tesis doctoral \u00ab<strong>El autoconcepto personal: estructura interna, medida y variabilidad<\/strong>\u00ab<\/h3>\n<ul>\n<li><strong>T\u00edtulo de la tesis:<\/strong>\u00a0 El autoconcepto personal: estructura interna, medida y variabilidad <\/li>\n<li><strong>Autor:<\/strong>\u00a0 Eider Go\u00f1i Palacios <\/li>\n<li><strong>Universidad:<\/strong>\u00a0 Pa\u00eds vasco\/euskal herriko unibertsitatea<\/li>\n<li><strong>Fecha de lectura de la tesis:<\/strong>\u00a0 20\/11\/2009<\/li>\n<\/ul>\n<p>&nbsp;<\/p>\n<h3>Direcci\u00f3n y tribunal<\/h3>\n<ul>\n<li><strong>Director de la tesis<\/strong>\n<ul>\n<li>Jos\u00e9 Mar\u00eda Madariaga Orbea<\/li>\n<\/ul>\n<\/li>\n<li><strong>Tribunal<\/strong>\n<ul>\n<li>Presidente del tribunal: concepci\u00f3n Medrano samaniego <\/li>\n<li>pablo Sotes ruiz (vocal)<\/li>\n<li>Jos\u00e9 Mar\u00eda Roman sanchez (vocal)<\/li>\n<li>\u00e1ngel Huguet canal\u00eds (vocal)<\/li>\n<\/ul>\n<\/li>\n<\/ul>\n<p>&nbsp;<\/p>\n","protected":false},"excerpt":{"rendered":"<p>Tesis doctoral de Eider Go\u00f1i Palacios Desde la d\u00e9cada de los setenta del siglo xx goza de gran aceptaci\u00f3n en [&hellip;]<\/p>\n","protected":false},"author":1,"featured_media":0,"comment_status":"open","ping_status":"open","sticky":false,"template":"","format":"standard","meta":{"site-sidebar-layout":"default","site-content-layout":"","ast-site-content-layout":"","site-content-style":"default","site-sidebar-style":"default","ast-global-header-display":"","ast-banner-title-visibility":"","ast-main-header-display":"","ast-hfb-above-header-display":"","ast-hfb-below-header-display":"","ast-hfb-mobile-header-display":"","site-post-title":"","ast-breadcrumbs-content":"","ast-featured-img":"","footer-sml-layout":"","theme-transparent-header-meta":"","adv-header-id-meta":"","stick-header-meta":"","header-above-stick-meta":"","header-main-stick-meta":"","header-below-stick-meta":"","astra-migrate-meta-layouts":"default","ast-page-background-enabled":"default","ast-page-background-meta":{"desktop":{"background-color":"var(--ast-global-color-4)","background-image":"","background-repeat":"repeat","background-position":"center center","background-size":"auto","background-attachment":"scroll","background-type":"","background-media":"","overlay-type":"","overlay-color":"","overlay-gradient":""},"tablet":{"background-color":"","background-image":"","background-repeat":"repeat","background-position":"center center","background-size":"auto","background-attachment":"scroll","background-type":"","background-media":"","overlay-type":"","overlay-color":"","overlay-gradient":""},"mobile":{"background-color":"","background-image":"","background-repeat":"repeat","background-position":"center center","background-size":"auto","background-attachment":"scroll","background-type":"","background-media":"","overlay-type":"","overlay-color":"","overlay-gradient":""}},"ast-content-background-meta":{"desktop":{"background-color":"var(--ast-global-color-5)","background-image":"","background-repeat":"repeat","background-position":"center center","background-size":"auto","background-attachment":"scroll","background-type":"","background-media":"","overlay-type":"","overlay-color":"","overlay-gradient":""},"tablet":{"background-color":"var(--ast-global-color-5)","background-image":"","background-repeat":"repeat","background-position":"center center","background-size":"auto","background-attachment":"scroll","background-type":"","background-media":"","overlay-type":"","overlay-color":"","overlay-gradient":""},"mobile":{"background-color":"var(--ast-global-color-5)","background-image":"","background-repeat":"repeat","background-position":"center center","background-size":"auto","background-attachment":"scroll","background-type":"","background-media":"","overlay-type":"","overlay-color":"","overlay-gradient":""}},"footnotes":""},"categories":[17382,32400,12909,2758],"tags":[32801,13276,199520,37920,5139,156254],"class_list":["post-97342","post","type-post","status-publish","format-standard","hentry","category-construccion-del-test","category-desarrollo-de-la-personalidad","category-pais-vasco-euskal-herriko-unibertsitatea","category-psicologia-evolutiva","tag-angel-huguet-canalis","tag-concepcion-medrano-samaniego","tag-eider-goni-palacios","tag-jose-maria-madariaga-orbea","tag-jose-maria-roman-sanchez","tag-pablo-sotes-ruiz"],"_links":{"self":[{"href":"https:\/\/www.deberes.net\/tesis\/wp-json\/wp\/v2\/posts\/97342","targetHints":{"allow":["GET"]}}],"collection":[{"href":"https:\/\/www.deberes.net\/tesis\/wp-json\/wp\/v2\/posts"}],"about":[{"href":"https:\/\/www.deberes.net\/tesis\/wp-json\/wp\/v2\/types\/post"}],"author":[{"embeddable":true,"href":"https:\/\/www.deberes.net\/tesis\/wp-json\/wp\/v2\/users\/1"}],"replies":[{"embeddable":true,"href":"https:\/\/www.deberes.net\/tesis\/wp-json\/wp\/v2\/comments?post=97342"}],"version-history":[{"count":0,"href":"https:\/\/www.deberes.net\/tesis\/wp-json\/wp\/v2\/posts\/97342\/revisions"}],"wp:attachment":[{"href":"https:\/\/www.deberes.net\/tesis\/wp-json\/wp\/v2\/media?parent=97342"}],"wp:term":[{"taxonomy":"category","embeddable":true,"href":"https:\/\/www.deberes.net\/tesis\/wp-json\/wp\/v2\/categories?post=97342"},{"taxonomy":"post_tag","embeddable":true,"href":"https:\/\/www.deberes.net\/tesis\/wp-json\/wp\/v2\/tags?post=97342"}],"curies":[{"name":"wp","href":"https:\/\/api.w.org\/{rel}","templated":true}]}}