{"id":97362,"date":"2018-03-11T10:17:55","date_gmt":"2018-03-11T10:17:55","guid":{"rendered":"https:\/\/www.deberes.net\/tesis\/sin-categoria\/entre-el-trono-y-el-escano-el-pensamiento-reaccionario-espanol-frente-a-la-revolucion-liberal-1808-1823\/"},"modified":"2018-03-11T10:17:55","modified_gmt":"2018-03-11T10:17:55","slug":"entre-el-trono-y-el-escano-el-pensamiento-reaccionario-espanol-frente-a-la-revolucion-liberal-1808-1823","status":"publish","type":"post","link":"https:\/\/www.deberes.net\/tesis\/filosofia\/entre-el-trono-y-el-escano-el-pensamiento-reaccionario-espanol-frente-a-la-revolucion-liberal-1808-1823\/","title":{"rendered":"Entre el trono y el esca\u00f1o el pensamiento reaccionario espa\u00f1ol frente a la revoluci\u00f3n liberal (1808-1823)"},"content":{"rendered":"<h2>Tesis doctoral de <strong> Javier L\u00f3pez Al\u00f3s <\/strong><\/h2>\n<p>Esta tesis propone una comprensi\u00f3n de la racionalidad espec\u00edfica del pensamiento reaccionario frente a la moderna revoluci\u00f3n pol\u00edtica tras los sucesos de 1789. A trav\u00e9s de la historia de los conceptos pol\u00edticos, se tratan de interpretar las continuidades y los cambios en la doctrina pol\u00edtica del pensamiento de la contrarrevoluci\u00f3n respecto a los referentes tradicionales y su posici\u00f3n ante el iusnaturalismo racional. La investigaci\u00f3n se ci\u00f1e sobre todo a los publicistas reaccionarios en los tiempos de la revoluci\u00f3n liberal (1808-1823), pero se propone tambi\u00e9n la comparaci\u00f3n con otros autores extranjeros, as\u00ed como su relaci\u00f3n con la ortodoxia doctrinal cat\u00f3lica. A tal efecto, y tras algunas precisiones conceptuales y metodol\u00f3gicas, la tesis se divide en tres partes: 1) antropolog\u00eda hist\u00f3rica de la reacci\u00f3n; 2) antropolog\u00eda pol\u00edtica de la reacci\u00f3n; y 3) fundamentos pol\u00edticos y sociales de la reacci\u00f3n. Este esquema, y atendiendo a las implicaciones ret\u00f3ricas del discurso pol\u00edtico, acoge el an\u00e1lisis de los principales t\u00f3picos invocados por la reacci\u00f3n, sus instituciones y sus pr\u00e1cticas de poder.<\/p>\n<p>&nbsp;<\/p>\n<h3>Datos acad\u00e9micos de la tesis doctoral \u00ab<strong>Entre el trono y el esca\u00f1o el pensamiento reaccionario espa\u00f1ol frente a la revoluci\u00f3n liberal (1808-1823)<\/strong>\u00ab<\/h3>\n<ul>\n<li><strong>T\u00edtulo de la tesis:<\/strong>\u00a0 Entre el trono y el esca\u00f1o el pensamiento reaccionario espa\u00f1ol frente a la revoluci\u00f3n liberal (1808-1823) <\/li>\n<li><strong>Autor:<\/strong>\u00a0 Javier L\u00f3pez Al\u00f3s <\/li>\n<li><strong>Universidad:<\/strong>\u00a0 Murcia<\/li>\n<li><strong>Fecha de lectura de la tesis:<\/strong>\u00a0 23\/11\/2009<\/li>\n<\/ul>\n<p>&nbsp;<\/p>\n<h3>Direcci\u00f3n y tribunal<\/h3>\n<ul>\n<li><strong>Director de la tesis<\/strong>\n<ul>\n<li>Jos\u00e9 Luis Villaca\u00f1as Berlanga<\/li>\n<\/ul>\n<\/li>\n<li><strong>Tribunal<\/strong>\n<ul>\n<li>Presidente del tribunal: emilio La parra l\u00f3pez <\/li>\n<li>carmen Garcia monerris (vocal)<\/li>\n<li>angel Prior olmos (vocal)<\/li>\n<li>Antonio Valdecantos alcaide (vocal)<\/li>\n<\/ul>\n<\/li>\n<\/ul>\n<p>&nbsp;<\/p>\n","protected":false},"excerpt":{"rendered":"<p>Tesis doctoral de Javier L\u00f3pez Al\u00f3s Esta tesis propone una comprensi\u00f3n de la racionalidad espec\u00edfica del pensamiento reaccionario frente a [&hellip;]<\/p>\n","protected":false},"author":1,"featured_media":0,"comment_status":"open","ping_status":"open","sticky":false,"template":"","format":"standard","meta":{"site-sidebar-layout":"default","site-content-layout":"","ast-site-content-layout":"","site-content-style":"default","site-sidebar-style":"default","ast-global-header-display":"","ast-banner-title-visibility":"","ast-main-header-display":"","ast-hfb-above-header-display":"","ast-hfb-below-header-display":"","ast-hfb-mobile-header-display":"","site-post-title":"","ast-breadcrumbs-content":"","ast-featured-img":"","footer-sml-layout":"","theme-transparent-header-meta":"","adv-header-id-meta":"","stick-header-meta":"","header-above-stick-meta":"","header-main-stick-meta":"","header-below-stick-meta":"","astra-migrate-meta-layouts":"default","ast-page-background-enabled":"default","ast-page-background-meta":{"desktop":{"background-color":"var(--ast-global-color-4)","background-image":"","background-repeat":"repeat","background-position":"center center","background-size":"auto","background-attachment":"scroll","background-type":"","background-media":"","overlay-type":"","overlay-color":"","overlay-gradient":""},"tablet":{"background-color":"","background-image":"","background-repeat":"repeat","background-position":"center center","background-size":"auto","background-attachment":"scroll","background-type":"","background-media":"","overlay-type":"","overlay-color":"","overlay-gradient":""},"mobile":{"background-color":"","background-image":"","background-repeat":"repeat","background-position":"center center","background-size":"auto","background-attachment":"scroll","background-type":"","background-media":"","overlay-type":"","overlay-color":"","overlay-gradient":""}},"ast-content-background-meta":{"desktop":{"background-color":"var(--ast-global-color-5)","background-image":"","background-repeat":"repeat","background-position":"center center","background-size":"auto","background-attachment":"scroll","background-type":"","background-media":"","overlay-type":"","overlay-color":"","overlay-gradient":""},"tablet":{"background-color":"var(--ast-global-color-5)","background-image":"","background-repeat":"repeat","background-position":"center center","background-size":"auto","background-attachment":"scroll","background-type":"","background-media":"","overlay-type":"","overlay-color":"","overlay-gradient":""},"mobile":{"background-color":"var(--ast-global-color-5)","background-image":"","background-repeat":"repeat","background-position":"center center","background-size":"auto","background-attachment":"scroll","background-type":"","background-media":"","overlay-type":"","overlay-color":"","overlay-gradient":""}},"footnotes":""},"categories":[1832,165,6008,3538,8235],"tags":[49675,30237,48247,33139,199548,12149],"class_list":["post-97362","post","type-post","status-publish","format-standard","hentry","category-doctrinas-filosoficas","category-filosofia","category-filosofia-politica","category-historia-de-las-ideas-politicas","category-murcia","tag-angel-prior-olmos","tag-antonio-valdecantos-alcaide","tag-carmen-garcia-monerris","tag-emilio-la-parra-lopez","tag-javier-lopez-alos","tag-jose-luis-villacanas-berlanga"],"_links":{"self":[{"href":"https:\/\/www.deberes.net\/tesis\/wp-json\/wp\/v2\/posts\/97362","targetHints":{"allow":["GET"]}}],"collection":[{"href":"https:\/\/www.deberes.net\/tesis\/wp-json\/wp\/v2\/posts"}],"about":[{"href":"https:\/\/www.deberes.net\/tesis\/wp-json\/wp\/v2\/types\/post"}],"author":[{"embeddable":true,"href":"https:\/\/www.deberes.net\/tesis\/wp-json\/wp\/v2\/users\/1"}],"replies":[{"embeddable":true,"href":"https:\/\/www.deberes.net\/tesis\/wp-json\/wp\/v2\/comments?post=97362"}],"version-history":[{"count":0,"href":"https:\/\/www.deberes.net\/tesis\/wp-json\/wp\/v2\/posts\/97362\/revisions"}],"wp:attachment":[{"href":"https:\/\/www.deberes.net\/tesis\/wp-json\/wp\/v2\/media?parent=97362"}],"wp:term":[{"taxonomy":"category","embeddable":true,"href":"https:\/\/www.deberes.net\/tesis\/wp-json\/wp\/v2\/categories?post=97362"},{"taxonomy":"post_tag","embeddable":true,"href":"https:\/\/www.deberes.net\/tesis\/wp-json\/wp\/v2\/tags?post=97362"}],"curies":[{"name":"wp","href":"https:\/\/api.w.org\/{rel}","templated":true}]}}