{"id":97381,"date":"2018-03-11T10:17:55","date_gmt":"2018-03-11T10:17:55","guid":{"rendered":"https:\/\/www.deberes.net\/tesis\/sin-categoria\/modelizacion-y-deteccion-de-factores-causales-en-el-proceso-de-evaluacion-educativa-un-enfoque-econometrico\/"},"modified":"2018-03-11T10:17:55","modified_gmt":"2018-03-11T10:17:55","slug":"modelizacion-y-deteccion-de-factores-causales-en-el-proceso-de-evaluacion-educativa-un-enfoque-econometrico","status":"publish","type":"post","link":"https:\/\/www.deberes.net\/tesis\/cordoba\/modelizacion-y-deteccion-de-factores-causales-en-el-proceso-de-evaluacion-educativa-un-enfoque-econometrico\/","title":{"rendered":"Modelizacion y deteccion de factores causales en el proceso de evaluacion educativa: un enfoque econometrico"},"content":{"rendered":"<h2>Tesis doctoral de <strong> Jos\u00e9 Luis Cabello Lopez <\/strong><\/h2>\n<p>El trabajo se fundamenta en los datos que se hicieron p\u00fablicos de m\u00e1s de 40.000 alumnos en las pruebas de acceso a la universidad de c\u00f3rdoba entre los a\u00f1os 1991 y 2002.  el objetivo es la detecci\u00f3n de factores controlables que puedan influir en los futuros resultados de los procesos de selecci\u00f3n de alumnos, como en la nueva selectividad que entrar\u00e1 en vigor en el a\u00f1o 2010; y la clasificaci\u00f3n de centros de ense\u00f1anza, zonas geogr\u00e1ficas, y otras caracter\u00edsticas que se estimen oportunas.  se han empleado diversas t\u00e9cnicas estad\u00edsticas para determinar  y cuantificar los factores causales que intervienen en las calificaciones medias de las pruebas, incluyendo, entre otras t\u00e9cnicas, modelos uniecuacionales con variables artificiales y cuantitativas, y modelos de an\u00e1lisis de la covarianza. En todas las ocasiones aparecen, de manera recurrente, determinados factores que influyen positiva o negativamente en los resultados.<\/p>\n<p>&nbsp;<\/p>\n<h3>Datos acad\u00e9micos de la tesis doctoral \u00ab<strong>Modelizacion y deteccion de factores causales en el proceso de evaluacion educativa: un enfoque econometrico<\/strong>\u00ab<\/h3>\n<ul>\n<li><strong>T\u00edtulo de la tesis:<\/strong>\u00a0 Modelizacion y deteccion de factores causales en el proceso de evaluacion educativa: un enfoque econometrico <\/li>\n<li><strong>Autor:<\/strong>\u00a0 Jos\u00e9 Luis Cabello Lopez <\/li>\n<li><strong>Universidad:<\/strong>\u00a0 C\u00f3rdoba<\/li>\n<li><strong>Fecha de lectura de la tesis:<\/strong>\u00a0 23\/11\/2009<\/li>\n<\/ul>\n<p>&nbsp;<\/p>\n<h3>Direcci\u00f3n y tribunal<\/h3>\n<ul>\n<li><strong>Director de la tesis<\/strong>\n<ul>\n<li>Jos\u00e9 Mar\u00eda Caridad  Y Ocerin<\/li>\n<\/ul>\n<\/li>\n<li><strong>Tribunal<\/strong>\n<ul>\n<li>Presidente del tribunal: julio Berbel vecino <\/li>\n<li>Mar\u00eda  genoveva Millan vazquez de la torre (vocal)<\/li>\n<li>eva Rublikova (vocal)<\/li>\n<li>Andr\u00e9s Gonz\u00e1lez carmona (vocal)<\/li>\n<\/ul>\n<\/li>\n<\/ul>\n<p>&nbsp;<\/p>\n","protected":false},"excerpt":{"rendered":"<p>Tesis doctoral de Jos\u00e9 Luis Cabello Lopez El trabajo se fundamenta en los datos que se hicieron p\u00fablicos de m\u00e1s [&hellip;]<\/p>\n","protected":false},"author":1,"featured_media":0,"comment_status":"open","ping_status":"open","sticky":false,"template":"","format":"standard","meta":{"site-sidebar-layout":"default","site-content-layout":"","ast-site-content-layout":"","site-content-style":"default","site-sidebar-style":"default","ast-global-header-display":"","ast-banner-title-visibility":"","ast-main-header-display":"","ast-hfb-above-header-display":"","ast-hfb-below-header-display":"","ast-hfb-mobile-header-display":"","site-post-title":"","ast-breadcrumbs-content":"","ast-featured-img":"","footer-sml-layout":"","theme-transparent-header-meta":"","adv-header-id-meta":"","stick-header-meta":"","header-above-stick-meta":"","header-main-stick-meta":"","header-below-stick-meta":"","astra-migrate-meta-layouts":"default","ast-page-background-enabled":"default","ast-page-background-meta":{"desktop":{"background-color":"var(--ast-global-color-4)","background-image":"","background-repeat":"repeat","background-position":"center center","background-size":"auto","background-attachment":"scroll","background-type":"","background-media":"","overlay-type":"","overlay-color":"","overlay-gradient":""},"tablet":{"background-color":"","background-image":"","background-repeat":"repeat","background-position":"center center","background-size":"auto","background-attachment":"scroll","background-type":"","background-media":"","overlay-type":"","overlay-color":"","overlay-gradient":""},"mobile":{"background-color":"","background-image":"","background-repeat":"repeat","background-position":"center center","background-size":"auto","background-attachment":"scroll","background-type":"","background-media":"","overlay-type":"","overlay-color":"","overlay-gradient":""}},"ast-content-background-meta":{"desktop":{"background-color":"var(--ast-global-color-5)","background-image":"","background-repeat":"repeat","background-position":"center center","background-size":"auto","background-attachment":"scroll","background-type":"","background-media":"","overlay-type":"","overlay-color":"","overlay-gradient":""},"tablet":{"background-color":"var(--ast-global-color-5)","background-image":"","background-repeat":"repeat","background-position":"center center","background-size":"auto","background-attachment":"scroll","background-type":"","background-media":"","overlay-type":"","overlay-color":"","overlay-gradient":""},"mobile":{"background-color":"var(--ast-global-color-5)","background-image":"","background-repeat":"repeat","background-position":"center center","background-size":"auto","background-attachment":"scroll","background-type":"","background-media":"","overlay-type":"","overlay-color":"","overlay-gradient":""}},"footnotes":""},"categories":[2207,973,6020],"tags":[3560,149216,199576,2209,2117,20889],"class_list":["post-97381","post","type-post","status-publish","format-standard","hentry","category-analisis-de-datos","category-cordoba","category-evaluacion-de-alumnos","tag-andres-gonzalez-carmona","tag-eva-rublikova","tag-jose-luis-cabello-lopez","tag-jose-maria-caridad-y-ocerin","tag-julio-berbel-vecino","tag-maria-genoveva-millan-vazquez-de-la-torre"],"_links":{"self":[{"href":"https:\/\/www.deberes.net\/tesis\/wp-json\/wp\/v2\/posts\/97381","targetHints":{"allow":["GET"]}}],"collection":[{"href":"https:\/\/www.deberes.net\/tesis\/wp-json\/wp\/v2\/posts"}],"about":[{"href":"https:\/\/www.deberes.net\/tesis\/wp-json\/wp\/v2\/types\/post"}],"author":[{"embeddable":true,"href":"https:\/\/www.deberes.net\/tesis\/wp-json\/wp\/v2\/users\/1"}],"replies":[{"embeddable":true,"href":"https:\/\/www.deberes.net\/tesis\/wp-json\/wp\/v2\/comments?post=97381"}],"version-history":[{"count":0,"href":"https:\/\/www.deberes.net\/tesis\/wp-json\/wp\/v2\/posts\/97381\/revisions"}],"wp:attachment":[{"href":"https:\/\/www.deberes.net\/tesis\/wp-json\/wp\/v2\/media?parent=97381"}],"wp:term":[{"taxonomy":"category","embeddable":true,"href":"https:\/\/www.deberes.net\/tesis\/wp-json\/wp\/v2\/categories?post=97381"},{"taxonomy":"post_tag","embeddable":true,"href":"https:\/\/www.deberes.net\/tesis\/wp-json\/wp\/v2\/tags?post=97381"}],"curies":[{"name":"wp","href":"https:\/\/api.w.org\/{rel}","templated":true}]}}