{"id":97432,"date":"2018-03-11T10:17:59","date_gmt":"2018-03-11T10:17:59","guid":{"rendered":"https:\/\/www.deberes.net\/tesis\/sin-categoria\/ventalls-a-la-barcelona-del-segle-xix-col-leccions-i-iconografia\/"},"modified":"2018-03-11T10:17:59","modified_gmt":"2018-03-11T10:17:59","slug":"ventalls-a-la-barcelona-del-segle-xix-col-leccions-i-iconografia","status":"publish","type":"post","link":"https:\/\/www.deberes.net\/tesis\/barcelona\/ventalls-a-la-barcelona-del-segle-xix-col-leccions-i-iconografia\/","title":{"rendered":"Ventalls a la barcelona del segle xix. col.leccions i iconografia"},"content":{"rendered":"<h2>Tesis doctoral de <strong> Mireia Nolla Bacarisas <\/strong><\/h2>\n<p>El principal objetivo de esta tesis es realizar un estudio sobre el abanico en catalu\u00f1a, partiendo de las escasas aportaciones monogr\u00e1ficas que se han realizado sobre el tema respecto a otros paises europeos, y que han sido revisadas previamente con tal de fundamentar las bases de esta tesis y cubrir sus vac\u00edos. dado que el estudio pod\u00eda adquirir unas excesivas dimensiones, se ha acotado el \u00e1mbito de geogr\u00e1fica, temporal y tem\u00e1ticamente. es decir, el campo de trabajo abarca los abanicos realizados en barcelona, por manufacturas, imprentas o artistas catalanes, adem\u00e1s de aquellos que han formado parte o pertenecen a la principales colecciones, museos y instituciones de la provincia. completa el trabajo un fichero en el cual se han incorporado el m\u00e1ximo de piezas posible, con el condicionante de reunir alguno de estos requisitos, aunque el estudio se haya centrado en los abanicos que cronol\u00f3gicamente corresponden al siglo xix, dado que por la convergencia de una serie de factores diversos (pol\u00edticos, trecnol\u00f3gicos, etc.), Fue una de las \u00e9pocas m\u00e1s prol\u00edficas y variadas en la producci\u00f3n de abanicos. Y, entre todos los aspectos posibles, se ha seleccionado su contenido iconogr\u00e1fico como base de este estudio que remite directamente a la sociolog\u00eda del siglo xix. para entrar en materia resulta indispensable una previa introducci\u00f3n terminol\u00f3gica, tipol\u00f3gica y hist\u00f3rica, partiendo de los or\u00edgenes del abanico hasta su presencia en europa, en espa\u00f1a y en catalu\u00f1a durante el siglo xix en concreto. Se analizan sus contenidos iconogr\u00e1ficos a partir de las piezas conservadas. Mostrando una relaci\u00f3n de las colecciones, museos y piezas, as\u00ed como de los coleccionistas. De su observaci\u00f3n podemos extraer todo tipo de datos, de los cuales nos interesan especialmente aquellos realcionados con los contenidos tem\u00e1ticos, los cuales aportan todo un muestario representativo de los aspectos que interesaban o preocupaban a la sociedad a la cu\u00e1l iban destinados. Prestando especial atenci\u00f3n a los abanicos de cuadro aut\u00f3ctonos, los cuales, por el hecho de incorporar texto a las im\u00e1genes, se convierten en veh\u00edculo para la trasmisi\u00f3n de todo tipo de ideas o conceptos relacionados con las clases menestrales, aportando un valor documental que quedar\u00eda englobado en el concepto de lenguaje del abanico, en el cual se incluir\u00eda su presencia en los salones dieciochescos, e la literatura o en su simbolog\u00eda. el estudio iconogr\u00e1fico se ha centrado entorno a unos grandes bloques tem\u00e1ticos definidos a partir de la observaci\u00f3n directa del contenido de las piezas y que ha sido relacionado con la sociedad del momento. A pesar del trato que se les pueda dar sea diferente seg\u00fan el tipo de abanico y el estrato social de su destinatario, podemos englobar los contenidos iconogr\u00e1ficos de todos ellos en s\u00f3lo cuatro grandes bloques: la herencia del pasado (las raices cl\u00e1sicas), la expresi\u00f3n de la f\u00e9 (las manifestaciones religiosas cat\u00f3licas), exotismo fantas\u00eda, misterio y naturaleza, el hombre y su entorno (reflejo de la vida cotidiana). el an\u00e1lisis pone en evidencia la estrecha relaci\u00f3n entre las artes gr\u00e1ficas y la sociedad, y como \u00e9sta implica la permanencia o recuperaci\u00f3n de ciertos temas tradicionales que conviven en plena armon\u00eda con otras fruto de las modas o de hechos puntuales del momento. una gran aportaci\u00f3n de esta tesis \u00e9s la catalogaci\u00f3n general de las colecciones de abanicos, y en particular, de cada una de las principales de catalu\u00f1a, en un fichero creado para este fin, con m\u00e1s de 3000 entradas, y que queda abierto para su constante actualizaci\u00f3n, as\u00ed como para un futuro estudio en profundidad de cada uno de los ejemplares. se han indicado nuevas v\u00edas de estudio del abanico relacionadas con los sectores m\u00e1s diversos, no ya por las caracter\u00edsticas intr\u00ednsecas del objeto, (material, estructura, forma, estilo,) o por los oficios con \u00e9l realcionados (gravadores, impresores, fabricantes, vendedores, sin\u00f3 tambi\u00e9n por su contenido iconogr\u00e1fico (etnogr\u00e1fico, literario, mitol\u00f3gico, cient\u00edfico, art\u00edstico,), y por el di\u00e1logo que, a partir de todos estos aspectos puede establecer con la sociedad coetanea.<\/p>\n<p>&nbsp;<\/p>\n<h3>Datos acad\u00e9micos de la tesis doctoral \u00ab<strong>Ventalls a la barcelona del segle xix. col.leccions i iconografia<\/strong>\u00ab<\/h3>\n<ul>\n<li><strong>T\u00edtulo de la tesis:<\/strong>\u00a0 Ventalls a la barcelona del segle xix. col.leccions i iconografia <\/li>\n<li><strong>Autor:<\/strong>\u00a0 Mireia Nolla Bacarisas <\/li>\n<li><strong>Universidad:<\/strong>\u00a0 Barcelona<\/li>\n<li><strong>Fecha de lectura de la tesis:<\/strong>\u00a0 25\/11\/2009<\/li>\n<\/ul>\n<p>&nbsp;<\/p>\n<h3>Direcci\u00f3n y tribunal<\/h3>\n<ul>\n<li><strong>Director de la tesis<\/strong>\n<ul>\n<li>Teresa Sala Garcia<\/li>\n<\/ul>\n<\/li>\n<li><strong>Tribunal<\/strong>\n<ul>\n<li>Presidente del tribunal: bonaventura Bassegoda hugas <\/li>\n<li>pilar V\u00e9lez vicente (vocal)<\/li>\n<li>  (vocal)<\/li>\n<li>  (vocal)<\/li>\n<\/ul>\n<\/li>\n<\/ul>\n<p>&nbsp;<\/p>\n","protected":false},"excerpt":{"rendered":"<p>Tesis doctoral de Mireia Nolla Bacarisas El principal objetivo de esta tesis es realizar un estudio sobre el abanico en [&hellip;]<\/p>\n","protected":false},"author":1,"featured_media":0,"comment_status":"open","ping_status":"open","sticky":false,"template":"","format":"standard","meta":{"site-sidebar-layout":"default","site-content-layout":"","ast-site-content-layout":"","site-content-style":"default","site-sidebar-style":"default","ast-global-header-display":"","ast-banner-title-visibility":"","ast-main-header-display":"","ast-hfb-above-header-display":"","ast-hfb-below-header-display":"","ast-hfb-mobile-header-display":"","site-post-title":"","ast-breadcrumbs-content":"","ast-featured-img":"","footer-sml-layout":"","theme-transparent-header-meta":"","adv-header-id-meta":"","stick-header-meta":"","header-above-stick-meta":"","header-main-stick-meta":"","header-below-stick-meta":"","astra-migrate-meta-layouts":"default","ast-page-background-enabled":"default","ast-page-background-meta":{"desktop":{"background-color":"var(--ast-global-color-4)","background-image":"","background-repeat":"repeat","background-position":"center center","background-size":"auto","background-attachment":"scroll","background-type":"","background-media":"","overlay-type":"","overlay-color":"","overlay-gradient":""},"tablet":{"background-color":"","background-image":"","background-repeat":"repeat","background-position":"center center","background-size":"auto","background-attachment":"scroll","background-type":"","background-media":"","overlay-type":"","overlay-color":"","overlay-gradient":""},"mobile":{"background-color":"","background-image":"","background-repeat":"repeat","background-position":"center center","background-size":"auto","background-attachment":"scroll","background-type":"","background-media":"","overlay-type":"","overlay-color":"","overlay-gradient":""}},"ast-content-background-meta":{"desktop":{"background-color":"var(--ast-global-color-5)","background-image":"","background-repeat":"repeat","background-position":"center center","background-size":"auto","background-attachment":"scroll","background-type":"","background-media":"","overlay-type":"","overlay-color":"","overlay-gradient":""},"tablet":{"background-color":"var(--ast-global-color-5)","background-image":"","background-repeat":"repeat","background-position":"center center","background-size":"auto","background-attachment":"scroll","background-type":"","background-media":"","overlay-type":"","overlay-color":"","overlay-gradient":""},"mobile":{"background-color":"var(--ast-global-color-5)","background-image":"","background-repeat":"repeat","background-position":"center center","background-size":"auto","background-attachment":"scroll","background-type":"","background-media":"","overlay-type":"","overlay-color":"","overlay-gradient":""}},"footnotes":""},"categories":[7685,951,2563,13716],"tags":[15644,199653,103920,51798],"class_list":["post-97432","post","type-post","status-publish","format-standard","hentry","category-artes-decorativas","category-barcelona","category-historia-del-arte-de-los-siglos-xix-y-xx","category-sociologia-del-arte","tag-bonaventura-bassegoda-hugas","tag-mireia-nolla-bacarisas","tag-pilar-velez-vicente","tag-teresa-sala-garcia"],"_links":{"self":[{"href":"https:\/\/www.deberes.net\/tesis\/wp-json\/wp\/v2\/posts\/97432","targetHints":{"allow":["GET"]}}],"collection":[{"href":"https:\/\/www.deberes.net\/tesis\/wp-json\/wp\/v2\/posts"}],"about":[{"href":"https:\/\/www.deberes.net\/tesis\/wp-json\/wp\/v2\/types\/post"}],"author":[{"embeddable":true,"href":"https:\/\/www.deberes.net\/tesis\/wp-json\/wp\/v2\/users\/1"}],"replies":[{"embeddable":true,"href":"https:\/\/www.deberes.net\/tesis\/wp-json\/wp\/v2\/comments?post=97432"}],"version-history":[{"count":0,"href":"https:\/\/www.deberes.net\/tesis\/wp-json\/wp\/v2\/posts\/97432\/revisions"}],"wp:attachment":[{"href":"https:\/\/www.deberes.net\/tesis\/wp-json\/wp\/v2\/media?parent=97432"}],"wp:term":[{"taxonomy":"category","embeddable":true,"href":"https:\/\/www.deberes.net\/tesis\/wp-json\/wp\/v2\/categories?post=97432"},{"taxonomy":"post_tag","embeddable":true,"href":"https:\/\/www.deberes.net\/tesis\/wp-json\/wp\/v2\/tags?post=97432"}],"curies":[{"name":"wp","href":"https:\/\/api.w.org\/{rel}","templated":true}]}}