{"id":97433,"date":"2018-03-11T10:17:59","date_gmt":"2018-03-11T10:17:59","guid":{"rendered":"https:\/\/www.deberes.net\/tesis\/sin-categoria\/el-analisis-de-la-pobreza-y-la-exclusion-social-una-propuesta-metodologica\/"},"modified":"2018-03-11T10:17:59","modified_gmt":"2018-03-11T10:17:59","slug":"el-analisis-de-la-pobreza-y-la-exclusion-social-una-propuesta-metodologica","status":"publish","type":"post","link":"https:\/\/www.deberes.net\/tesis\/metodologia\/el-analisis-de-la-pobreza-y-la-exclusion-social-una-propuesta-metodologica\/","title":{"rendered":"El an\u00e1lisis de la pobreza y la exclusi\u00f3n social: una propuesta metodol\u00f3gica"},"content":{"rendered":"<h2>Tesis doctoral de <strong> Pedro Hernandez Lafuente <\/strong><\/h2>\n<p>El fen\u00f3meno multidimensional de la pobreza y la exclusi\u00f3n est\u00e1 adquiriendo caracter\u00edsticas y perfiles variados cuyo dinamismo, en las sociedades avanzadas, las recientemente industrializadas y emergentes requiere mayor nivel de comprensi\u00f3n. La cuesti\u00f3n de los indicadores estad\u00edsticos adquiere la m\u00e1xima importancia ante la necesidad de dotar a la investigaci\u00f3n  y a los diagn\u00f3sticos de unos m\u00e9todos de medici\u00f3n adaptados a esta realidad compleja y cambiante.       las nuevas formas y evoluci\u00f3n de pobreza y exclusi\u00f3n se manifiestan desde su g\u00e9nesis donde recobran importancia factores como la movilidad de nuevos actores, las condiciones -est\u00e1ticas y din\u00e1micas- de individuos y colectividades afectados por el debilitamiento de su autonom\u00eda,  la reducci\u00f3n del poder adquisitivo en sus econom\u00edas dom\u00e9sticas,  afectaciones en las relaciones de dependencia, etc. Que comparten cada vez m\u00e1s los contextos socioecon\u00f3micos y urbanos en la mayor parte de los estados miembros de la uni\u00f3n europea.      la fluctuaci\u00f3n de las condiciones de vida de estos actores y las situaciones de exclusi\u00f3n de distintos colectivos ante los niveles de bienestar y expectativas que goza otra parte importante de la poblaci\u00f3n, colocan a nuestras sociedades, instituciones p\u00fablicas y  tercer sector en una disyuntiva cada vez m\u00e1s compleja que dificulta el aporte de elementos objetivos de an\u00e1lisis y por ende, de respuestas a las situaciones de pobreza y desigualdad.      la existencia de razones socioecon\u00f3micas, culturales y pol\u00edticas tambi\u00e9n cambiantes, no ofrecen a\u00fan respuestas eficaces ante la cronificaci\u00f3n de estadios de pobreza y exclusi\u00f3n. Las pol\u00edticas sociales en general, y los programas contra la exclusi\u00f3n en particular, promovidas desde las administraciones p\u00fablicas, necesitan adaptar mecanismos de an\u00e1lisis de estos fen\u00f3menos que les permitan obtener a corto y medio plazo mediciones objetivas y efectuar diagn\u00f3sticos que orienten futuras actuaciones para la inclusi\u00f3n y reducci\u00f3n de la pobreza. Esta necesidad se acrecienta m\u00e1s, si cabe, a partir de la cesi\u00f3n de servicios y programas de inclusi\u00f3n al tercer sector y ello justifica la aportaci\u00f3n de aplicaciones metodol\u00f3gicas que les sirvan de gu\u00eda para validar sus m\u00e9todos de evaluaci\u00f3n,  refuercen la unicidad en las acciones sociales y  resuelvan las carencias de instrumentos eficaces de observaci\u00f3n y an\u00e1lisis, adem\u00e1s de complementar las estructuras supervisoras de los programas que implementan.      la unificaci\u00f3n de aplicaciones permite medir objetivamente el objeto con el que trabajan: poblaci\u00f3n con d\u00e9ficit en calidad de vida y poder adquisitivo y poblaci\u00f3n que se encuentra por debajo del estatus de ciudadan\u00eda incluyendo estadios de dependencia asistencial y aquellos otros que se encuentran en la privaci\u00f3n de la ayuda social, asistencia normativa o institucional.  Para abordar esta estructura unitaria de an\u00e1lisis se requiere de la combinaci\u00f3n de elementos objetivables (cuantitativos) y otros de car\u00e1cter cualitativo, sujetos en muchos casos a la subjetividad de condiciones y actitudes humanas que entra\u00f1a niveles de complejidad en la interrelaci\u00f3n de variables que caracterizan ambas dimensiones de este fen\u00f3meno.       en resumen, esta propuesta metodol\u00f3gica de medici\u00f3n de situaciones de riesgo, vulnerabilidad y condiciones de pobreza y exclusi\u00f3n, supone una innovaci\u00f3n metodol\u00f3gica din\u00e1mica y flexible en su aplicaci\u00f3n y adaptaci\u00f3n a una realidad social y econ\u00f3mica cambiante. Adem\u00e1s ofrece aplicaciones unificadas de medici\u00f3n de estos fen\u00f3menos que, por un lado, facilitan elaboraciones de itinerarios propios de su dinamismo y, por otro, aportan criterios de objetividad a aquellos diagn\u00f3sticos que deban realizar  los distintos actores implicados en los programas destinados a la mejora de la calidad de vida y bienestar de la poblaci\u00f3n o su inclusi\u00f3n.<\/p>\n<p>&nbsp;<\/p>\n<h3>Datos acad\u00e9micos de la tesis doctoral \u00ab<strong>El an\u00e1lisis de la pobreza y la exclusi\u00f3n social: una propuesta metodol\u00f3gica<\/strong>\u00ab<\/h3>\n<ul>\n<li><strong>T\u00edtulo de la tesis:<\/strong>\u00a0 El an\u00e1lisis de la pobreza y la exclusi\u00f3n social: una propuesta metodol\u00f3gica <\/li>\n<li><strong>Autor:<\/strong>\u00a0 Pedro Hernandez Lafuente <\/li>\n<li><strong>Universidad:<\/strong>\u00a0 Granada<\/li>\n<li><strong>Fecha de lectura de la tesis:<\/strong>\u00a0 25\/11\/2009<\/li>\n<\/ul>\n<p>&nbsp;<\/p>\n<h3>Direcci\u00f3n y tribunal<\/h3>\n<ul>\n<li><strong>Director de la tesis<\/strong>\n<ul>\n<li>Antonio Trinidad Requena<\/li>\n<\/ul>\n<\/li>\n<li><strong>Tribunal<\/strong>\n<ul>\n<li>Presidente del tribunal: julio Iglesias de ussel <\/li>\n<li>pedro Cast\u00f3n boyer (vocal)<\/li>\n<li>Rafael Gobernado arribas (vocal)<\/li>\n<li>Jes\u00fas Alberto Valero matas (vocal)<\/li>\n<\/ul>\n<\/li>\n<\/ul>\n<p>&nbsp;<\/p>\n","protected":false},"excerpt":{"rendered":"<p>Tesis doctoral de Pedro Hernandez Lafuente El fen\u00f3meno multidimensional de la pobreza y la exclusi\u00f3n est\u00e1 adquiriendo caracter\u00edsticas y perfiles [&hellip;]<\/p>\n","protected":false},"author":1,"featured_media":0,"comment_status":"open","ping_status":"open","sticky":false,"template":"","format":"standard","meta":{"site-sidebar-layout":"default","site-content-layout":"","ast-site-content-layout":"","site-content-style":"default","site-sidebar-style":"default","ast-global-header-display":"","ast-banner-title-visibility":"","ast-main-header-display":"","ast-hfb-above-header-display":"","ast-hfb-below-header-display":"","ast-hfb-mobile-header-display":"","site-post-title":"","ast-breadcrumbs-content":"","ast-featured-img":"","footer-sml-layout":"","theme-transparent-header-meta":"","adv-header-id-meta":"","stick-header-meta":"","header-above-stick-meta":"","header-main-stick-meta":"","header-below-stick-meta":"","astra-migrate-meta-layouts":"default","ast-page-background-enabled":"default","ast-page-background-meta":{"desktop":{"background-color":"var(--ast-global-color-4)","background-image":"","background-repeat":"repeat","background-position":"center center","background-size":"auto","background-attachment":"scroll","background-type":"","background-media":"","overlay-type":"","overlay-color":"","overlay-gradient":""},"tablet":{"background-color":"","background-image":"","background-repeat":"repeat","background-position":"center center","background-size":"auto","background-attachment":"scroll","background-type":"","background-media":"","overlay-type":"","overlay-color":"","overlay-gradient":""},"mobile":{"background-color":"","background-image":"","background-repeat":"repeat","background-position":"center center","background-size":"auto","background-attachment":"scroll","background-type":"","background-media":"","overlay-type":"","overlay-color":"","overlay-gradient":""}},"ast-content-background-meta":{"desktop":{"background-color":"var(--ast-global-color-5)","background-image":"","background-repeat":"repeat","background-position":"center center","background-size":"auto","background-attachment":"scroll","background-type":"","background-media":"","overlay-type":"","overlay-color":"","overlay-gradient":""},"tablet":{"background-color":"var(--ast-global-color-5)","background-image":"","background-repeat":"repeat","background-position":"center center","background-size":"auto","background-attachment":"scroll","background-type":"","background-media":"","overlay-type":"","overlay-color":"","overlay-gradient":""},"mobile":{"background-color":"var(--ast-global-color-5)","background-image":"","background-repeat":"repeat","background-position":"center center","background-size":"auto","background-attachment":"scroll","background-type":"","background-media":"","overlay-type":"","overlay-color":"","overlay-gradient":""}},"footnotes":""},"categories":[23762,110260,19156,23864],"tags":[76352,199655,3578,35457,199654,4120],"class_list":["post-97433","post","type-post","status-publish","format-standard","hentry","category-estudios-de-comunidades","category-inadaptacion","category-metodologia","category-pobreza","tag-antonio-trinidad-requena","tag-jesus-alberto-valero-matas","tag-julio-iglesias-de-ussel","tag-pedro-caston-boyer","tag-pedro-hernandez-lafuente","tag-rafael-gobernado-arribas"],"_links":{"self":[{"href":"https:\/\/www.deberes.net\/tesis\/wp-json\/wp\/v2\/posts\/97433","targetHints":{"allow":["GET"]}}],"collection":[{"href":"https:\/\/www.deberes.net\/tesis\/wp-json\/wp\/v2\/posts"}],"about":[{"href":"https:\/\/www.deberes.net\/tesis\/wp-json\/wp\/v2\/types\/post"}],"author":[{"embeddable":true,"href":"https:\/\/www.deberes.net\/tesis\/wp-json\/wp\/v2\/users\/1"}],"replies":[{"embeddable":true,"href":"https:\/\/www.deberes.net\/tesis\/wp-json\/wp\/v2\/comments?post=97433"}],"version-history":[{"count":0,"href":"https:\/\/www.deberes.net\/tesis\/wp-json\/wp\/v2\/posts\/97433\/revisions"}],"wp:attachment":[{"href":"https:\/\/www.deberes.net\/tesis\/wp-json\/wp\/v2\/media?parent=97433"}],"wp:term":[{"taxonomy":"category","embeddable":true,"href":"https:\/\/www.deberes.net\/tesis\/wp-json\/wp\/v2\/categories?post=97433"},{"taxonomy":"post_tag","embeddable":true,"href":"https:\/\/www.deberes.net\/tesis\/wp-json\/wp\/v2\/tags?post=97433"}],"curies":[{"name":"wp","href":"https:\/\/api.w.org\/{rel}","templated":true}]}}