{"id":97482,"date":"2018-03-11T10:18:03","date_gmt":"2018-03-11T10:18:03","guid":{"rendered":"https:\/\/www.deberes.net\/tesis\/sin-categoria\/autorretratos-del-estado-una-aproximacion-al-sello-postal-como-medio-de-emision-de-mensaje-ideologicos\/"},"modified":"2018-03-11T10:18:03","modified_gmt":"2018-03-11T10:18:03","slug":"autorretratos-del-estado-una-aproximacion-al-sello-postal-como-medio-de-emision-de-mensaje-ideologicos","status":"publish","type":"post","link":"https:\/\/www.deberes.net\/tesis\/dibujo-y-grabado\/autorretratos-del-estado-una-aproximacion-al-sello-postal-como-medio-de-emision-de-mensaje-ideologicos\/","title":{"rendered":"Autorretratos del estado: una aproximaci\u00f3n al sello postal como medio de emisi\u00f3n de mensaje ideol\u00f3gicos"},"content":{"rendered":"<h2>Tesis doctoral de <strong> Guillermo Navarro  Oltra <\/strong><\/h2>\n<p>La intenci\u00f3n de nuestro estudio ser\u00eda mostrar c\u00f3mo el r\u00e9gimen franquista utiliz\u00f3 el sello postal no s\u00f3lo como medio de transmisi\u00f3n y afirmaci\u00f3n de su ideolog\u00eda, de propaganda y por lo tanto, de apoyo para la creaci\u00f3n y difusi\u00f3n de una imagen y de una identidad nacional adecuada a sus intereses, sino que adem\u00e1s, lo utiliz\u00f3 como soporte de la imagen que quer\u00eda mostrar de s\u00ed mismo dentro y fuera de sus fronteras. Para ello, en este trabajo estudiaremos los sellos de correo emitidos en espa\u00f1a durante la dictadura franquista de acuerdo a los siguientes par\u00e1metros: qui\u00e9n decid\u00eda qu\u00e9 mensajes se emit\u00edan, qu\u00e9 mensajes se quer\u00eda transmitir, a qui\u00e9n \u00edba dirigido el mensaje emitido, qu\u00e9 efectos se esperaban conseguir y qu\u00e9 s\u00edmbolos eran utilizados para ello.<\/p>\n<p>&nbsp;<\/p>\n<h3>Datos acad\u00e9micos de la tesis doctoral \u00ab<strong>Autorretratos del estado: una aproximaci\u00f3n al sello postal como medio de emisi\u00f3n de mensaje ideol\u00f3gicos<\/strong>\u00ab<\/h3>\n<ul>\n<li><strong>T\u00edtulo de la tesis:<\/strong>\u00a0 Autorretratos del estado: una aproximaci\u00f3n al sello postal como medio de emisi\u00f3n de mensaje ideol\u00f3gicos <\/li>\n<li><strong>Autor:<\/strong>\u00a0 Guillermo Navarro  Oltra <\/li>\n<li><strong>Universidad:<\/strong>\u00a0 Castilla-la mancha<\/li>\n<li><strong>Fecha de lectura de la tesis:<\/strong>\u00a0 26\/11\/2009<\/li>\n<\/ul>\n<p>&nbsp;<\/p>\n<h3>Direcci\u00f3n y tribunal<\/h3>\n<ul>\n<li><strong>Director de la tesis<\/strong>\n<ul>\n<li>Juli\u00e1n D\u00edaz S\u00e1nchez<\/li>\n<\/ul>\n<\/li>\n<li><strong>Tribunal<\/strong>\n<ul>\n<li>Presidente del tribunal: Jos\u00e9 ramon Alcala mellado <\/li>\n<li>alicia Diez de balde\u00f3n Garc\u00eda (vocal)<\/li>\n<li>raquel Pelta resano (vocal)<\/li>\n<li>Francisco Jos\u00e9 Falero folgoso (vocal)<\/li>\n<\/ul>\n<\/li>\n<\/ul>\n<p>&nbsp;<\/p>\n","protected":false},"excerpt":{"rendered":"<p>Tesis doctoral de Guillermo Navarro Oltra La intenci\u00f3n de nuestro estudio ser\u00eda mostrar c\u00f3mo el r\u00e9gimen franquista utiliz\u00f3 el sello [&hellip;]<\/p>\n","protected":false},"author":1,"featured_media":0,"comment_status":"open","ping_status":"open","sticky":false,"template":"","format":"standard","meta":{"site-sidebar-layout":"default","site-content-layout":"","ast-site-content-layout":"","site-content-style":"default","site-sidebar-style":"default","ast-global-header-display":"","ast-banner-title-visibility":"","ast-main-header-display":"","ast-hfb-above-header-display":"","ast-hfb-below-header-display":"","ast-hfb-mobile-header-display":"","site-post-title":"","ast-breadcrumbs-content":"","ast-featured-img":"","footer-sml-layout":"","theme-transparent-header-meta":"","adv-header-id-meta":"","stick-header-meta":"","header-above-stick-meta":"","header-main-stick-meta":"","header-below-stick-meta":"","astra-migrate-meta-layouts":"default","ast-page-background-enabled":"default","ast-page-background-meta":{"desktop":{"background-color":"var(--ast-global-color-4)","background-image":"","background-repeat":"repeat","background-position":"center center","background-size":"auto","background-attachment":"scroll","background-type":"","background-media":"","overlay-type":"","overlay-color":"","overlay-gradient":""},"tablet":{"background-color":"","background-image":"","background-repeat":"repeat","background-position":"center center","background-size":"auto","background-attachment":"scroll","background-type":"","background-media":"","overlay-type":"","overlay-color":"","overlay-gradient":""},"mobile":{"background-color":"","background-image":"","background-repeat":"repeat","background-position":"center center","background-size":"auto","background-attachment":"scroll","background-type":"","background-media":"","overlay-type":"","overlay-color":"","overlay-gradient":""}},"ast-content-background-meta":{"desktop":{"background-color":"var(--ast-global-color-5)","background-image":"","background-repeat":"repeat","background-position":"center center","background-size":"auto","background-attachment":"scroll","background-type":"","background-media":"","overlay-type":"","overlay-color":"","overlay-gradient":""},"tablet":{"background-color":"var(--ast-global-color-5)","background-image":"","background-repeat":"repeat","background-position":"center center","background-size":"auto","background-attachment":"scroll","background-type":"","background-media":"","overlay-type":"","overlay-color":"","overlay-gradient":""},"mobile":{"background-color":"var(--ast-global-color-5)","background-image":"","background-repeat":"repeat","background-position":"center center","background-size":"auto","background-attachment":"scroll","background-type":"","background-media":"","overlay-type":"","overlay-color":"","overlay-gradient":""}},"footnotes":""},"categories":[18451,4100],"tags":[50176,199727,199726,148506,56934,133341],"class_list":["post-97482","post","type-post","status-publish","format-standard","hentry","category-castilla-la-mancha","category-dibujo-y-grabado","tag-alicia-diez-de-baldeon-garcia","tag-francisco-jose-falero-folgoso","tag-guillermo-navarro-oltra","tag-jose-ramon-alcala-mellado","tag-julian-diaz-sanchez","tag-raquel-pelta-resano"],"_links":{"self":[{"href":"https:\/\/www.deberes.net\/tesis\/wp-json\/wp\/v2\/posts\/97482","targetHints":{"allow":["GET"]}}],"collection":[{"href":"https:\/\/www.deberes.net\/tesis\/wp-json\/wp\/v2\/posts"}],"about":[{"href":"https:\/\/www.deberes.net\/tesis\/wp-json\/wp\/v2\/types\/post"}],"author":[{"embeddable":true,"href":"https:\/\/www.deberes.net\/tesis\/wp-json\/wp\/v2\/users\/1"}],"replies":[{"embeddable":true,"href":"https:\/\/www.deberes.net\/tesis\/wp-json\/wp\/v2\/comments?post=97482"}],"version-history":[{"count":0,"href":"https:\/\/www.deberes.net\/tesis\/wp-json\/wp\/v2\/posts\/97482\/revisions"}],"wp:attachment":[{"href":"https:\/\/www.deberes.net\/tesis\/wp-json\/wp\/v2\/media?parent=97482"}],"wp:term":[{"taxonomy":"category","embeddable":true,"href":"https:\/\/www.deberes.net\/tesis\/wp-json\/wp\/v2\/categories?post=97482"},{"taxonomy":"post_tag","embeddable":true,"href":"https:\/\/www.deberes.net\/tesis\/wp-json\/wp\/v2\/tags?post=97482"}],"curies":[{"name":"wp","href":"https:\/\/api.w.org\/{rel}","templated":true}]}}