{"id":97512,"date":"2018-03-11T10:18:03","date_gmt":"2018-03-11T10:18:03","guid":{"rendered":"https:\/\/www.deberes.net\/tesis\/sin-categoria\/climatologia-y-evolucion-espacio-temporal-de-la-nubosidad-e-insolacion-en-la-peninsula-iberica-desde-mediados-del-siglo-xx\/"},"modified":"2018-03-11T10:18:03","modified_gmt":"2018-03-11T10:18:03","slug":"climatologia-y-evolucion-espacio-temporal-de-la-nubosidad-e-insolacion-en-la-peninsula-iberica-desde-mediados-del-siglo-xx","status":"publish","type":"post","link":"https:\/\/www.deberes.net\/tesis\/barcelona\/climatologia-y-evolucion-espacio-temporal-de-la-nubosidad-e-insolacion-en-la-peninsula-iberica-desde-mediados-del-siglo-xx\/","title":{"rendered":"Climatolog\u00eda y evoluci\u00f3n espacio-temporal de la nubosidad e insolaci\u00f3n en la peninsula ib\u00e9rica desde mediados del siglo xx"},"content":{"rendered":"<h2>Tesis doctoral de <strong> Arturo S\u00e1nchez Lorenzo <\/strong><\/h2>\n<p>Resumen de la tesis:\t en la tesis doctoral se construye una base de datos de calidad y homog\u00e9nea para las variables insolaci\u00f3n y nubosidad en la pen\u00ednsula ib\u00e9rica desde mediados del siglo xx hasta la actualidad. Se han aplicado exhaustivos controles de calidad diarios a las series disponibles, aplic\u00e1ndose posteriormente el test de homogeneidad relativa de craddock con el cual se han detectado y corregido las principales inhomogeneidades presentes en las series originales.   posteriormente se ha elaborado una malla de 1\u00c2\u00bax1\u00c2\u00ba de resoluci\u00f3n y se han analizado las tendencias de la insolaci\u00f3n y nubosidad para el conjunto de la pen\u00ednsula ib\u00e9rica y diferentes regiones definidas a partir de un an\u00e1lisis en componentes principales. La serie media conjunta de la insolaci\u00f3n muestra un claro descenso o dimming desde los a\u00f1os 50 hasta los 80, con un m\u00ednimo muy marcado entre 1982 y 1984, con un posterior aumento o brightening hasta la el final del siglo xx que compensa el descenso anterior. Estos resultados confirman las tendencias detectadas en el conjunto de europa occidental, que tambi\u00e9n han sido recopiladas y analizadas en la presente tesis doctoral. Igualmente, se confirma que la nubosidad total no muestra tendencias coherentes con las de insolaci\u00f3n, debido a que a resoluci\u00f3n anual la serie conjunta para el territorio peninsular muestra una tendencia significativa claramente descendente durante el per\u00edodo analizado.  estacionalmente se observa que la se\u00f1al del dimming y brightening solo se identifica claramente durante las estaciones primaveral y estival, aunque para esta \u00faltima no existe una marcada recuperaci\u00f3n de los registros durante las \u00faltimas d\u00e9cadas, constat\u00e1ndose una tendencia negativa significativa para el periodo 1951-2004. Regionalmente se puede apreciar como en el norte peninsular el dimming y el brightening solo se aprecian n\u00edtidamente durante la primavera, mientras que en el resto del territorio existe una clara correspondencia con las tendencias observadas con las series medias para el conjunto de la pen\u00ednsula ib\u00e9rica.   finalmente, tambi\u00e9n se comparan los registros de nubosidad total en la pen\u00ednsula ib\u00e9rica que proporcionan 3 fuentes de datos de \u00e1mbito global y que proceden de interpolaciones de observaciones directas o indirectas de la nubosidad: superficie (cru ts2.1), sat\u00e9lite (isccp) y rean\u00e1lisis (era-40), limit\u00e1ndose el estudio al periodo com\u00fan (1984-2002). Los resultados muestran una clara discrepancia en las climatolog\u00edas obtenidas con las diferentes fuentes, siendo especialmente remarcable los bajos valores obtenidos en los rean\u00e1lisis respecto a los otros dos productos analizados. En el an\u00e1lisis de tendencias se aprecia como la serie media obtenida con la cru muestra un aumento que contrasta con el descenso de la nubosidad detectado con los rean\u00e1lisis e im\u00e1genes de sat\u00e9lite. Con el objetivo de evaluar la bondad y fiabilidad de dichas tendencias, se han comparado con las obtenidas a partir de las series de insolaci\u00f3n en la pen\u00ednsula ib\u00e9rica. El resultado muestra que existe una coherencia con las dos \u00faltimas fuentes de datos (era-40 e isccp), pues la insolaci\u00f3n aumenta durante el periodo analizado, lo que es consistente con el descenso detectado con ambas fuentes. Igualmente, se han analizado las tendencias de diferentes patrones sin\u00f3pticos sobre europa occidental y las conclusiones apuntan en la misma direcci\u00f3n: los registros de nubosidad total procedentes de la base de datos de la cru presenta claras inhomogeneidades temporales que imposibilitan su uso a la hora de estudios sobre tendencias de la nubosidad en la pen\u00ednsula ib\u00e9rica.<\/p>\n<p>&nbsp;<\/p>\n<h3>Datos acad\u00e9micos de la tesis doctoral \u00ab<strong>Climatolog\u00eda y evoluci\u00f3n espacio-temporal de la nubosidad e insolaci\u00f3n en la peninsula ib\u00e9rica desde mediados del siglo xx<\/strong>\u00ab<\/h3>\n<ul>\n<li><strong>T\u00edtulo de la tesis:<\/strong>\u00a0 Climatolog\u00eda y evoluci\u00f3n espacio-temporal de la nubosidad e insolaci\u00f3n en la peninsula ib\u00e9rica desde mediados del siglo xx <\/li>\n<li><strong>Autor:<\/strong>\u00a0 Arturo S\u00e1nchez Lorenzo <\/li>\n<li><strong>Universidad:<\/strong>\u00a0 Barcelona<\/li>\n<li><strong>Fecha de lectura de la tesis:<\/strong>\u00a0 27\/11\/2009<\/li>\n<\/ul>\n<p>&nbsp;<\/p>\n<h3>Direcci\u00f3n y tribunal<\/h3>\n<ul>\n<li><strong>Director de la tesis<\/strong>\n<ul>\n<li>Josep Calb\u00f3 Angrill<\/li>\n<\/ul>\n<\/li>\n<li><strong>Tribunal<\/strong>\n<ul>\n<li>Presidente del tribunal: Jos\u00e9 Jaime Capel molina <\/li>\n<li>enric Pall\u00e9 bago (vocal)<\/li>\n<li>  (vocal)<\/li>\n<li>  (vocal)<\/li>\n<\/ul>\n<\/li>\n<\/ul>\n<p>&nbsp;<\/p>\n","protected":false},"excerpt":{"rendered":"<p>Tesis doctoral de Arturo S\u00e1nchez Lorenzo Resumen de la tesis: en la tesis doctoral se construye una base de datos [&hellip;]<\/p>\n","protected":false},"author":1,"featured_media":0,"comment_status":"open","ping_status":"open","sticky":false,"template":"","format":"standard","meta":{"site-sidebar-layout":"default","site-content-layout":"","ast-site-content-layout":"","site-content-style":"default","site-sidebar-style":"default","ast-global-header-display":"","ast-banner-title-visibility":"","ast-main-header-display":"","ast-hfb-above-header-display":"","ast-hfb-below-header-display":"","ast-hfb-mobile-header-display":"","site-post-title":"","ast-breadcrumbs-content":"","ast-featured-img":"","footer-sml-layout":"","theme-transparent-header-meta":"","adv-header-id-meta":"","stick-header-meta":"","header-above-stick-meta":"","header-main-stick-meta":"","header-below-stick-meta":"","astra-migrate-meta-layouts":"default","ast-page-background-enabled":"default","ast-page-background-meta":{"desktop":{"background-color":"var(--ast-global-color-4)","background-image":"","background-repeat":"repeat","background-position":"center center","background-size":"auto","background-attachment":"scroll","background-type":"","background-media":"","overlay-type":"","overlay-color":"","overlay-gradient":""},"tablet":{"background-color":"","background-image":"","background-repeat":"repeat","background-position":"center center","background-size":"auto","background-attachment":"scroll","background-type":"","background-media":"","overlay-type":"","overlay-color":"","overlay-gradient":""},"mobile":{"background-color":"","background-image":"","background-repeat":"repeat","background-position":"center center","background-size":"auto","background-attachment":"scroll","background-type":"","background-media":"","overlay-type":"","overlay-color":"","overlay-gradient":""}},"ast-content-background-meta":{"desktop":{"background-color":"var(--ast-global-color-5)","background-image":"","background-repeat":"repeat","background-position":"center center","background-size":"auto","background-attachment":"scroll","background-type":"","background-media":"","overlay-type":"","overlay-color":"","overlay-gradient":""},"tablet":{"background-color":"var(--ast-global-color-5)","background-image":"","background-repeat":"repeat","background-position":"center center","background-size":"auto","background-attachment":"scroll","background-type":"","background-media":"","overlay-type":"","overlay-color":"","overlay-gradient":""},"mobile":{"background-color":"var(--ast-global-color-5)","background-image":"","background-repeat":"repeat","background-position":"center center","background-size":"auto","background-attachment":"scroll","background-type":"","background-media":"","overlay-type":"","overlay-color":"","overlay-gradient":""}},"footnotes":""},"categories":[951,7201,12364,4327,5741],"tags":[199774,197739,188330,49722],"class_list":["post-97512","post","type-post","status-publish","format-standard","hentry","category-barcelona","category-climatologia-analitica","category-climatologia-aplicada","category-climatologia-regional","category-geografia-fisica","tag-arturo-sanchez-lorenzo","tag-enric-palle-bago","tag-jose-jaime-capel-molina","tag-josep-calbo-angrill"],"_links":{"self":[{"href":"https:\/\/www.deberes.net\/tesis\/wp-json\/wp\/v2\/posts\/97512","targetHints":{"allow":["GET"]}}],"collection":[{"href":"https:\/\/www.deberes.net\/tesis\/wp-json\/wp\/v2\/posts"}],"about":[{"href":"https:\/\/www.deberes.net\/tesis\/wp-json\/wp\/v2\/types\/post"}],"author":[{"embeddable":true,"href":"https:\/\/www.deberes.net\/tesis\/wp-json\/wp\/v2\/users\/1"}],"replies":[{"embeddable":true,"href":"https:\/\/www.deberes.net\/tesis\/wp-json\/wp\/v2\/comments?post=97512"}],"version-history":[{"count":0,"href":"https:\/\/www.deberes.net\/tesis\/wp-json\/wp\/v2\/posts\/97512\/revisions"}],"wp:attachment":[{"href":"https:\/\/www.deberes.net\/tesis\/wp-json\/wp\/v2\/media?parent=97512"}],"wp:term":[{"taxonomy":"category","embeddable":true,"href":"https:\/\/www.deberes.net\/tesis\/wp-json\/wp\/v2\/categories?post=97512"},{"taxonomy":"post_tag","embeddable":true,"href":"https:\/\/www.deberes.net\/tesis\/wp-json\/wp\/v2\/tags?post=97512"}],"curies":[{"name":"wp","href":"https:\/\/api.w.org\/{rel}","templated":true}]}}