{"id":97567,"date":"2018-03-11T10:18:07","date_gmt":"2018-03-11T10:18:07","guid":{"rendered":"https:\/\/www.deberes.net\/tesis\/sin-categoria\/percepcion-de-la-ciudad-de-mexico-cm-educacion-visual-del-citadino\/"},"modified":"2018-03-11T10:18:07","modified_gmt":"2018-03-11T10:18:07","slug":"percepcion-de-la-ciudad-de-mexico-cm-educacion-visual-del-citadino","status":"publish","type":"post","link":"https:\/\/www.deberes.net\/tesis\/historia-local\/percepcion-de-la-ciudad-de-mexico-cm-educacion-visual-del-citadino\/","title":{"rendered":"Percepcion de la ciudad de mexico (cm), educacion visual del citadino"},"content":{"rendered":"<h2>Tesis doctoral de <strong> Ana Luisa Sanchez Echenique <\/strong><\/h2>\n<p>\u00e9ste estudio es una aportaci\u00f3n para que la ciudad sea considerada como espacio educativo abierto para todas las edades y todos los habitantes. La ciudad de m\u00e9xico es una ciudad educadora porque su gobierno ha firmado una carta que le compromete a ello. En noviembre de 2007 el jefe de gobierno del distrito federal firm\u00f3 la carta de compromiso para integrar la ciudad de m\u00e9xico a la asociaci\u00f3n internacional de ciudades educadoras, aice (sep, 2007). Uno de los objetivos planteados por la aice es el desarrollo de una ciudadan\u00eda m\u00e1s culta, solidaria y feliz a trav\u00e9s de cualquier experiencia cotidiana. La aice 5 en su primer congreso celebrado en barcelona, en el a\u00f1o de 1990, redact\u00f3 la carta de las ciudades educadoras. El documento, en t\u00e9rminos generales, defiende el ejercicio de la ciudadan\u00eda, la inclusi\u00f3n, la democracia, la participaci\u00f3n, el dialogo, la convivencia entre generaciones, la justicia social y el marco internacional. En su apartado ii establece que es responsabilidad de la ciudad encontrar, preservar y presentar su compleja identidad y que la transformaci\u00f3n y crecimiento de una ciudad deber\u00e1n estar presididos por la armon\u00eda entre las nuevas necesidades y la perpetuaci\u00f3n de construcciones y s\u00edmbolos que constituyan claros referentes de su pasado y de su existencia (ciudades educadoras, 1990). La idea no se queda all\u00ed ya que se considera que la forma urbana sea legible, interpretable y utilizable por toda clase de ciudadanos, y que no debe entenderse como un atributo f\u00edsico o un adorno sino como un elemento significativo que organice, sea promotor y emisario educativo para que la poblaci\u00f3n entienda y utilice las distintas escalas e identidades: su barrio, la ciudad y el entorno metropolitano (alderoqui y penchansky, 2002; p.21).  por ello la falta de legibilidad no se reduce a una falta de cohesi\u00f3n en el proyecto urbano de la ciudad, sino a una carencia educativa. Esto es un impedimento para que la ciudadan\u00eda comprenda la forma y estructura de su ciudad. La falta de comprensi\u00f3n del entorno produce una apat\u00eda por el mismo. \u00e9sta investigaci\u00f3n es una propuesta para que, mediante la mirada consciente, volvamos a habitar la ciudad, rescatando la memoria e integrando un modelo perceptivo que busca la unidad en oposici\u00f3n a la experiencia fragmentaria para que el citadino encuentre un orden, con el fin de reestablecer los v\u00ednculos con la ciudad y hacerla m\u00e1s habitable<\/p>\n<p>&nbsp;<\/p>\n<h3>Datos acad\u00e9micos de la tesis doctoral \u00ab<strong>Percepcion de la ciudad de mexico (cm), educacion visual del citadino<\/strong>\u00ab<\/h3>\n<ul>\n<li><strong>T\u00edtulo de la tesis:<\/strong>\u00a0 Percepcion de la ciudad de mexico (cm), educacion visual del citadino <\/li>\n<li><strong>Autor:<\/strong>\u00a0 Ana Luisa Sanchez Echenique <\/li>\n<li><strong>Universidad:<\/strong>\u00a0 Sevilla<\/li>\n<li><strong>Fecha de lectura de la tesis:<\/strong>\u00a0 27\/11\/2009<\/li>\n<\/ul>\n<p>&nbsp;<\/p>\n<h3>Direcci\u00f3n y tribunal<\/h3>\n<ul>\n<li><strong>Director de la tesis<\/strong>\n<ul>\n<li>Juan  Carlos Ara\u00f1o Gisbert<\/li>\n<\/ul>\n<\/li>\n<li><strong>Tribunal<\/strong>\n<ul>\n<li>Presidente del tribunal: jon Barredo cahue <\/li>\n<li>sergio Villalba jimenez (vocal)<\/li>\n<li>Carlos Plasencia climent (vocal)<\/li>\n<li>Juan Llaver\u00eda arasa (vocal)<\/li>\n<\/ul>\n<\/li>\n<\/ul>\n<p>&nbsp;<\/p>\n","protected":false},"excerpt":{"rendered":"<p>Tesis doctoral de Ana Luisa Sanchez Echenique \u00e9ste estudio es una aportaci\u00f3n para que la ciudad sea considerada como espacio [&hellip;]<\/p>\n","protected":false},"author":1,"featured_media":0,"comment_status":"open","ping_status":"open","sticky":false,"template":"","format":"standard","meta":{"site-sidebar-layout":"default","site-content-layout":"","ast-site-content-layout":"","site-content-style":"default","site-sidebar-style":"default","ast-global-header-display":"","ast-banner-title-visibility":"","ast-main-header-display":"","ast-hfb-above-header-display":"","ast-hfb-below-header-display":"","ast-hfb-mobile-header-display":"","site-post-title":"","ast-breadcrumbs-content":"","ast-featured-img":"","footer-sml-layout":"","theme-transparent-header-meta":"","adv-header-id-meta":"","stick-header-meta":"","header-above-stick-meta":"","header-main-stick-meta":"","header-below-stick-meta":"","astra-migrate-meta-layouts":"default","ast-page-background-enabled":"default","ast-page-background-meta":{"desktop":{"background-color":"var(--ast-global-color-4)","background-image":"","background-repeat":"repeat","background-position":"center center","background-size":"auto","background-attachment":"scroll","background-type":"","background-media":"","overlay-type":"","overlay-color":"","overlay-gradient":""},"tablet":{"background-color":"","background-image":"","background-repeat":"repeat","background-position":"center center","background-size":"auto","background-attachment":"scroll","background-type":"","background-media":"","overlay-type":"","overlay-color":"","overlay-gradient":""},"mobile":{"background-color":"","background-image":"","background-repeat":"repeat","background-position":"center center","background-size":"auto","background-attachment":"scroll","background-type":"","background-media":"","overlay-type":"","overlay-color":"","overlay-gradient":""}},"ast-content-background-meta":{"desktop":{"background-color":"var(--ast-global-color-5)","background-image":"","background-repeat":"repeat","background-position":"center center","background-size":"auto","background-attachment":"scroll","background-type":"","background-media":"","overlay-type":"","overlay-color":"","overlay-gradient":""},"tablet":{"background-color":"var(--ast-global-color-5)","background-image":"","background-repeat":"repeat","background-position":"center center","background-size":"auto","background-attachment":"scroll","background-type":"","background-media":"","overlay-type":"","overlay-color":"","overlay-gradient":""},"mobile":{"background-color":"var(--ast-global-color-5)","background-image":"","background-repeat":"repeat","background-position":"center center","background-size":"auto","background-attachment":"scroll","background-type":"","background-media":"","overlay-type":"","overlay-color":"","overlay-gradient":""}},"footnotes":""},"categories":[6222,2224,13112,4907,10715],"tags":[199864,31219,13287,150541,31232,199865],"class_list":["post-97567","post","type-post","status-publish","format-standard","hentry","category-educacion-especial","category-historia-local","category-medio-urbano","category-metodos-audiovisuales-en-pedagogia","category-sevilla","tag-ana-luisa-sanchez-echenique","tag-carlos-plasencia-climent","tag-jon-barredo-cahue","tag-juan-carlos-arano-gisbert","tag-juan-llaveria-arasa","tag-sergio-villalba-jimenez"],"_links":{"self":[{"href":"https:\/\/www.deberes.net\/tesis\/wp-json\/wp\/v2\/posts\/97567","targetHints":{"allow":["GET"]}}],"collection":[{"href":"https:\/\/www.deberes.net\/tesis\/wp-json\/wp\/v2\/posts"}],"about":[{"href":"https:\/\/www.deberes.net\/tesis\/wp-json\/wp\/v2\/types\/post"}],"author":[{"embeddable":true,"href":"https:\/\/www.deberes.net\/tesis\/wp-json\/wp\/v2\/users\/1"}],"replies":[{"embeddable":true,"href":"https:\/\/www.deberes.net\/tesis\/wp-json\/wp\/v2\/comments?post=97567"}],"version-history":[{"count":0,"href":"https:\/\/www.deberes.net\/tesis\/wp-json\/wp\/v2\/posts\/97567\/revisions"}],"wp:attachment":[{"href":"https:\/\/www.deberes.net\/tesis\/wp-json\/wp\/v2\/media?parent=97567"}],"wp:term":[{"taxonomy":"category","embeddable":true,"href":"https:\/\/www.deberes.net\/tesis\/wp-json\/wp\/v2\/categories?post=97567"},{"taxonomy":"post_tag","embeddable":true,"href":"https:\/\/www.deberes.net\/tesis\/wp-json\/wp\/v2\/tags?post=97567"}],"curies":[{"name":"wp","href":"https:\/\/api.w.org\/{rel}","templated":true}]}}