{"id":97580,"date":"2018-03-11T10:18:07","date_gmt":"2018-03-11T10:18:07","guid":{"rendered":"https:\/\/www.deberes.net\/tesis\/sin-categoria\/televisao-local-a-nostalgia-da-identidade-no-contexto-portoguaas\/"},"modified":"2018-03-11T10:18:07","modified_gmt":"2018-03-11T10:18:07","slug":"televisao-local-a-nostalgia-da-identidade-no-contexto-portoguaas","status":"publish","type":"post","link":"https:\/\/www.deberes.net\/tesis\/actitudes-politicas\/televisao-local-a-nostalgia-da-identidade-no-contexto-portoguaas\/","title":{"rendered":"Televis\u00c1\u00a3o local: a nostalgia da identidade no contexto \u00abportogu\u00c1\u00aas\u00bb\u00bb"},"content":{"rendered":"<h2>Tesis doctoral de <strong> Cristina Tereza Salvador Rebelo <\/strong><\/h2>\n<p>Embora sobre televis\u00ed\u00a3o, a problem\u00e1tica da identidade, a imagem local e o desenvolvimento cruzam o espa\u00ed\u00a7o que dedicamos \u00ed\u00a0 televis\u00ed\u00a3o de proximidade.  nesta conceptualiza\u00ed\u00a7\u00ed\u00a3o, ponderamos conhecer a forma como se mescla a comunica\u00ed\u00a7\u00ed\u00a3o com a identidade e o desenvolvimento, principalmente ao adoptar-se a identidade local como um processo en\u00e9rgico de express\u00ed\u00a3o e signifa\u00ed\u00a7\u00ed\u00a3o de experi\u00ed\u00aancias concretas e simb\u00f3licas, que as comunidades locais arrojam para garantir a sua pr\u00f3pria exist\u00ed\u00aancia, refor\u00ed\u00a7ar a sua coes\u00ed\u00a3o e enfrentar desafios, sem no entanto, perder a capacidade de se ampliar e se auto construir.  neste \u00ed\u00a2mbito, defende-se, o entendimento estrat\u00e9gico da comunica\u00ed\u00a7\u00ed\u00a3o numa dimens\u00ed\u00a3o detentora de potencial de desenvolvimento, o que implicar\u00e1 uma viragem de mentalidades e formas de estar, no sentido de estar perante um territ\u00f3rio que deixe de ser considerado apenas como objecto \u00abreceptor\u00bb para passar a ser afrontado como sujeito de mudan\u00ed\u00a7a e devir.  a no\u00ed\u00a7\u00ed\u00a3o de que um meio pode ser capaz de pensar os lugares, os territ\u00f3rios onde cada cultura nasce e onde se manifesta, \u00e9 um dos motes de investimento e desenvolvimento destes projectos desligados dos grandes centros e dos conglomerados medi\u00e1ticos.  a imaterialidade, o simbolismo estiveram presentes nesta investiga\u00ed\u00a7\u00ed\u00a3o quando abordamos a identidade, os mapas perceptuais e as \u00abcomunidades imaginadas\u00bb, para redundar num importante pretexto da comunica\u00ed\u00a7\u00ed\u00a3o local: a imagem das cidades&#8230;.<\/p>\n<p>&nbsp;<\/p>\n<h3>Datos acad\u00e9micos de la tesis doctoral \u00ab<strong>Televis\u00c1\u00a3o local: a nostalgia da identidade no contexto \u00abportogu\u00c1\u00aas\u00bb\u00bb<\/strong>\u00ab<\/h3>\n<ul>\n<li><strong>T\u00edtulo de la tesis:<\/strong>\u00a0 Televis\u00c1\u00a3o local: a nostalgia da identidade no contexto \u00abportogu\u00c1\u00aas\u00bb\u00bb <\/li>\n<li><strong>Autor:<\/strong>\u00a0 Cristina Tereza Salvador Rebelo <\/li>\n<li><strong>Universidad:<\/strong>\u00a0 Vigo<\/li>\n<li><strong>Fecha de lectura de la tesis:<\/strong>\u00a0 27\/11\/2009<\/li>\n<\/ul>\n<p>&nbsp;<\/p>\n<h3>Direcci\u00f3n y tribunal<\/h3>\n<ul>\n<li><strong>Director de la tesis<\/strong>\n<ul>\n<li>Mercedes Rom\u00e1n  Portas<\/li>\n<\/ul>\n<\/li>\n<li><strong>Tribunal<\/strong>\n<ul>\n<li>Presidente del tribunal: aurora Garcia  gonz\u00e1lez <\/li>\n<li>Jos\u00e9 ram\u00f3n Rodriguez polo (vocal)<\/li>\n<li>Mar\u00eda yolanda Espi\u00f1a campos (vocal)<\/li>\n<li>Marta Roel vecino (vocal)<\/li>\n<\/ul>\n<\/li>\n<\/ul>\n<p>&nbsp;<\/p>\n","protected":false},"excerpt":{"rendered":"<p>Tesis doctoral de Cristina Tereza Salvador Rebelo Embora sobre televis\u00ed\u00a3o, a problem\u00e1tica da identidade, a imagem local e o desenvolvimento [&hellip;]<\/p>\n","protected":false},"author":1,"featured_media":0,"comment_status":"open","ping_status":"open","sticky":false,"template":"","format":"standard","meta":{"site-sidebar-layout":"default","site-content-layout":"","ast-site-content-layout":"","site-content-style":"default","site-sidebar-style":"default","ast-global-header-display":"","ast-banner-title-visibility":"","ast-main-header-display":"","ast-hfb-above-header-display":"","ast-hfb-below-header-display":"","ast-hfb-mobile-header-display":"","site-post-title":"","ast-breadcrumbs-content":"","ast-featured-img":"","footer-sml-layout":"","theme-transparent-header-meta":"","adv-header-id-meta":"","stick-header-meta":"","header-above-stick-meta":"","header-main-stick-meta":"","header-below-stick-meta":"","astra-migrate-meta-layouts":"default","ast-page-background-enabled":"default","ast-page-background-meta":{"desktop":{"background-color":"var(--ast-global-color-4)","background-image":"","background-repeat":"repeat","background-position":"center center","background-size":"auto","background-attachment":"scroll","background-type":"","background-media":"","overlay-type":"","overlay-color":"","overlay-gradient":""},"tablet":{"background-color":"","background-image":"","background-repeat":"repeat","background-position":"center center","background-size":"auto","background-attachment":"scroll","background-type":"","background-media":"","overlay-type":"","overlay-color":"","overlay-gradient":""},"mobile":{"background-color":"","background-image":"","background-repeat":"repeat","background-position":"center center","background-size":"auto","background-attachment":"scroll","background-type":"","background-media":"","overlay-type":"","overlay-color":"","overlay-gradient":""}},"ast-content-background-meta":{"desktop":{"background-color":"var(--ast-global-color-5)","background-image":"","background-repeat":"repeat","background-position":"center center","background-size":"auto","background-attachment":"scroll","background-type":"","background-media":"","overlay-type":"","overlay-color":"","overlay-gradient":""},"tablet":{"background-color":"var(--ast-global-color-5)","background-image":"","background-repeat":"repeat","background-position":"center center","background-size":"auto","background-attachment":"scroll","background-type":"","background-media":"","overlay-type":"","overlay-color":"","overlay-gradient":""},"mobile":{"background-color":"var(--ast-global-color-5)","background-image":"","background-repeat":"repeat","background-position":"center center","background-size":"auto","background-attachment":"scroll","background-type":"","background-media":"","overlay-type":"","overlay-color":"","overlay-gradient":""}},"footnotes":""},"categories":[943,9895,24102,5051,18657],"tags":[32132,199886,73081,32104,144792,32304],"class_list":["post-97580","post","type-post","status-publish","format-standard","hentry","category-actitudes-politicas","category-comunicacion-simbolica","category-informacion","category-medios-de-comunicacion-de-masas","category-vigo","tag-aurora-garcia-gonzalez","tag-cristina-tereza-salvador-rebelo","tag-jose-ramon-rodriguez-polo","tag-maria-yolanda-espina-campos","tag-marta-roel-vecino","tag-mercedes-roman-portas"],"_links":{"self":[{"href":"https:\/\/www.deberes.net\/tesis\/wp-json\/wp\/v2\/posts\/97580","targetHints":{"allow":["GET"]}}],"collection":[{"href":"https:\/\/www.deberes.net\/tesis\/wp-json\/wp\/v2\/posts"}],"about":[{"href":"https:\/\/www.deberes.net\/tesis\/wp-json\/wp\/v2\/types\/post"}],"author":[{"embeddable":true,"href":"https:\/\/www.deberes.net\/tesis\/wp-json\/wp\/v2\/users\/1"}],"replies":[{"embeddable":true,"href":"https:\/\/www.deberes.net\/tesis\/wp-json\/wp\/v2\/comments?post=97580"}],"version-history":[{"count":0,"href":"https:\/\/www.deberes.net\/tesis\/wp-json\/wp\/v2\/posts\/97580\/revisions"}],"wp:attachment":[{"href":"https:\/\/www.deberes.net\/tesis\/wp-json\/wp\/v2\/media?parent=97580"}],"wp:term":[{"taxonomy":"category","embeddable":true,"href":"https:\/\/www.deberes.net\/tesis\/wp-json\/wp\/v2\/categories?post=97580"},{"taxonomy":"post_tag","embeddable":true,"href":"https:\/\/www.deberes.net\/tesis\/wp-json\/wp\/v2\/tags?post=97580"}],"curies":[{"name":"wp","href":"https:\/\/api.w.org\/{rel}","templated":true}]}}