{"id":97610,"date":"2018-03-11T10:18:11","date_gmt":"2018-03-11T10:18:11","guid":{"rendered":"https:\/\/www.deberes.net\/tesis\/sin-categoria\/contribuciones-a-la-medida-objetiva-de-la-difusion-intraocular\/"},"modified":"2018-03-11T10:18:11","modified_gmt":"2018-03-11T10:18:11","slug":"contribuciones-a-la-medida-objetiva-de-la-difusion-intraocular","status":"publish","type":"post","link":"https:\/\/www.deberes.net\/tesis\/pediatria\/contribuciones-a-la-medida-objetiva-de-la-difusion-intraocular\/","title":{"rendered":"Contribuciones a la medida objetiva de la difusion intraocular"},"content":{"rendered":"<h2>Tesis doctoral de <strong> Sergio Oscar Luque <\/strong><\/h2>\n<p>La difusi\u00f3n intraocular junto con las aberraciones  son los dos factores m\u00e1s importantes que  afectan las im\u00e1genes que se proyectan sobre la retina provocando la reducci\u00f3n en la calidad de  visi\u00f3n del paciente. La principal patolog\u00eda que genera este fen\u00f3meno es la catarata aunque  tambi\u00e9n se puede mencionar la cirug\u00eda refractiva de cornea, el s\u00edndrome de ojo seco y el  envejecimiento. En la actualidad, la \u00fanica soluci\u00f3n ante una catarata es la cirug\u00eda. Contar con  un instrumento capaz de cuantificar el impacto que  posee la catarata sobre las im\u00e1genes  retinianas permitir\u00eda diagnosticar las cataratas en sus inicios y al mismo tiempo indicar con  mayor exactitud el mejor momento para someter al paciente a dicha operaci\u00f3n. Adem\u00e1s, en un  futuro la medida de la difusi\u00f3n podr\u00eda ser utilizada de forma preventiva para tratamientos que  permitan detener el desarrollo de la opacificaci\u00f3n.      el objetivo de esta tesis  ha sido realizar contribuciones a la medida objetiva de la difusi\u00f3n  intraocular orientadas a aplicaciones que puedan ser utilizadas en la pr\u00e1ctica cl\u00ednica. Para ello  se ha explorado la potencialidad de tres t\u00e9cnicas objetivas las cuales cumpl\u00edan ciertos requisitos  como independencia de la medida con las aberraciones, robustez y la posibilidad de contar con  un instrumento de dimensiones reducidas para su implementaci\u00f3n cl\u00ednica y se han  desarrollando aspectos novedosos de  las mismas. Estas t\u00e9cnicas han sido un sistema  polarim\u00e9trico, la medida combinada de un aberr\u00f3metro y un  sistema de doble paso y,  finalmente, la extracci\u00f3n de la informaci\u00f3n directamente de im\u00e1genes de doble paso.   la t\u00e9cnica polarim\u00e9trica reun\u00eda ciertas caracter\u00edsticas que la presentaban  como la m\u00e1s  prometedora al comienzo de la tesis. Podemos mencionar la insensibilidad de esta t\u00e9cnica a las  aberraciones y la posibilidad de una r\u00e1pida implementaci\u00f3n en un sistema de doble paso como  las m\u00e1s destacables. El prolar\u00edmetro se implement\u00f3 sobre la base de un  sistema de doble paso  comercial al cual se le incorporaron un polarizador y un analizador. Adem\u00e1s se desarroll\u00f3 el software de control que permitiera un manejo autom\u00e1tico del sistema \u00f3ptico y el posterior  procesamiento de las im\u00e1genes y el c\u00e1lculo del  grado de difusi\u00f3n. El principal inconveniente de  esta t\u00e9cnica fue su baja repetitividad y la escasa despolarizaci\u00f3n experimentada por la luz al  atravesar un medio difusor haciendo que su detecci\u00f3n sea muy compleja. En consecuencia esta  t\u00e9cnica presentaba muchas complicaciones para su implementaci\u00f3n cl\u00ednica.  el uso combinado de un aberr\u00f3metro y un sistema de doble paso tuvo como objetivo el poder  separar las aberraciones de la difusi\u00f3n tomando ventaja de la insensibilidad de los  aberr\u00f3metros a la difusi\u00f3n intraocular propiamente dicha. Se observ\u00f3 que la aplicaci\u00f3n cl\u00ednica  de esta t\u00e9cnica requiere de un sistema aberrom\u00e9trico m\u00e1s robusto ya que el sensor de frente de  onda utilizado se mostr\u00f3 muy sensible a los artefactos que las opacificaciones pudieran  provocar    finalmente se exploraron las im\u00e1genes de doble paso obtenidas de una configuraci\u00f3n sim\u00e9trica  con pupilas artificiales de 2mm. Este tama\u00f1o pupilar fue lo suficientemente peque\u00f1o para  rechazar la mayor\u00eda de las aberraciones del ojo permitiendo considerar que  solo la difusi\u00f3n  afectaba las im\u00e1genes retinianas. De esta forma y por medio de la cuantificaci\u00f3n en el dominio  frecuencial se evalu\u00f3 como la difusi\u00f3n afecta la mtf obtenida con esta configuraci\u00f3n. Se  observ\u00f3 que la t\u00e9cnica es sensible tanto a difusi\u00f3n inducida artificialmente como a diferentes  tipos de cataratas.   las t\u00e9cnicas exploradas nos permitieron comprender de que forma interact\u00faa la difusi\u00f3n  intraocular con diferentes instrumentos y poder evaluar as\u00ed que sistema es m\u00e1s id\u00f3neo para su  implementaci\u00f3n cl\u00ednica. La t\u00e9cnica del doble paso se mostr\u00f3 como la m\u00e1s adecuada para su  utilizaci\u00f3n en la evaluaci\u00f3n y medida de la difusi\u00f3n intraocular.<\/p>\n<p>&nbsp;<\/p>\n<h3>Datos acad\u00e9micos de la tesis doctoral \u00ab<strong>Contribuciones a la medida objetiva de la difusion intraocular<\/strong>\u00ab<\/h3>\n<ul>\n<li><strong>T\u00edtulo de la tesis:<\/strong>\u00a0 Contribuciones a la medida objetiva de la difusion intraocular <\/li>\n<li><strong>Autor:<\/strong>\u00a0 Sergio Oscar Luque <\/li>\n<li><strong>Universidad:<\/strong>\u00a0 Polit\u00e9cnica de catalunya<\/li>\n<li><strong>Fecha de lectura de la tesis:<\/strong>\u00a0 30\/11\/2009<\/li>\n<\/ul>\n<p>&nbsp;<\/p>\n<h3>Direcci\u00f3n y tribunal<\/h3>\n<ul>\n<li><strong>Director de la tesis<\/strong>\n<ul>\n<li>Jaume Pujol Ramo<\/li>\n<\/ul>\n<\/li>\n<li><strong>Tribunal<\/strong>\n<ul>\n<li>Presidente del tribunal: pablo Artal soriano <\/li>\n<li>Jos\u00e9 Luis G\u00ed\u00bcell villanueva (vocal)<\/li>\n<li>Jos\u00e9 ram\u00f3n Jim\u00e9nez cuesta (vocal)<\/li>\n<li>Fernando Diaz douton (vocal)<\/li>\n<\/ul>\n<\/li>\n<\/ul>\n<p>&nbsp;<\/p>\n","protected":false},"excerpt":{"rendered":"<p>Tesis doctoral de Sergio Oscar Luque La difusi\u00f3n intraocular junto con las aberraciones son los dos factores m\u00e1s importantes que [&hellip;]<\/p>\n","protected":false},"author":1,"featured_media":0,"comment_status":"open","ping_status":"open","sticky":false,"template":"","format":"standard","meta":{"site-sidebar-layout":"default","site-content-layout":"","ast-site-content-layout":"","site-content-style":"default","site-sidebar-style":"default","ast-global-header-display":"","ast-banner-title-visibility":"","ast-main-header-display":"","ast-hfb-above-header-display":"","ast-hfb-below-header-display":"","ast-hfb-mobile-header-display":"","site-post-title":"","ast-breadcrumbs-content":"","ast-featured-img":"","footer-sml-layout":"","theme-transparent-header-meta":"","adv-header-id-meta":"","stick-header-meta":"","header-above-stick-meta":"","header-main-stick-meta":"","header-below-stick-meta":"","astra-migrate-meta-layouts":"default","ast-page-background-enabled":"default","ast-page-background-meta":{"desktop":{"background-color":"var(--ast-global-color-4)","background-image":"","background-repeat":"repeat","background-position":"center center","background-size":"auto","background-attachment":"scroll","background-type":"","background-media":"","overlay-type":"","overlay-color":"","overlay-gradient":""},"tablet":{"background-color":"","background-image":"","background-repeat":"repeat","background-position":"center center","background-size":"auto","background-attachment":"scroll","background-type":"","background-media":"","overlay-type":"","overlay-color":"","overlay-gradient":""},"mobile":{"background-color":"","background-image":"","background-repeat":"repeat","background-position":"center center","background-size":"auto","background-attachment":"scroll","background-type":"","background-media":"","overlay-type":"","overlay-color":"","overlay-gradient":""}},"ast-content-background-meta":{"desktop":{"background-color":"var(--ast-global-color-5)","background-image":"","background-repeat":"repeat","background-position":"center center","background-size":"auto","background-attachment":"scroll","background-type":"","background-media":"","overlay-type":"","overlay-color":"","overlay-gradient":""},"tablet":{"background-color":"var(--ast-global-color-5)","background-image":"","background-repeat":"repeat","background-position":"center center","background-size":"auto","background-attachment":"scroll","background-type":"","background-media":"","overlay-type":"","overlay-color":"","overlay-gradient":""},"mobile":{"background-color":"var(--ast-global-color-5)","background-image":"","background-repeat":"repeat","background-position":"center center","background-size":"auto","background-attachment":"scroll","background-type":"","background-media":"","overlay-type":"","overlay-color":"","overlay-gradient":""}},"footnotes":""},"categories":[1525,4401,161,15596],"tags":[199936,45245,187220,22052,86058,199935],"class_list":["post-97610","post","type-post","status-publish","format-standard","hentry","category-optica","category-optometria","category-pediatria","category-politecnica-de-catalunya","tag-fernando-diaz-douton","tag-jaume-pujol-ramo","tag-jose-luis-giell-villanueva","tag-jose-ramon-jimenez-cuesta","tag-pablo-artal-soriano","tag-sergio-oscar-luque"],"_links":{"self":[{"href":"https:\/\/www.deberes.net\/tesis\/wp-json\/wp\/v2\/posts\/97610","targetHints":{"allow":["GET"]}}],"collection":[{"href":"https:\/\/www.deberes.net\/tesis\/wp-json\/wp\/v2\/posts"}],"about":[{"href":"https:\/\/www.deberes.net\/tesis\/wp-json\/wp\/v2\/types\/post"}],"author":[{"embeddable":true,"href":"https:\/\/www.deberes.net\/tesis\/wp-json\/wp\/v2\/users\/1"}],"replies":[{"embeddable":true,"href":"https:\/\/www.deberes.net\/tesis\/wp-json\/wp\/v2\/comments?post=97610"}],"version-history":[{"count":0,"href":"https:\/\/www.deberes.net\/tesis\/wp-json\/wp\/v2\/posts\/97610\/revisions"}],"wp:attachment":[{"href":"https:\/\/www.deberes.net\/tesis\/wp-json\/wp\/v2\/media?parent=97610"}],"wp:term":[{"taxonomy":"category","embeddable":true,"href":"https:\/\/www.deberes.net\/tesis\/wp-json\/wp\/v2\/categories?post=97610"},{"taxonomy":"post_tag","embeddable":true,"href":"https:\/\/www.deberes.net\/tesis\/wp-json\/wp\/v2\/tags?post=97610"}],"curies":[{"name":"wp","href":"https:\/\/api.w.org\/{rel}","templated":true}]}}