{"id":97654,"date":"2009-02-12T00:00:00","date_gmt":"2009-02-12T00:00:00","guid":{"rendered":"https:\/\/www.deberes.net\/tesis\/sin-categoria\/contribucion-a-las-tecnicas-de-medida-de-arrays-planos-de-gran-tamano\/"},"modified":"2009-02-12T00:00:00","modified_gmt":"2009-02-12T00:00:00","slug":"contribucion-a-las-tecnicas-de-medida-de-arrays-planos-de-gran-tamano","status":"publish","type":"post","link":"https:\/\/www.deberes.net\/tesis\/antenas\/contribucion-a-las-tecnicas-de-medida-de-arrays-planos-de-gran-tamano\/","title":{"rendered":"Contribuci\u00f3n a las t\u00e9cnicas de medida de arrays planos de gran tama\u00f1o"},"content":{"rendered":"<h2>Tesis doctoral de <strong> Fernando Martin Jimenez <\/strong><\/h2>\n<p>En las \u00faltimas d\u00e9cadas la aplicaci\u00f3n de phased arrays como antenas de diferentes sistemas de radiocomunicaciones ha experimentado un muy considerable auge, paralelo al de las capacidades y t\u00e9cnicas de procesado que permiten exprimir al m\u00e1ximo sus posibilidades. Una de estas aplicaciones es la de sistemas radar.  una de las bandas de frecuencia m\u00e1s utilizadas para aplicaciones radar de control y seguimiento de aeronaves es la banda l, donde las caracter\u00edsticas de propagaci\u00f3n son especialmente adecuadas y la generaci\u00f3n de potencia es m\u00e1s asequible que en frecuencias m\u00e1s altas. Sin embargo, lograr elevadas ganancias de antena en esta banda  requiere recurrir a grandes tama\u00f1os de apertura. Adem\u00e1s, estas aplicaciones necesitan de muy bajos l\u00f3bulos laterales y apuntamientos muy precisos, siendo necesario conocer perfectamente las caracter\u00edsticas de radiaci\u00f3n para poder establecer las del sistema radar completo. De esta manera la medida de antena se convierte en imprescindible.   el proceso de medida de tan grandes antenas presenta un gran desaf\u00edo. Ya no s\u00f3lo porque imposibilitan tanto el uso de c\u00e1maras anecoicas como de campos lejanos, sino por las estrictas especificaciones de dise\u00f1o que se deben verificar y el tiempo y la mec\u00e1nica necesarios para realizarlo.  a lo largo de esta tesis doctoral se ha pretendido dar respuesta a este desaf\u00edo. En concreto, se ha enfrentado la medida de arrays planos con distribuci\u00f3n de alimentaci\u00f3n separada y de hasta 12&#215;10 m compuestos por arrays lineales (filas) apilados verticalmente. Para ello se presentan dos nuevos sistemas de medida de antenas. El primero, un sistema lineal de medida basado en un caj\u00f3n semianecoico, permite medir las filas de la antena mediante la adquisici\u00f3n del campo radiado por cada uno de sus elementos. El campo lejano se obtiene luego en el plano de la antena y con \u00e9l se caracteriza el de la antena completa en acimut. El sistema se halla funcionando a plena satisfacci\u00f3n y forma ya parte del proceso de aseguramiento de la calidad del producto.  el segundo es un sistema outdoor de campo pr\u00f3ximo cil\u00edndrico, capaz de realizar la medida de la antena plana completa. Se declara heredero del realizado en su d\u00eda por la universidad polit\u00e9cnica de catalu\u00f1a, del cual tom\u00f3 algunas ideas para actualizarlas y mejorarlas gracias a la capacidades derivadas del avance de la t\u00e9cnica, como es el nuevo sistema l\u00e1ser que asegura aut\u00f3nomamente la verticalidad del movimiento de la sonda a lo largo de la torre. Pero adem\u00e1s presenta toda una serie de nuevos elementos y t\u00e9cnicas de temporizaci\u00f3n y correcci\u00f3n de derivas que permiten medir hasta 4 diagramas independientes a la vez. Como el anterior, se halla funcionando a pleno rendimiento y ha sido utilizado en varias campa\u00f1as de medida.  con todo, y a pesar del eminente enfoque aplicado de esta tesis doctoral, la respuesta al mencionado desaf\u00edo no ha pretendido quedarse en el dise\u00f1o y construcci\u00f3n de estos sistemas, sino que se ha buscado ir m\u00e1s all\u00e1 tanto en su optimizaci\u00f3n como en su uso para el avance en el desarrollo de nuevas t\u00e9cnicas de medida, montaje y diagn\u00f3stico de estas grandes antenas.  as\u00ed, para el caso del sistema lineal se ha dise\u00f1ado una nueva t\u00e9cnica matricial que permite de manera sencilla eliminar las contribuciones no deseadas de los elementos adyacentes a uno bajo medida. Adem\u00e1s, se han utilizado sus resultados para dise\u00f1ar una t\u00e9cnica de optimizaci\u00f3n de su diagrama de radiaci\u00f3n en funci\u00f3n de la distribuci\u00f3n de las filas en el plano. Para ello, se ha hecho uso de algoritmos gen\u00e9ticos, que permiten extender la optimizaci\u00f3n a todos los par\u00e1metros que se deseen, tanto en transmisi\u00f3n como en recepci\u00f3n, y teniendo en consideraci\u00f3n frecuencias y apuntamientos varios.  en cuanto al sistema cil\u00edndrico, la separaci\u00f3n de alimentaciones del plano ha servido como concepto base al desarrollo de t\u00e9cnicas r\u00e1pidas de medida de los cortes principales del diagrama de radiaci\u00f3n, representando una marcada reducci\u00f3n del tiempo necesario para la caracterizaci\u00f3n completa de la antena. Pero a\u00fan m\u00e1s all\u00e1, el sistema ha sido utilizado para el estudio de sencillas t\u00e9cnicas de diagn\u00f3stico de errores en la antena, mediante la medida individual de cada una de las filas y el c\u00e1lculo de la desviaci\u00f3n frente a los valores esperados.  por \u00faltimo, el sistema de medida cil\u00edndrico ha sido usado como plataforma de aplicaci\u00f3n de nuevas t\u00e9cnicas de eliminaci\u00f3n de reflexiones y contribuciones no deseadas. Se han caracterizado las posibles reflexiones existentes y su efecto sobre la medida, y con posterioridad procedido a su eliminaci\u00f3n mediante algoritmos de descomposici\u00f3n en espectro de ondas planas, extracci\u00f3n de fuentes y supresi\u00f3n de aquellas no reales.<\/p>\n<p>&nbsp;<\/p>\n<h3>Datos acad\u00e9micos de la tesis doctoral \u00ab<strong>Contribuci\u00f3n a las t\u00e9cnicas de medida de arrays planos de gran tama\u00f1o<\/strong>\u00ab<\/h3>\n<ul>\n<li><strong>T\u00edtulo de la tesis:<\/strong>\u00a0 Contribuci\u00f3n a las t\u00e9cnicas de medida de arrays planos de gran tama\u00f1o <\/li>\n<li><strong>Autor:<\/strong>\u00a0 Fernando Martin Jimenez <\/li>\n<li><strong>Universidad:<\/strong>\u00a0 Polit\u00e9cnica de Madrid<\/li>\n<li><strong>Fecha de lectura de la tesis:<\/strong>\u00a0 02\/12\/2009<\/li>\n<\/ul>\n<p>&nbsp;<\/p>\n<h3>Direcci\u00f3n y tribunal<\/h3>\n<ul>\n<li><strong>Director de la tesis<\/strong>\n<ul>\n<li>Manuel Sierra Casta\u00f1er<\/li>\n<\/ul>\n<\/li>\n<li><strong>Tribunal<\/strong>\n<ul>\n<li>Presidente del tribunal: Jos\u00e9 Luis Besada sanmart\u00edn <\/li>\n<li>Mar\u00eda Vera isasa (vocal)<\/li>\n<li>marcos Rodr\u00edguez pino (vocal)<\/li>\n<li>vicent miquel Rodrigo pe\u00f1arrocha (vocal)<\/li>\n<\/ul>\n<\/li>\n<\/ul>\n<p>&nbsp;<\/p>\n","protected":false},"excerpt":{"rendered":"<p>Tesis doctoral de Fernando Martin Jimenez En las \u00faltimas d\u00e9cadas la aplicaci\u00f3n de phased arrays como antenas de diferentes sistemas [&hellip;]<\/p>\n","protected":false},"author":1,"featured_media":0,"comment_status":"open","ping_status":"open","sticky":false,"template":"","format":"standard","meta":{"site-sidebar-layout":"default","site-content-layout":"","ast-site-content-layout":"","site-content-style":"default","site-sidebar-style":"default","ast-global-header-display":"","ast-banner-title-visibility":"","ast-main-header-display":"","ast-hfb-above-header-display":"","ast-hfb-below-header-display":"","ast-hfb-mobile-header-display":"","site-post-title":"","ast-breadcrumbs-content":"","ast-featured-img":"","footer-sml-layout":"","theme-transparent-header-meta":"","adv-header-id-meta":"","stick-header-meta":"","header-above-stick-meta":"","header-main-stick-meta":"","header-below-stick-meta":"","astra-migrate-meta-layouts":"default","ast-page-background-enabled":"default","ast-page-background-meta":{"desktop":{"background-color":"var(--ast-global-color-4)","background-image":"","background-repeat":"repeat","background-position":"center center","background-size":"auto","background-attachment":"scroll","background-type":"","background-media":"","overlay-type":"","overlay-color":"","overlay-gradient":""},"tablet":{"background-color":"","background-image":"","background-repeat":"repeat","background-position":"center center","background-size":"auto","background-attachment":"scroll","background-type":"","background-media":"","overlay-type":"","overlay-color":"","overlay-gradient":""},"mobile":{"background-color":"","background-image":"","background-repeat":"repeat","background-position":"center center","background-size":"auto","background-attachment":"scroll","background-type":"","background-media":"","overlay-type":"","overlay-color":"","overlay-gradient":""}},"ast-content-background-meta":{"desktop":{"background-color":"var(--ast-global-color-5)","background-image":"","background-repeat":"repeat","background-position":"center center","background-size":"auto","background-attachment":"scroll","background-type":"","background-media":"","overlay-type":"","overlay-color":"","overlay-gradient":""},"tablet":{"background-color":"var(--ast-global-color-5)","background-image":"","background-repeat":"repeat","background-position":"center center","background-size":"auto","background-attachment":"scroll","background-type":"","background-media":"","overlay-type":"","overlay-color":"","overlay-gradient":""},"mobile":{"background-color":"var(--ast-global-color-5)","background-image":"","background-repeat":"repeat","background-position":"center center","background-size":"auto","background-attachment":"scroll","background-type":"","background-media":"","overlay-type":"","overlay-color":"","overlay-gradient":""}},"footnotes":""},"categories":[14043,16008],"tags":[200001,30347,179634,117853,98512,80202],"class_list":["post-97654","post","type-post","status-publish","format-standard","hentry","category-antenas","category-politecnica-de-madrid","tag-fernando-martin-jimenez","tag-jose-luis-besada-sanmartin","tag-manuel-sierra-castaner","tag-marcos-rodriguez-pino","tag-maria-vera-isasa","tag-vicent-miquel-rodrigo-penarrocha"],"_links":{"self":[{"href":"https:\/\/www.deberes.net\/tesis\/wp-json\/wp\/v2\/posts\/97654","targetHints":{"allow":["GET"]}}],"collection":[{"href":"https:\/\/www.deberes.net\/tesis\/wp-json\/wp\/v2\/posts"}],"about":[{"href":"https:\/\/www.deberes.net\/tesis\/wp-json\/wp\/v2\/types\/post"}],"author":[{"embeddable":true,"href":"https:\/\/www.deberes.net\/tesis\/wp-json\/wp\/v2\/users\/1"}],"replies":[{"embeddable":true,"href":"https:\/\/www.deberes.net\/tesis\/wp-json\/wp\/v2\/comments?post=97654"}],"version-history":[{"count":0,"href":"https:\/\/www.deberes.net\/tesis\/wp-json\/wp\/v2\/posts\/97654\/revisions"}],"wp:attachment":[{"href":"https:\/\/www.deberes.net\/tesis\/wp-json\/wp\/v2\/media?parent=97654"}],"wp:term":[{"taxonomy":"category","embeddable":true,"href":"https:\/\/www.deberes.net\/tesis\/wp-json\/wp\/v2\/categories?post=97654"},{"taxonomy":"post_tag","embeddable":true,"href":"https:\/\/www.deberes.net\/tesis\/wp-json\/wp\/v2\/tags?post=97654"}],"curies":[{"name":"wp","href":"https:\/\/api.w.org\/{rel}","templated":true}]}}