{"id":97667,"date":"2009-02-12T00:00:00","date_gmt":"2009-02-12T00:00:00","guid":{"rendered":"https:\/\/www.deberes.net\/tesis\/sin-categoria\/las-politicas-empresariales-de-empleo\/"},"modified":"2009-02-12T00:00:00","modified_gmt":"2009-02-12T00:00:00","slug":"las-politicas-empresariales-de-empleo","status":"publish","type":"post","link":"https:\/\/www.deberes.net\/tesis\/teoria-y-modelos-de-empleo\/las-politicas-empresariales-de-empleo\/","title":{"rendered":"Las politicas empresariales de empleo"},"content":{"rendered":"<h2>Tesis doctoral de <strong> Ana Cecilia Crisanto Casta\u00f1eda <\/strong><\/h2>\n<p>La pol\u00edtica de empleo, entendida como el conjunto estrat\u00e9gico de acciones adoptadas para conseguir el objetivo del pleno empleo. No est\u00e1 integrada solo por las pol\u00edticas p\u00fablicas. Los particulares (empresarios, trabajadores y sus representantes) pueden  contribuir a este objetivo por propia iniciativa. Tal contribuci\u00f3n se constata a trav\u00e9s de una serie de actuaciones dise\u00f1adas y desarrolladas por las propias empresas, que integran el contenido de la pol\u00edtica empresarial de empleo. esta tesis doctoral analiza el contenido de dichas pol\u00edticas desde el punto de vista jur\u00eddico, tanto las medidas adoptadas unilateralmente por los empresarios como las que tienen su origen en acuerdos individuales o colectivos con los trabajadores.<\/p>\n<p>&nbsp;<\/p>\n<h3>Datos acad\u00e9micos de la tesis doctoral \u00ab<strong>Las politicas empresariales de empleo<\/strong>\u00ab<\/h3>\n<ul>\n<li><strong>T\u00edtulo de la tesis:<\/strong>\u00a0 Las politicas empresariales de empleo <\/li>\n<li><strong>Autor:<\/strong>\u00a0 Ana Cecilia Crisanto Casta\u00f1eda <\/li>\n<li><strong>Universidad:<\/strong>\u00a0 Rey juan carlos<\/li>\n<li><strong>Fecha de lectura de la tesis:<\/strong>\u00a0 02\/12\/2009<\/li>\n<\/ul>\n<p>&nbsp;<\/p>\n<h3>Direcci\u00f3n y tribunal<\/h3>\n<ul>\n<li><strong>Director de la tesis<\/strong>\n<ul>\n<li>Antonio  Vicente Sempere Navarro<\/li>\n<\/ul>\n<\/li>\n<li><strong>Tribunal<\/strong>\n<ul>\n<li>Presidente del tribunal: javier Garate castro <\/li>\n<li>Mar\u00eda  nieves Moreno vida (vocal)<\/li>\n<li>\u00e1ngel Antonio Blasco pellicer (vocal)<\/li>\n<li>Juan a Mar\u00eda Serrano Garc\u00eda (vocal)<\/li>\n<\/ul>\n<\/li>\n<\/ul>\n<p>&nbsp;<\/p>\n","protected":false},"excerpt":{"rendered":"<p>Tesis doctoral de Ana Cecilia Crisanto Casta\u00f1eda La pol\u00edtica de empleo, entendida como el conjunto estrat\u00e9gico de acciones adoptadas para [&hellip;]<\/p>\n","protected":false},"author":1,"featured_media":0,"comment_status":"open","ping_status":"open","sticky":false,"template":"","format":"standard","meta":{"site-sidebar-layout":"default","site-content-layout":"","ast-site-content-layout":"","site-content-style":"default","site-sidebar-style":"default","ast-global-header-display":"","ast-banner-title-visibility":"","ast-main-header-display":"","ast-hfb-above-header-display":"","ast-hfb-below-header-display":"","ast-hfb-mobile-header-display":"","site-post-title":"","ast-breadcrumbs-content":"","ast-featured-img":"","footer-sml-layout":"","theme-transparent-header-meta":"","adv-header-id-meta":"","stick-header-meta":"","header-above-stick-meta":"","header-main-stick-meta":"","header-below-stick-meta":"","astra-migrate-meta-layouts":"default","ast-page-background-enabled":"default","ast-page-background-meta":{"desktop":{"background-color":"var(--ast-global-color-4)","background-image":"","background-repeat":"repeat","background-position":"center center","background-size":"auto","background-attachment":"scroll","background-type":"","background-media":"","overlay-type":"","overlay-color":"","overlay-gradient":""},"tablet":{"background-color":"","background-image":"","background-repeat":"repeat","background-position":"center center","background-size":"auto","background-attachment":"scroll","background-type":"","background-media":"","overlay-type":"","overlay-color":"","overlay-gradient":""},"mobile":{"background-color":"","background-image":"","background-repeat":"repeat","background-position":"center center","background-size":"auto","background-attachment":"scroll","background-type":"","background-media":"","overlay-type":"","overlay-color":"","overlay-gradient":""}},"ast-content-background-meta":{"desktop":{"background-color":"var(--ast-global-color-5)","background-image":"","background-repeat":"repeat","background-position":"center center","background-size":"auto","background-attachment":"scroll","background-type":"","background-media":"","overlay-type":"","overlay-color":"","overlay-gradient":""},"tablet":{"background-color":"var(--ast-global-color-5)","background-image":"","background-repeat":"repeat","background-position":"center center","background-size":"auto","background-attachment":"scroll","background-type":"","background-media":"","overlay-type":"","overlay-color":"","overlay-gradient":""},"mobile":{"background-color":"var(--ast-global-color-5)","background-image":"","background-repeat":"repeat","background-position":"center center","background-size":"auto","background-attachment":"scroll","background-type":"","background-media":"","overlay-type":"","overlay-color":"","overlay-gradient":""}},"footnotes":""},"categories":[36610,4725],"tags":[200029,11487,24532,24531,184500,46858],"class_list":["post-97667","post","type-post","status-publish","format-standard","hentry","category-rey-juan-carlos","category-teoria-y-modelos-de-empleo","tag-ana-cecilia-crisanto-castaneda","tag-angel-antonio-blasco-pellicer","tag-antonio-vicente-sempere-navarro","tag-javier-garate-castro","tag-juan-a-maria-serrano-garcia","tag-maria-nieves-moreno-vida"],"_links":{"self":[{"href":"https:\/\/www.deberes.net\/tesis\/wp-json\/wp\/v2\/posts\/97667","targetHints":{"allow":["GET"]}}],"collection":[{"href":"https:\/\/www.deberes.net\/tesis\/wp-json\/wp\/v2\/posts"}],"about":[{"href":"https:\/\/www.deberes.net\/tesis\/wp-json\/wp\/v2\/types\/post"}],"author":[{"embeddable":true,"href":"https:\/\/www.deberes.net\/tesis\/wp-json\/wp\/v2\/users\/1"}],"replies":[{"embeddable":true,"href":"https:\/\/www.deberes.net\/tesis\/wp-json\/wp\/v2\/comments?post=97667"}],"version-history":[{"count":0,"href":"https:\/\/www.deberes.net\/tesis\/wp-json\/wp\/v2\/posts\/97667\/revisions"}],"wp:attachment":[{"href":"https:\/\/www.deberes.net\/tesis\/wp-json\/wp\/v2\/media?parent=97667"}],"wp:term":[{"taxonomy":"category","embeddable":true,"href":"https:\/\/www.deberes.net\/tesis\/wp-json\/wp\/v2\/categories?post=97667"},{"taxonomy":"post_tag","embeddable":true,"href":"https:\/\/www.deberes.net\/tesis\/wp-json\/wp\/v2\/tags?post=97667"}],"curies":[{"name":"wp","href":"https:\/\/api.w.org\/{rel}","templated":true}]}}