{"id":97668,"date":"2009-03-12T00:00:00","date_gmt":"2009-03-12T00:00:00","guid":{"rendered":"https:\/\/www.deberes.net\/tesis\/sin-categoria\/la-imagen-de-la-radio-local-de-cantabria-en-los-jovenes-oyentes\/"},"modified":"2009-03-12T00:00:00","modified_gmt":"2009-03-12T00:00:00","slug":"la-imagen-de-la-radio-local-de-cantabria-en-los-jovenes-oyentes","status":"publish","type":"post","link":"https:\/\/www.deberes.net\/tesis\/sin-categoria\/la-imagen-de-la-radio-local-de-cantabria-en-los-jovenes-oyentes\/","title":{"rendered":"La imagen de la radio local de cantabria en los j\u00f3venes oyentes"},"content":{"rendered":"<h2>Tesis doctoral de <strong> Mar\u00eda  Nieves Amigo Benito <\/strong><\/h2>\n<p>Null la investigaci\u00f3n ahonda en la imagen que tienen los j\u00f3venes de cantabria, de entre 15 y 29 a\u00f1os, sobre las radios locales en la comunidad aut\u00f3noma. El objetivo de la tesis es conocer su visi\u00f3n sobre este sector y las hip\u00f3tesis tienen un sesgo clarame nte pesimista. Se ha realizado una encuesta a 140 j\u00f3venes de santander y torrelavega a los que se ha preguntado por su visi\u00f3n sobre el sector. Al mismo tiempo, se ha entrevistado a quince expertos en la materia relacionados con el sector, los cuales han aportado su visi\u00f3n sobre las radios locales de cantabria.  las conclusiones de la tesis no confirman las hip\u00f3tesis, sino todo lo contrario. Los j\u00f3venes de cantabria tienen una opini\u00f3n relativamente favorable de las radios locales, tanto en lo que  se refiere a su organizaci\u00f3n y situaci\u00f3n general como en lo que respecta a sus contenidos. Son m\u00e1s cr\u00edticos, sin embargo, los expertos, que s\u00ed ven m\u00e1s problemas en el sector y m\u00e1s deficiencias.  creemos que esta visi\u00f3n favorable de los j\u00f3venes se fu ndamenta m\u00e1s bien en su resignaci\u00f3n ante un sector que no ven pueda mejorar que en el hecho de que realmente vean que las cosas se hacen lo suficientemente bien. En nuestra opini\u00f3n, ser\u00eda preciso un mayor grado de exigencia en el \u00e1mbito de las radios  locales que diera lugar a unos resultados m\u00e1s profesionales.<\/p>\n<p>&nbsp;<\/p>\n<h3>Datos acad\u00e9micos de la tesis doctoral \u00ab<strong>La imagen de la radio local de cantabria en los j\u00f3venes oyentes<\/strong>\u00ab<\/h3>\n<ul>\n<li><strong>T\u00edtulo de la tesis:<\/strong>\u00a0 La imagen de la radio local de cantabria en los j\u00f3venes oyentes <\/li>\n<li><strong>Autor:<\/strong>\u00a0 Mar\u00eda  Nieves Amigo Benito <\/li>\n<li><strong>Universidad:<\/strong>\u00a0 Complutense de Madrid<\/li>\n<li><strong>Fecha de lectura de la tesis:<\/strong>\u00a0 03\/12\/2009<\/li>\n<\/ul>\n<p>&nbsp;<\/p>\n<h3>Direcci\u00f3n y tribunal<\/h3>\n<ul>\n<li><strong>Director de la tesis<\/strong>\n<ul>\n<li>Francisco Garc\u00eda Garc\u00eda<\/li>\n<\/ul>\n<\/li>\n<li><strong>Tribunal<\/strong>\n<ul>\n<li>Presidente del tribunal: inmaculada Gordillo \u00e1lvarez <\/li>\n<li>  (vocal)<\/li>\n<li>  (vocal)<\/li>\n<li>  (vocal)<\/li>\n<\/ul>\n<\/li>\n<\/ul>\n<p>&nbsp;<\/p>\n","protected":false},"excerpt":{"rendered":"<p>Tesis doctoral de Mar\u00eda Nieves Amigo Benito Null la investigaci\u00f3n ahonda en la imagen que tienen los j\u00f3venes de cantabria, [&hellip;]<\/p>\n","protected":false},"author":1,"featured_media":0,"comment_status":"open","ping_status":"open","sticky":false,"template":"","format":"standard","meta":{"site-sidebar-layout":"default","site-content-layout":"","ast-site-content-layout":"","site-content-style":"default","site-sidebar-style":"default","ast-global-header-display":"","ast-banner-title-visibility":"","ast-main-header-display":"","ast-hfb-above-header-display":"","ast-hfb-below-header-display":"","ast-hfb-mobile-header-display":"","site-post-title":"","ast-breadcrumbs-content":"","ast-featured-img":"","footer-sml-layout":"","theme-transparent-header-meta":"","adv-header-id-meta":"","stick-header-meta":"","header-above-stick-meta":"","header-main-stick-meta":"","header-below-stick-meta":"","astra-migrate-meta-layouts":"default","ast-page-background-enabled":"default","ast-page-background-meta":{"desktop":{"background-color":"var(--ast-global-color-4)","background-image":"","background-repeat":"repeat","background-position":"center center","background-size":"auto","background-attachment":"scroll","background-type":"","background-media":"","overlay-type":"","overlay-color":"","overlay-gradient":""},"tablet":{"background-color":"","background-image":"","background-repeat":"repeat","background-position":"center center","background-size":"auto","background-attachment":"scroll","background-type":"","background-media":"","overlay-type":"","overlay-color":"","overlay-gradient":""},"mobile":{"background-color":"","background-image":"","background-repeat":"repeat","background-position":"center center","background-size":"auto","background-attachment":"scroll","background-type":"","background-media":"","overlay-type":"","overlay-color":"","overlay-gradient":""}},"ast-content-background-meta":{"desktop":{"background-color":"var(--ast-global-color-5)","background-image":"","background-repeat":"repeat","background-position":"center center","background-size":"auto","background-attachment":"scroll","background-type":"","background-media":"","overlay-type":"","overlay-color":"","overlay-gradient":""},"tablet":{"background-color":"var(--ast-global-color-5)","background-image":"","background-repeat":"repeat","background-position":"center center","background-size":"auto","background-attachment":"scroll","background-type":"","background-media":"","overlay-type":"","overlay-color":"","overlay-gradient":""},"mobile":{"background-color":"var(--ast-global-color-5)","background-image":"","background-repeat":"repeat","background-position":"center center","background-size":"auto","background-attachment":"scroll","background-type":"","background-media":"","overlay-type":"","overlay-color":"","overlay-gradient":""}},"footnotes":""},"categories":[1],"tags":[7470,55120,200030],"class_list":["post-97668","post","type-post","status-publish","format-standard","hentry","category-sin-categoria","tag-francisco-garcia-garcia","tag-inmaculada-gordillo-alvarez","tag-maria-nieves-amigo-benito"],"_links":{"self":[{"href":"https:\/\/www.deberes.net\/tesis\/wp-json\/wp\/v2\/posts\/97668","targetHints":{"allow":["GET"]}}],"collection":[{"href":"https:\/\/www.deberes.net\/tesis\/wp-json\/wp\/v2\/posts"}],"about":[{"href":"https:\/\/www.deberes.net\/tesis\/wp-json\/wp\/v2\/types\/post"}],"author":[{"embeddable":true,"href":"https:\/\/www.deberes.net\/tesis\/wp-json\/wp\/v2\/users\/1"}],"replies":[{"embeddable":true,"href":"https:\/\/www.deberes.net\/tesis\/wp-json\/wp\/v2\/comments?post=97668"}],"version-history":[{"count":0,"href":"https:\/\/www.deberes.net\/tesis\/wp-json\/wp\/v2\/posts\/97668\/revisions"}],"wp:attachment":[{"href":"https:\/\/www.deberes.net\/tesis\/wp-json\/wp\/v2\/media?parent=97668"}],"wp:term":[{"taxonomy":"category","embeddable":true,"href":"https:\/\/www.deberes.net\/tesis\/wp-json\/wp\/v2\/categories?post=97668"},{"taxonomy":"post_tag","embeddable":true,"href":"https:\/\/www.deberes.net\/tesis\/wp-json\/wp\/v2\/tags?post=97668"}],"curies":[{"name":"wp","href":"https:\/\/api.w.org\/{rel}","templated":true}]}}