{"id":97699,"date":"2009-03-12T00:00:00","date_gmt":"2009-03-12T00:00:00","guid":{"rendered":"https:\/\/www.deberes.net\/tesis\/sin-categoria\/el-deterioro-neuropsicologico-en-la-enfermedad-de-parkinson-sin-demencia-caractera%c2%adsticas-del-deterioro-cognitivo-leve-y-del-funcionamiento-viso-perceptual-y-mnesco-verbal\/"},"modified":"2009-03-12T00:00:00","modified_gmt":"2009-03-12T00:00:00","slug":"el-deterioro-neuropsicologico-en-la-enfermedad-de-parkinson-sin-demencia-caractera%c2%adsticas-del-deterioro-cognitivo-leve-y-del-funcionamiento-viso-perceptual-y-mnesco-verbal","status":"publish","type":"post","link":"https:\/\/www.deberes.net\/tesis\/evaluacion-y-diagnostico-en-psicologia\/el-deterioro-neuropsicologico-en-la-enfermedad-de-parkinson-sin-demencia-caractera%c2%adsticas-del-deterioro-cognitivo-leve-y-del-funcionamiento-viso-perceptual-y-mnesco-verbal\/","title":{"rendered":"El deterioro neuropsicol\u00f3gico en la enfermedad de parkinson sin demencia: caracter\u00edsticas del deterioro cognitivo leve y del funcionamiento viso-perceptual y mn\u00e9sco verbal"},"content":{"rendered":"<h2>Tesis doctoral de <strong> Daniel Mara\u00f1on Valbuena <\/strong><\/h2>\n<p>Los trastornos propios de la esfera cognitiva son considerados en la actualidad factores que inciden e influyen de manera significativa en el manejo de la enfermedad de parkinson. Sin embargo, no hay un consenso expl\u00edcito respecto al tipo y caracter\u00edsticas propias de las alteraciones cognitivas que padecen gran parte de los afectados. La presente investigaci\u00f3n propone explorar la caracterizaci\u00f3n cl\u00ednica de la disfunci\u00f3n cognitiva en la enfermedad de parkinson sin demencia, as\u00ed como establecer las caracter\u00edsticas e idiosincrasia propia del perfil neurocognitivo mostrado por los pacientes al compararlo con personas neurol\u00f3gicamente sanas. Adem\u00e1s, el presente estudio pretende profundizar en el rendimiento de procesos cognitivos espec\u00edficos como la capacidad viso-perceptual y la memoria verbal, as\u00ed como ahondar en las caracter\u00edsticas de los pacientes diagnosticados de deterioro cognitivo leve. Para ello, se evaluaron a 52 pacientes diagnosticados de enfermedad de parkinson sin demencia y 52 personas neurol\u00f3gicamente sanas apareadas a la muestra cl\u00ednica en sexo, edad, dominancia manual, nivel educativo, inteligencia cristalizada y ci prem\u00f3rbido. El protocolo de evaluaci\u00f3n abarc\u00f3 los siguientes dominios cognitivos: el funcionamiento cognitivo global, la velocidad de procesamiento de la informaci\u00f3n, el funcionamiento ejecutivo, la memoria verbal y la capacidad viso-perceptual, as\u00ed como una valoraci\u00f3n neuropsiqui\u00e1trica y de las actividades instrumentales de la vida diaria. El presente estudio sugiere la existencia una de disfunci\u00f3n cognitiva en el conjunto de dominios estudiados, no limitada a un \u00fanico d\u00e9ficit disejecutivo. Adem\u00e1s se sugiere que para una \u00f3ptima ejecuci\u00f3n en tareas viso-perceptuales la conservaci\u00f3n de la atenci\u00f3n selectiva parece crucial entre los pacientes. Por otro lado, se concluye que el deterioro en memoria verbal parece relacionarse con un deterioro en la codificaci\u00f3n y almacenamiento de la informaci\u00f3n y finalmente se observa como la influencia de variables cl\u00ednicas, sociodemogr\u00e1ficas, neuropsiqui\u00e1tricas y de actividades instrumentales de la vida diaria dependen de la relaci\u00f3n establecida con los diferentes dominios neuropsicol\u00f3gicos espec\u00edficos.<\/p>\n<p>&nbsp;<\/p>\n<h3>Datos acad\u00e9micos de la tesis doctoral \u00ab<strong>El deterioro neuropsicol\u00f3gico en la enfermedad de parkinson sin demencia: caracter\u00edsticas del deterioro cognitivo leve y del funcionamiento viso-perceptual y mn\u00e9sco verbal<\/strong>\u00ab<\/h3>\n<ul>\n<li><strong>T\u00edtulo de la tesis:<\/strong>\u00a0 El deterioro neuropsicol\u00f3gico en la enfermedad de parkinson sin demencia: caracter\u00edsticas del deterioro cognitivo leve y del funcionamiento viso-perceptual y mn\u00e9sco verbal <\/li>\n<li><strong>Autor:<\/strong>\u00a0 Daniel Mara\u00f1on Valbuena <\/li>\n<li><strong>Universidad:<\/strong>\u00a0 Deusto<\/li>\n<li><strong>Fecha de lectura de la tesis:<\/strong>\u00a0 03\/12\/2009<\/li>\n<\/ul>\n<p>&nbsp;<\/p>\n<h3>Direcci\u00f3n y tribunal<\/h3>\n<ul>\n<li><strong>Director de la tesis<\/strong>\n<ul>\n<li>Inmanol Amayra Caro<\/li>\n<\/ul>\n<\/li>\n<li><strong>Tribunal<\/strong>\n<ul>\n<li>Presidente del tribunal: Jos\u00e9 Luis Vazquez barquero <\/li>\n<li>Luis De nicolas Martinez (vocal)<\/li>\n<li>Jes\u00fas Guerra  plaza (vocal)<\/li>\n<li>Miguel Perez garcia (vocal)<\/li>\n<\/ul>\n<\/li>\n<\/ul>\n<p>&nbsp;<\/p>\n","protected":false},"excerpt":{"rendered":"<p>Tesis doctoral de Daniel Mara\u00f1on Valbuena Los trastornos propios de la esfera cognitiva son considerados en la actualidad factores que [&hellip;]<\/p>\n","protected":false},"author":1,"featured_media":0,"comment_status":"open","ping_status":"open","sticky":false,"template":"","format":"standard","meta":{"site-sidebar-layout":"default","site-content-layout":"","ast-site-content-layout":"","site-content-style":"default","site-sidebar-style":"default","ast-global-header-display":"","ast-banner-title-visibility":"","ast-main-header-display":"","ast-hfb-above-header-display":"","ast-hfb-below-header-display":"","ast-hfb-mobile-header-display":"","site-post-title":"","ast-breadcrumbs-content":"","ast-featured-img":"","footer-sml-layout":"","theme-transparent-header-meta":"","adv-header-id-meta":"","stick-header-meta":"","header-above-stick-meta":"","header-main-stick-meta":"","header-below-stick-meta":"","astra-migrate-meta-layouts":"default","ast-page-background-enabled":"default","ast-page-background-meta":{"desktop":{"background-color":"var(--ast-global-color-4)","background-image":"","background-repeat":"repeat","background-position":"center center","background-size":"auto","background-attachment":"scroll","background-type":"","background-media":"","overlay-type":"","overlay-color":"","overlay-gradient":""},"tablet":{"background-color":"","background-image":"","background-repeat":"repeat","background-position":"center center","background-size":"auto","background-attachment":"scroll","background-type":"","background-media":"","overlay-type":"","overlay-color":"","overlay-gradient":""},"mobile":{"background-color":"","background-image":"","background-repeat":"repeat","background-position":"center center","background-size":"auto","background-attachment":"scroll","background-type":"","background-media":"","overlay-type":"","overlay-color":"","overlay-gradient":""}},"ast-content-background-meta":{"desktop":{"background-color":"var(--ast-global-color-5)","background-image":"","background-repeat":"repeat","background-position":"center center","background-size":"auto","background-attachment":"scroll","background-type":"","background-media":"","overlay-type":"","overlay-color":"","overlay-gradient":""},"tablet":{"background-color":"var(--ast-global-color-5)","background-image":"","background-repeat":"repeat","background-position":"center center","background-size":"auto","background-attachment":"scroll","background-type":"","background-media":"","overlay-type":"","overlay-color":"","overlay-gradient":""},"mobile":{"background-color":"var(--ast-global-color-5)","background-image":"","background-repeat":"repeat","background-position":"center center","background-size":"auto","background-attachment":"scroll","background-type":"","background-media":"","overlay-type":"","overlay-color":"","overlay-gradient":""}},"footnotes":""},"categories":[4167,31910,1175,7302,13633],"tags":[200074,148076,115517,10709,28091,22256],"class_list":["post-97699","post","type-post","status-publish","format-standard","hentry","category-actividad-cerebral","category-deusto","category-evaluacion-y-diagnostico-en-psicologia","category-procesos-cognitivos","category-procesos-de-la-memoria","tag-daniel-maranon-valbuena","tag-inmanol-amayra-caro","tag-jesus-guerra-plaza","tag-jose-luis-vazquez-barquero","tag-luis-de-nicolas-Martinez","tag-miguel-perez-garcia"],"_links":{"self":[{"href":"https:\/\/www.deberes.net\/tesis\/wp-json\/wp\/v2\/posts\/97699","targetHints":{"allow":["GET"]}}],"collection":[{"href":"https:\/\/www.deberes.net\/tesis\/wp-json\/wp\/v2\/posts"}],"about":[{"href":"https:\/\/www.deberes.net\/tesis\/wp-json\/wp\/v2\/types\/post"}],"author":[{"embeddable":true,"href":"https:\/\/www.deberes.net\/tesis\/wp-json\/wp\/v2\/users\/1"}],"replies":[{"embeddable":true,"href":"https:\/\/www.deberes.net\/tesis\/wp-json\/wp\/v2\/comments?post=97699"}],"version-history":[{"count":0,"href":"https:\/\/www.deberes.net\/tesis\/wp-json\/wp\/v2\/posts\/97699\/revisions"}],"wp:attachment":[{"href":"https:\/\/www.deberes.net\/tesis\/wp-json\/wp\/v2\/media?parent=97699"}],"wp:term":[{"taxonomy":"category","embeddable":true,"href":"https:\/\/www.deberes.net\/tesis\/wp-json\/wp\/v2\/categories?post=97699"},{"taxonomy":"post_tag","embeddable":true,"href":"https:\/\/www.deberes.net\/tesis\/wp-json\/wp\/v2\/tags?post=97699"}],"curies":[{"name":"wp","href":"https:\/\/api.w.org\/{rel}","templated":true}]}}