{"id":97715,"date":"2009-04-12T00:00:00","date_gmt":"2009-04-12T00:00:00","guid":{"rendered":"https:\/\/www.deberes.net\/tesis\/sin-categoria\/el-control-de-constitucionalidad-de-las-leyes-en-va%c2%ada-de-amparo-hacia-una-distinta-caracterizacion-jura%c2%addico-procesal-del-recurso-de-amparo\/"},"modified":"2009-04-12T00:00:00","modified_gmt":"2009-04-12T00:00:00","slug":"el-control-de-constitucionalidad-de-las-leyes-en-va%c2%ada-de-amparo-hacia-una-distinta-caracterizacion-jura%c2%addico-procesal-del-recurso-de-amparo","status":"publish","type":"post","link":"https:\/\/www.deberes.net\/tesis\/sin-categoria\/el-control-de-constitucionalidad-de-las-leyes-en-va%c2%ada-de-amparo-hacia-una-distinta-caracterizacion-jura%c2%addico-procesal-del-recurso-de-amparo\/","title":{"rendered":"El control de constitucionalidad de las leyes en v\u00edade amparo. hacia una distinta caracterizaci\u00f3n jur\u00eddico-procesal del recurso de amparo."},"content":{"rendered":"<h2>Tesis doctoral de <strong> Jos\u00e9 Alfonso Herrera Garcia <\/strong><\/h2>\n<p>El prop\u00f3sito de este trabajo es ofrecer una reconstrucci\u00f3n dogm\u00e1tica del recurso de amparo desde la perspectiva de su funcionalidad como \u00c2\u00abamparo frente a leyes\u00c2\u00bb. La pregunta de la que se ocupa es la siguiente: \u00c2\u00bfqu\u00e9 ocurre si la vulneraci\u00f3n de un dere cho amparable obedece al contenido de un determinado enunciado legal, y no a la concreta aplicaci\u00f3n que hubiere dado lugar al acto del poder p\u00fablico que se impugna? Desde una perspectiva constitucional, el trabajo parte de dos premisas principales, y  que no han sido suficientemente exploradas por la doctrina: en primer lugar, que el amparo frente a leyes es la faceta del recurso te\u00f3rica y t\u00e9cnicamente m\u00e1s consecuente con el modelo de jurisdicci\u00f3n constitucional concentrada; en segundo lugar, que  los derechos amparables son siempre oponibles a la legislaci\u00f3n, con independencia del problema procedimental que plantea la v\u00eda del art. 55.2 de la ley org\u00e1nica del tribunal constitucional (lotc). A partir de estos presupuestos, se ofrece una fundam entaci\u00f3n te\u00f3rico-t\u00e9cnica del amparo en el modelo kelseniano de jurisdicci\u00f3n constitucional, se sientan las bases jur\u00eddicas del amparo frente a leyes en la constituci\u00f3n espa\u00f1ola de 1978, y sus lineamientos jur\u00eddico-procesales en la lotc. Tambi\u00e9n se ab orda el problema de la caracterizaci\u00f3n conceptual del enjuiciamiento de constitucionalidad de las leyes en v\u00eda de amparo, y, mediante el an\u00e1lisis de sentencias paradigm\u00e1ticas, se reconstruyen los distintos modos en que el tribunal constitucional pr\u00e1c ticamente resuelve los amparos frente a las leyes. Se analiza tambi\u00e9n el acuciante problema de los efectos de las sentencias de estos amparos y, por \u00faltimo, la incidencia que al objeto de estudio significan las profusas modificaciones de lege ferenda  que al recurso de amparo y a la cuesti\u00f3n interna de inconstitucionalidad ha significado la lo 6\/2007, de 24 de mayo. El trabajo de investigaci\u00f3n concluye que hay muy buenas razones para pensar que el amparo frente a leyes es uno de los perfiles de e ste recurso que colma la \u00c2\u00abespecial trascendencia constitucional\u00c2\u00bb, requisito en el cual la nueva regulaci\u00f3n del recurso centra toda su potencialidad. Finalmente, se llega a la convicci\u00f3n de que una reconducci\u00f3n conceptual como la que se propone puede orientar de modo plausible el nuevo significado del amparo en la teor\u00eda y la pr\u00e1ctica de la jurisdicci\u00f3n constitucional espa\u00f1ola en los a\u00f1os por venir.<\/p>\n<p>&nbsp;<\/p>\n<h3>Datos acad\u00e9micos de la tesis doctoral \u00ab<strong>El control de constitucionalidad de las leyes en v\u00edade amparo. hacia una distinta caracterizaci\u00f3n jur\u00eddico-procesal del recurso de amparo.<\/strong>\u00ab<\/h3>\n<ul>\n<li><strong>T\u00edtulo de la tesis:<\/strong>\u00a0 El control de constitucionalidad de las leyes en v\u00edade amparo. hacia una distinta caracterizaci\u00f3n jur\u00eddico-procesal del recurso de amparo. <\/li>\n<li><strong>Autor:<\/strong>\u00a0 Jos\u00e9 Alfonso Herrera Garcia <\/li>\n<li><strong>Universidad:<\/strong>\u00a0 Complutense de Madrid<\/li>\n<li><strong>Fecha de lectura de la tesis:<\/strong>\u00a0 04\/12\/2009<\/li>\n<\/ul>\n<p>&nbsp;<\/p>\n<h3>Direcci\u00f3n y tribunal<\/h3>\n<ul>\n<li><strong>Director de la tesis<\/strong>\n<ul>\n<li>Pedro De Vega Garcia<\/li>\n<\/ul>\n<\/li>\n<li><strong>Tribunal<\/strong>\n<ul>\n<li>Presidente del tribunal: ra\u00fal leopoldo Canosa usera <\/li>\n<li>Javier Ruip\u00e9rez alamillo (vocal)<\/li>\n<li>pablo lucas Murillo de la cueva (vocal)<\/li>\n<li>ignacio Borrajo iniesta (vocal)<\/li>\n<\/ul>\n<\/li>\n<\/ul>\n<p>&nbsp;<\/p>\n","protected":false},"excerpt":{"rendered":"<p>Tesis doctoral de Jos\u00e9 Alfonso Herrera Garcia El prop\u00f3sito de este trabajo es ofrecer una reconstrucci\u00f3n dogm\u00e1tica del recurso de [&hellip;]<\/p>\n","protected":false},"author":1,"featured_media":0,"comment_status":"open","ping_status":"open","sticky":false,"template":"","format":"standard","meta":{"site-sidebar-layout":"default","site-content-layout":"","ast-site-content-layout":"","site-content-style":"default","site-sidebar-style":"default","ast-global-header-display":"","ast-banner-title-visibility":"","ast-main-header-display":"","ast-hfb-above-header-display":"","ast-hfb-below-header-display":"","ast-hfb-mobile-header-display":"","site-post-title":"","ast-breadcrumbs-content":"","ast-featured-img":"","footer-sml-layout":"","theme-transparent-header-meta":"","adv-header-id-meta":"","stick-header-meta":"","header-above-stick-meta":"","header-main-stick-meta":"","header-below-stick-meta":"","astra-migrate-meta-layouts":"default","ast-page-background-enabled":"default","ast-page-background-meta":{"desktop":{"background-color":"var(--ast-global-color-4)","background-image":"","background-repeat":"repeat","background-position":"center center","background-size":"auto","background-attachment":"scroll","background-type":"","background-media":"","overlay-type":"","overlay-color":"","overlay-gradient":""},"tablet":{"background-color":"","background-image":"","background-repeat":"repeat","background-position":"center center","background-size":"auto","background-attachment":"scroll","background-type":"","background-media":"","overlay-type":"","overlay-color":"","overlay-gradient":""},"mobile":{"background-color":"","background-image":"","background-repeat":"repeat","background-position":"center center","background-size":"auto","background-attachment":"scroll","background-type":"","background-media":"","overlay-type":"","overlay-color":"","overlay-gradient":""}},"ast-content-background-meta":{"desktop":{"background-color":"var(--ast-global-color-5)","background-image":"","background-repeat":"repeat","background-position":"center center","background-size":"auto","background-attachment":"scroll","background-type":"","background-media":"","overlay-type":"","overlay-color":"","overlay-gradient":""},"tablet":{"background-color":"var(--ast-global-color-5)","background-image":"","background-repeat":"repeat","background-position":"center center","background-size":"auto","background-attachment":"scroll","background-type":"","background-media":"","overlay-type":"","overlay-color":"","overlay-gradient":""},"mobile":{"background-color":"var(--ast-global-color-5)","background-image":"","background-repeat":"repeat","background-position":"center center","background-size":"auto","background-attachment":"scroll","background-type":"","background-media":"","overlay-type":"","overlay-color":"","overlay-gradient":""}},"footnotes":""},"categories":[1],"tags":[32559,34992,200097,23422,9449,46277],"class_list":["post-97715","post","type-post","status-publish","format-standard","hentry","category-sin-categoria","tag-ignacio-borrajo-iniesta","tag-javier-ruiperez-alamillo","tag-jose-alfonso-herrera-garcia","tag-pablo-lucas-murillo-de-la-cueva","tag-pedro-de-vega-garcia","tag-raul-leopoldo-canosa-usera"],"_links":{"self":[{"href":"https:\/\/www.deberes.net\/tesis\/wp-json\/wp\/v2\/posts\/97715","targetHints":{"allow":["GET"]}}],"collection":[{"href":"https:\/\/www.deberes.net\/tesis\/wp-json\/wp\/v2\/posts"}],"about":[{"href":"https:\/\/www.deberes.net\/tesis\/wp-json\/wp\/v2\/types\/post"}],"author":[{"embeddable":true,"href":"https:\/\/www.deberes.net\/tesis\/wp-json\/wp\/v2\/users\/1"}],"replies":[{"embeddable":true,"href":"https:\/\/www.deberes.net\/tesis\/wp-json\/wp\/v2\/comments?post=97715"}],"version-history":[{"count":0,"href":"https:\/\/www.deberes.net\/tesis\/wp-json\/wp\/v2\/posts\/97715\/revisions"}],"wp:attachment":[{"href":"https:\/\/www.deberes.net\/tesis\/wp-json\/wp\/v2\/media?parent=97715"}],"wp:term":[{"taxonomy":"category","embeddable":true,"href":"https:\/\/www.deberes.net\/tesis\/wp-json\/wp\/v2\/categories?post=97715"},{"taxonomy":"post_tag","embeddable":true,"href":"https:\/\/www.deberes.net\/tesis\/wp-json\/wp\/v2\/tags?post=97715"}],"curies":[{"name":"wp","href":"https:\/\/api.w.org\/{rel}","templated":true}]}}