{"id":97739,"date":"2009-04-12T00:00:00","date_gmt":"2009-04-12T00:00:00","guid":{"rendered":"https:\/\/www.deberes.net\/tesis\/sin-categoria\/proceso-d-emodernizacion-y-cambio-sociocultural-en-tula-de-allende-mexico\/"},"modified":"2009-04-12T00:00:00","modified_gmt":"2009-04-12T00:00:00","slug":"proceso-d-emodernizacion-y-cambio-sociocultural-en-tula-de-allende-mexico","status":"publish","type":"post","link":"https:\/\/www.deberes.net\/tesis\/barcelona\/proceso-d-emodernizacion-y-cambio-sociocultural-en-tula-de-allende-mexico\/","title":{"rendered":"Proceso d emodernizaci\u00f3n y cambio sociocultural en tula de allende, m\u00e9xico"},"content":{"rendered":"<h2>Tesis doctoral de <strong> L\u00eda Rojas Mira <\/strong><\/h2>\n<p>An\u00e1lisis de las consecuencias sociales, econ\u00f3micas, demogr\u00e1ficas y culturales de la instalaci\u00f3n de una refiner\u00eda en la localidad de  tula de allende, m\u00e9xico, en el contexto desarrollista de la segunda mitad del siglo xx. Estudio cualitativo a partir de las entrevistas realizadas a diversos actores sociales locales as\u00ed como de la contrastaci\u00f3n bibliogr\u00e1fica y documental de tula de allende. Tras presentar el problema de investigaci\u00f3n, el primer cap\u00edtulo aborda el debate latinoamericano en torno a la tradici\u00f3n y la modernidad, estudiando categor\u00edas tales como antropolog\u00eda de la modernidad y antropolog\u00eda postmoderna, con la intenci\u00f3n de enumerar algunos l\u00edmites de estas aproximaciones a la hora de estudiar la supuesta -modernizaci\u00f3n- desarrollista en el subcontinente en la segunda mitad del siglo xx. El segundo cap\u00edtulo aborda tula de allende en el valle del mezquital, estudiando su inserci\u00f3n a nivel local y regional. Se aplican aqu\u00ed categor\u00edas de la geograf\u00eda y de la historia regional para entender el impacto local del modelo primario-exportador. Se estudian las minas de cal de tula, el desarrollo de los sindicatos en el marco de la revoluci\u00f3n mexicana, el proceso urbanizador que se desata con la sustituci\u00f3n de importaciones, y el desarrollo de la agricultura comercial a partir del procesamiento de las aguas negras de la ciudad de m\u00e9xico. El cap\u00edtulo tres analiza el impacto de la refiner\u00eda miguel hidalgo de petr\u00f3leos mexicanos (pemex), estudiando las aproximaciones de la antropolog\u00eda en torno a la industrializaci\u00f3n, su efecto sobre las migraciones, los fen\u00f3menos urbanos y la especulaci\u00f3n inmobiliaria; tambi\u00e9n sobre su impacto medioambiental. El cap\u00edtulo cuatro insiste en estudiar el impacto del modelo desarrollista en la familia y la cultura local a partir del estudio de la percepci\u00f3n local sobre la transformaci\u00f3n de los valores organizadores de la vida socio-familiar, el honor y el respeto, particularmente cuando se instalan los centros nocturnos. En particular se estudia el grupo concentrado en torno al club avante como espacio asociativo vinculado al partido nacional hegem\u00f3nico, el pri. Estos temas son preparatorios para estudiar, en el cap\u00edtulo cinco, la protesta liderada por las mujeres de tula, en particular las congregadas en torno al club avante, como contestaci\u00f3n a los cambios de la d\u00e9cada de 1970. El \u00faltimo cap\u00edtulo estudia las huelgas lideradas por los obreros de la construcci\u00f3n de la refiner\u00eda, y la situaci\u00f3n de las mujeres -extranjeras-, llegadas desde el resto de m\u00e9xico y de pa\u00edses vecinos, y destinadas a ejercer al prostituci\u00f3n.<\/p>\n<p>&nbsp;<\/p>\n<h3>Datos acad\u00e9micos de la tesis doctoral \u00ab<strong>Proceso d emodernizaci\u00f3n y cambio sociocultural en tula de allende, m\u00e9xico<\/strong>\u00ab<\/h3>\n<ul>\n<li><strong>T\u00edtulo de la tesis:<\/strong>\u00a0 Proceso d emodernizaci\u00f3n y cambio sociocultural en tula de allende, m\u00e9xico <\/li>\n<li><strong>Autor:<\/strong>\u00a0 L\u00eda Rojas Mira <\/li>\n<li><strong>Universidad:<\/strong>\u00a0 Barcelona<\/li>\n<li><strong>Fecha de lectura de la tesis:<\/strong>\u00a0 04\/12\/2009<\/li>\n<\/ul>\n<p>&nbsp;<\/p>\n<h3>Direcci\u00f3n y tribunal<\/h3>\n<ul>\n<li><strong>Director de la tesis<\/strong>\n<ul>\n<li>Gabriela Dalla Corte<\/li>\n<\/ul>\n<\/li>\n<li><strong>Tribunal<\/strong>\n<ul>\n<li>Presidente del tribunal: joan Frigole reixach <\/li>\n<li>salvador Maldonado aranda (vocal)<\/li>\n<li>  (vocal)<\/li>\n<li>  (vocal)<\/li>\n<\/ul>\n<\/li>\n<\/ul>\n<p>&nbsp;<\/p>\n","protected":false},"excerpt":{"rendered":"<p>Tesis doctoral de L\u00eda Rojas Mira An\u00e1lisis de las consecuencias sociales, econ\u00f3micas, demogr\u00e1ficas y culturales de la instalaci\u00f3n de una [&hellip;]<\/p>\n","protected":false},"author":1,"featured_media":0,"comment_status":"open","ping_status":"open","sticky":false,"template":"","format":"standard","meta":{"site-sidebar-layout":"default","site-content-layout":"","ast-site-content-layout":"","site-content-style":"default","site-sidebar-style":"default","ast-global-header-display":"","ast-banner-title-visibility":"","ast-main-header-display":"","ast-hfb-above-header-display":"","ast-hfb-below-header-display":"","ast-hfb-mobile-header-display":"","site-post-title":"","ast-breadcrumbs-content":"","ast-featured-img":"","footer-sml-layout":"","theme-transparent-header-meta":"","adv-header-id-meta":"","stick-header-meta":"","header-above-stick-meta":"","header-main-stick-meta":"","header-below-stick-meta":"","astra-migrate-meta-layouts":"default","ast-page-background-enabled":"default","ast-page-background-meta":{"desktop":{"background-color":"var(--ast-global-color-4)","background-image":"","background-repeat":"repeat","background-position":"center center","background-size":"auto","background-attachment":"scroll","background-type":"","background-media":"","overlay-type":"","overlay-color":"","overlay-gradient":""},"tablet":{"background-color":"","background-image":"","background-repeat":"repeat","background-position":"center center","background-size":"auto","background-attachment":"scroll","background-type":"","background-media":"","overlay-type":"","overlay-color":"","overlay-gradient":""},"mobile":{"background-color":"","background-image":"","background-repeat":"repeat","background-position":"center center","background-size":"auto","background-attachment":"scroll","background-type":"","background-media":"","overlay-type":"","overlay-color":"","overlay-gradient":""}},"ast-content-background-meta":{"desktop":{"background-color":"var(--ast-global-color-5)","background-image":"","background-repeat":"repeat","background-position":"center center","background-size":"auto","background-attachment":"scroll","background-type":"","background-media":"","overlay-type":"","overlay-color":"","overlay-gradient":""},"tablet":{"background-color":"var(--ast-global-color-5)","background-image":"","background-repeat":"repeat","background-position":"center center","background-size":"auto","background-attachment":"scroll","background-type":"","background-media":"","overlay-type":"","overlay-color":"","overlay-gradient":""},"mobile":{"background-color":"var(--ast-global-color-5)","background-image":"","background-repeat":"repeat","background-position":"center center","background-size":"auto","background-attachment":"scroll","background-type":"","background-media":"","overlay-type":"","overlay-color":"","overlay-gradient":""}},"footnotes":""},"categories":[983,2720,951,21413,2224],"tags":[101124,1247,200103,200104],"class_list":["post-97739","post","type-post","status-publish","format-standard","hentry","category-antropologia-cultural","category-antropologia-social","category-barcelona","category-caracteristicas-socioeconomicas-de-la-poblacion","category-historia-local","tag-gabriela-dalla-corte","tag-joan-frigole-reixach","tag-lia-rojas-mira","tag-salvador-maldonado-aranda"],"_links":{"self":[{"href":"https:\/\/www.deberes.net\/tesis\/wp-json\/wp\/v2\/posts\/97739","targetHints":{"allow":["GET"]}}],"collection":[{"href":"https:\/\/www.deberes.net\/tesis\/wp-json\/wp\/v2\/posts"}],"about":[{"href":"https:\/\/www.deberes.net\/tesis\/wp-json\/wp\/v2\/types\/post"}],"author":[{"embeddable":true,"href":"https:\/\/www.deberes.net\/tesis\/wp-json\/wp\/v2\/users\/1"}],"replies":[{"embeddable":true,"href":"https:\/\/www.deberes.net\/tesis\/wp-json\/wp\/v2\/comments?post=97739"}],"version-history":[{"count":0,"href":"https:\/\/www.deberes.net\/tesis\/wp-json\/wp\/v2\/posts\/97739\/revisions"}],"wp:attachment":[{"href":"https:\/\/www.deberes.net\/tesis\/wp-json\/wp\/v2\/media?parent=97739"}],"wp:term":[{"taxonomy":"category","embeddable":true,"href":"https:\/\/www.deberes.net\/tesis\/wp-json\/wp\/v2\/categories?post=97739"},{"taxonomy":"post_tag","embeddable":true,"href":"https:\/\/www.deberes.net\/tesis\/wp-json\/wp\/v2\/tags?post=97739"}],"curies":[{"name":"wp","href":"https:\/\/api.w.org\/{rel}","templated":true}]}}