{"id":97746,"date":"2009-04-12T00:00:00","date_gmt":"2009-04-12T00:00:00","guid":{"rendered":"https:\/\/www.deberes.net\/tesis\/sin-categoria\/variacion-dialectal-sociolinga%c2%bca%c2%adstica-de-ser-y-estar-con-adjetivos-de-edad\/"},"modified":"2009-04-12T00:00:00","modified_gmt":"2009-04-12T00:00:00","slug":"variacion-dialectal-sociolinga%c2%bca%c2%adstica-de-ser-y-estar-con-adjetivos-de-edad","status":"publish","type":"post","link":"https:\/\/www.deberes.net\/tesis\/sintaxis-y-analisis-sintactico\/variacion-dialectal-sociolinga%c2%bca%c2%adstica-de-ser-y-estar-con-adjetivos-de-edad\/","title":{"rendered":"Variaci\u00f3n dialectal sociolingu\u00edstica de ser y estar con adjetivos de edad"},"content":{"rendered":"<h2>Tesis doctoral de <strong> Irania Malaver Arguinzones <\/strong><\/h2>\n<p>En esta investigaci\u00f3n se estudiaron los verbos ser y estar con adjetivos de edad. El objetivo fue describir y analizar los mecanismos de predicaci\u00f3n basados en estos dos verbos y el modo en que dicho mecanismo se manifiesta en el continuo geogr\u00e1fico-social de la lengua espa\u00f1ola. Es, por una parte, un estudio diacr\u00f3nico y sincr\u00f3nico, cuya finalidad fue describir el proceso de evoluci\u00f3n de estar como verbo copulativo, al combinarse con adjetivos de edad y, por la otra, es un estudio dialectol\u00f3gico pues se examina la variaci\u00f3n diat\u00f3pica del fen\u00f3meno. Finalmente, se trata de un estudio socioling\u00ed\u00bc\u00edstico, pues se determinaron los factores sociales vinculados con la presencia de estar en ee las comunidades de habla estudiadas.  se constituy\u00f3 un corpus textual, con documentos peninsulares y americanos de los siglos xvi al xix, de distintas fuentes y grados de formalidad; adem\u00e1s, se reunieron muestras de habla contempor\u00e1neas, cinco de espa\u00f1a (habla madrile\u00f1a, hablas andaluzas sevilla, m\u00e1laga y granada- y el espa\u00f1ol de la comunidad  Valenciana) y cinco de am\u00e9rica (ciudad de m\u00e9xico, ciudad de guatemala, cob\u00e1n, caracas y montevideo). De un total de 1269 textos y 570 entrevistas grabadas, se extrajeron  todas las expresiones de edad (ee): construcciones con ser o estar y adjetivos de edad (joven, viejo, mayor, ni\u00f1o, peque\u00f1o). los resultados del corpus hist\u00f3rico confirman la paulatina extensi\u00f3n de estar en las ee, consolid\u00e1ndose la alternancia de ambos verbos con esta clase de adjetivos; asimismo, se registr\u00f3 un 43% de casos de estar en los textos americanos, mientras que en los peninsulares, apenas se document\u00f3 un 6%. El an\u00e1lisis de los corpus sincr\u00f3nicos confirm\u00f3 la tendencia de los textos hist\u00f3ricos: el uso de estar como un rasgo de las variedades americanas con un 54% total de las ee y su ausencia en los corpus peninsulares, con  un 3%. El an\u00e1lisis de los factores sociales demostr\u00f3 que el grado de instrucci\u00f3n medio-bajo y el sexo (las mujeres) est\u00e1n relacionados con el uso de estar con ee.<\/p>\n<p>&nbsp;<\/p>\n<h3>Datos acad\u00e9micos de la tesis doctoral \u00ab<strong>Variaci\u00f3n dialectal sociolingu\u00edstica de ser y estar con adjetivos de edad<\/strong>\u00ab<\/h3>\n<ul>\n<li><strong>T\u00edtulo de la tesis:<\/strong>\u00a0 Variaci\u00f3n dialectal sociolingu\u00edstica de ser y estar con adjetivos de edad <\/li>\n<li><strong>Autor:<\/strong>\u00a0 Irania Malaver Arguinzones <\/li>\n<li><strong>Universidad:<\/strong>\u00a0 Alcal\u00e1<\/li>\n<li><strong>Fecha de lectura de la tesis:<\/strong>\u00a0 04\/12\/2009<\/li>\n<\/ul>\n<p>&nbsp;<\/p>\n<h3>Direcci\u00f3n y tribunal<\/h3>\n<ul>\n<li><strong>Director de la tesis<\/strong>\n<ul>\n<li>Francisco Moreno Fern\u00e1ndez<\/li>\n<\/ul>\n<\/li>\n<li><strong>Tribunal<\/strong>\n<ul>\n<li>Presidente del tribunal: humberto L\u00f3pez morales <\/li>\n<li>eva Mar\u00eda Bravo Garc\u00eda (vocal)<\/li>\n<li>atanasio Herranz herranz (vocal)<\/li>\n<li>isabel Molina martos (vocal)<\/li>\n<\/ul>\n<\/li>\n<\/ul>\n<p>&nbsp;<\/p>\n","protected":false},"excerpt":{"rendered":"<p>Tesis doctoral de Irania Malaver Arguinzones En esta investigaci\u00f3n se estudiaron los verbos ser y estar con adjetivos de edad. [&hellip;]<\/p>\n","protected":false},"author":1,"featured_media":0,"comment_status":"open","ping_status":"open","sticky":false,"template":"","format":"standard","meta":{"site-sidebar-layout":"default","site-content-layout":"","ast-site-content-layout":"","site-content-style":"default","site-sidebar-style":"default","ast-global-header-display":"","ast-banner-title-visibility":"","ast-main-header-display":"","ast-hfb-above-header-display":"","ast-hfb-below-header-display":"","ast-hfb-mobile-header-display":"","site-post-title":"","ast-breadcrumbs-content":"","ast-featured-img":"","footer-sml-layout":"","theme-transparent-header-meta":"","adv-header-id-meta":"","stick-header-meta":"","header-above-stick-meta":"","header-main-stick-meta":"","header-below-stick-meta":"","astra-migrate-meta-layouts":"default","ast-page-background-enabled":"default","ast-page-background-meta":{"desktop":{"background-color":"var(--ast-global-color-4)","background-image":"","background-repeat":"repeat","background-position":"center center","background-size":"auto","background-attachment":"scroll","background-type":"","background-media":"","overlay-type":"","overlay-color":"","overlay-gradient":""},"tablet":{"background-color":"","background-image":"","background-repeat":"repeat","background-position":"center center","background-size":"auto","background-attachment":"scroll","background-type":"","background-media":"","overlay-type":"","overlay-color":"","overlay-gradient":""},"mobile":{"background-color":"","background-image":"","background-repeat":"repeat","background-position":"center center","background-size":"auto","background-attachment":"scroll","background-type":"","background-media":"","overlay-type":"","overlay-color":"","overlay-gradient":""}},"ast-content-background-meta":{"desktop":{"background-color":"var(--ast-global-color-5)","background-image":"","background-repeat":"repeat","background-position":"center center","background-size":"auto","background-attachment":"scroll","background-type":"","background-media":"","overlay-type":"","overlay-color":"","overlay-gradient":""},"tablet":{"background-color":"var(--ast-global-color-5)","background-image":"","background-repeat":"repeat","background-position":"center center","background-size":"auto","background-attachment":"scroll","background-type":"","background-media":"","overlay-type":"","overlay-color":"","overlay-gradient":""},"mobile":{"background-color":"var(--ast-global-color-5)","background-image":"","background-repeat":"repeat","background-position":"center center","background-size":"auto","background-attachment":"scroll","background-type":"","background-media":"","overlay-type":"","overlay-color":"","overlay-gradient":""}},"footnotes":""},"categories":[17426,590,409,3676],"tags":[6269,190495,5370,3680,200147,200148],"class_list":["post-97746","post","type-post","status-publish","format-standard","hentry","category-alcala","category-linguistica-historica","category-sintaxis-y-analisis-sintactico","category-sociolinguistica","tag-atanasio-herranz-herranz","tag-eva-maria-bravo-garcia","tag-francisco-moreno-fernandez","tag-humberto-lopez-morales","tag-irania-malaver-arguinzones","tag-isabel-molina-martos"],"_links":{"self":[{"href":"https:\/\/www.deberes.net\/tesis\/wp-json\/wp\/v2\/posts\/97746","targetHints":{"allow":["GET"]}}],"collection":[{"href":"https:\/\/www.deberes.net\/tesis\/wp-json\/wp\/v2\/posts"}],"about":[{"href":"https:\/\/www.deberes.net\/tesis\/wp-json\/wp\/v2\/types\/post"}],"author":[{"embeddable":true,"href":"https:\/\/www.deberes.net\/tesis\/wp-json\/wp\/v2\/users\/1"}],"replies":[{"embeddable":true,"href":"https:\/\/www.deberes.net\/tesis\/wp-json\/wp\/v2\/comments?post=97746"}],"version-history":[{"count":0,"href":"https:\/\/www.deberes.net\/tesis\/wp-json\/wp\/v2\/posts\/97746\/revisions"}],"wp:attachment":[{"href":"https:\/\/www.deberes.net\/tesis\/wp-json\/wp\/v2\/media?parent=97746"}],"wp:term":[{"taxonomy":"category","embeddable":true,"href":"https:\/\/www.deberes.net\/tesis\/wp-json\/wp\/v2\/categories?post=97746"},{"taxonomy":"post_tag","embeddable":true,"href":"https:\/\/www.deberes.net\/tesis\/wp-json\/wp\/v2\/tags?post=97746"}],"curies":[{"name":"wp","href":"https:\/\/api.w.org\/{rel}","templated":true}]}}