{"id":97779,"date":"2009-09-12T00:00:00","date_gmt":"2009-09-12T00:00:00","guid":{"rendered":"https:\/\/www.deberes.net\/tesis\/sin-categoria\/adopcion-transnacional-y-cultura-la-construccion-social-del-otro-en-los-procesos-y-proyectos-adoptivos-de-menores\/"},"modified":"2009-09-12T00:00:00","modified_gmt":"2009-09-12T00:00:00","slug":"adopcion-transnacional-y-cultura-la-construccion-social-del-otro-en-los-procesos-y-proyectos-adoptivos-de-menores","status":"publish","type":"post","link":"https:\/\/www.deberes.net\/tesis\/antropologia-cultural\/adopcion-transnacional-y-cultura-la-construccion-social-del-otro-en-los-procesos-y-proyectos-adoptivos-de-menores\/","title":{"rendered":"Adopci\u00f3n transnacional y cultura: la construcci\u00f3n social del otro en los procesos y proyectos adoptivos de menores"},"content":{"rendered":"<h2>Tesis doctoral de <strong> Mar\u00eda Jos\u00e9 Garc\u00eda G\u00f3mez <\/strong><\/h2>\n<p>El objetivo de esta tesis doctoral es analizar, bajo una perspectiva antropol\u00f3gica, los procesos de adopci\u00f3n transnacional acontecidos en la regi\u00f3n de murcia entre los a\u00f1os 1999 y 2009, a trav\u00e9s del an\u00e1lisis del discurso narrado por profesionales y adoptantes entre los a\u00f1os 2006 y 2009.  \ten esta investigaci\u00f3n pueden distinguirse tres prop\u00f3sitos. El primero es explorar el discurso social utilizado por adoptantes y profesionales implicados en las adopciones transnacionales, entendido este como un producto cognitivo y social. El segundo prop\u00f3sito, hace referencia a la profundizaci\u00f3n en la construcci\u00f3n cultural que adoptantes y profesionales realizan con respecto a los otros, -menores adoptados transnacionalmente y los pa\u00edses de los que proceden-. El tercer prop\u00f3sito de la investigaci\u00f3n est\u00e1 relacionado con la reflexi\u00f3n acerca del papel que puede tener la antropolog\u00eda en los procesos de adopci\u00f3n y, m\u00e1s concretamente, sobre las aportaciones pr\u00e1cticas que podr\u00eda hacer esta disciplina al an\u00e1lisis y a la mejora de los servicios de adopci\u00f3n.  \tlas experiencias de adopci\u00f3n han sido recogidas, fundamentalmente, a trav\u00e9s de las t\u00e9cnicas de observaci\u00f3n participante y entrevista etnogr\u00e1fica (un total de veintisiete entrevistas a padres y madres adoptantes y siete entrevistas a profesionales) para, posteriormente, ser analizadas a trav\u00e9s de t\u00e9cnicas de an\u00e1lisis de contenido, al considerar que, es el discurso de los entrevistados, el mejor veh\u00edculo para reflejar qu\u00e9 se piensa y qu\u00e9 se hace en las adopciones, teniendo en cuenta, adem\u00e1s, que el discurso es \u00abuna de las principales v\u00edas por las que el racismo y los prejuicios \u00e9tnicos se reproducen en la sociedad\u00bb (van dijk, 2000). En este discurso, se ha llevado a cabo un an\u00e1lisis sobre cuatro aspectos: conceptualizaciones, proposiciones,  entendidas como las teorizaciones de las personas , estrategias desarrolladas por las diferentes partes y aspectos culturales en las adopciones, m\u00e1s concretamente, la utilizaci\u00f3n de lo cultural por parte de los actores implicados en las adopciones.<\/p>\n<p>&nbsp;<\/p>\n<h3>Datos acad\u00e9micos de la tesis doctoral \u00ab<strong>Adopci\u00f3n transnacional y cultura: la construcci\u00f3n social del otro en los procesos y proyectos adoptivos de menores<\/strong>\u00ab<\/h3>\n<ul>\n<li><strong>T\u00edtulo de la tesis:<\/strong>\u00a0 Adopci\u00f3n transnacional y cultura: la construcci\u00f3n social del otro en los procesos y proyectos adoptivos de menores <\/li>\n<li><strong>Autor:<\/strong>\u00a0 Mar\u00eda Jos\u00e9 Garc\u00eda G\u00f3mez <\/li>\n<li><strong>Universidad:<\/strong>\u00a0 Murcia<\/li>\n<li><strong>Fecha de lectura de la tesis:<\/strong>\u00a0 09\/12\/2009<\/li>\n<\/ul>\n<p>&nbsp;<\/p>\n<h3>Direcci\u00f3n y tribunal<\/h3>\n<ul>\n<li><strong>Director de la tesis<\/strong>\n<ul>\n<li>Angel Montes Del Castillo<\/li>\n<\/ul>\n<\/li>\n<li><strong>Tribunal<\/strong>\n<ul>\n<li>Presidente del tribunal: natividad De la red vega <\/li>\n<li>antolin Granados Martinez (vocal)<\/li>\n<li>josefa Martinez Martinez (vocal)<\/li>\n<li>Francisco Javier Garc\u00eda casta\u00f1o (vocal)<\/li>\n<\/ul>\n<\/li>\n<\/ul>\n<p>&nbsp;<\/p>\n","protected":false},"excerpt":{"rendered":"<p>Tesis doctoral de Mar\u00eda Jos\u00e9 Garc\u00eda G\u00f3mez El objetivo de esta tesis doctoral es analizar, bajo una perspectiva antropol\u00f3gica, los [&hellip;]<\/p>\n","protected":false},"author":1,"featured_media":0,"comment_status":"open","ping_status":"open","sticky":false,"template":"","format":"standard","meta":{"site-sidebar-layout":"default","site-content-layout":"","ast-site-content-layout":"","site-content-style":"default","site-sidebar-style":"default","ast-global-header-display":"","ast-banner-title-visibility":"","ast-main-header-display":"","ast-hfb-above-header-display":"","ast-hfb-below-header-display":"","ast-hfb-mobile-header-display":"","site-post-title":"","ast-breadcrumbs-content":"","ast-featured-img":"","footer-sml-layout":"","theme-transparent-header-meta":"","adv-header-id-meta":"","stick-header-meta":"","header-above-stick-meta":"","header-main-stick-meta":"","header-below-stick-meta":"","astra-migrate-meta-layouts":"default","ast-page-background-enabled":"default","ast-page-background-meta":{"desktop":{"background-color":"var(--ast-global-color-4)","background-image":"","background-repeat":"repeat","background-position":"center center","background-size":"auto","background-attachment":"scroll","background-type":"","background-media":"","overlay-type":"","overlay-color":"","overlay-gradient":""},"tablet":{"background-color":"","background-image":"","background-repeat":"repeat","background-position":"center center","background-size":"auto","background-attachment":"scroll","background-type":"","background-media":"","overlay-type":"","overlay-color":"","overlay-gradient":""},"mobile":{"background-color":"","background-image":"","background-repeat":"repeat","background-position":"center center","background-size":"auto","background-attachment":"scroll","background-type":"","background-media":"","overlay-type":"","overlay-color":"","overlay-gradient":""}},"ast-content-background-meta":{"desktop":{"background-color":"var(--ast-global-color-5)","background-image":"","background-repeat":"repeat","background-position":"center center","background-size":"auto","background-attachment":"scroll","background-type":"","background-media":"","overlay-type":"","overlay-color":"","overlay-gradient":""},"tablet":{"background-color":"var(--ast-global-color-5)","background-image":"","background-repeat":"repeat","background-position":"center center","background-size":"auto","background-attachment":"scroll","background-type":"","background-media":"","overlay-type":"","overlay-color":"","overlay-gradient":""},"mobile":{"background-color":"var(--ast-global-color-5)","background-image":"","background-repeat":"repeat","background-position":"center center","background-size":"auto","background-attachment":"scroll","background-type":"","background-media":"","overlay-type":"","overlay-color":"","overlay-gradient":""}},"footnotes":""},"categories":[983,2720,3994,8235,23449],"tags":[128955,74054,68254,103004,200207,119607],"class_list":["post-97779","post","type-post","status-publish","format-standard","hentry","category-antropologia-cultural","category-antropologia-social","category-filiacion-familia-y-parentesco","category-murcia","category-relaciones-interetnicas","tag-angel-montes-del-castillo","tag-antolin-granados-Martinez","tag-francisco-javier-garcia-castano","tag-josefa-Martinez-Martinez","tag-maria-jose-garcia-gomez","tag-natividad-de-la-red-vega"],"_links":{"self":[{"href":"https:\/\/www.deberes.net\/tesis\/wp-json\/wp\/v2\/posts\/97779","targetHints":{"allow":["GET"]}}],"collection":[{"href":"https:\/\/www.deberes.net\/tesis\/wp-json\/wp\/v2\/posts"}],"about":[{"href":"https:\/\/www.deberes.net\/tesis\/wp-json\/wp\/v2\/types\/post"}],"author":[{"embeddable":true,"href":"https:\/\/www.deberes.net\/tesis\/wp-json\/wp\/v2\/users\/1"}],"replies":[{"embeddable":true,"href":"https:\/\/www.deberes.net\/tesis\/wp-json\/wp\/v2\/comments?post=97779"}],"version-history":[{"count":0,"href":"https:\/\/www.deberes.net\/tesis\/wp-json\/wp\/v2\/posts\/97779\/revisions"}],"wp:attachment":[{"href":"https:\/\/www.deberes.net\/tesis\/wp-json\/wp\/v2\/media?parent=97779"}],"wp:term":[{"taxonomy":"category","embeddable":true,"href":"https:\/\/www.deberes.net\/tesis\/wp-json\/wp\/v2\/categories?post=97779"},{"taxonomy":"post_tag","embeddable":true,"href":"https:\/\/www.deberes.net\/tesis\/wp-json\/wp\/v2\/tags?post=97779"}],"curies":[{"name":"wp","href":"https:\/\/api.w.org\/{rel}","templated":true}]}}