{"id":97814,"date":"2009-10-12T00:00:00","date_gmt":"2009-10-12T00:00:00","guid":{"rendered":"https:\/\/www.deberes.net\/tesis\/sin-categoria\/musics-cants-i-balls-a-la-conca-de-barbera-les-agrupacions-corals-i-instrumentals-entre-1844-i-1979\/"},"modified":"2009-10-12T00:00:00","modified_gmt":"2009-10-12T00:00:00","slug":"musics-cants-i-balls-a-la-conca-de-barbera-les-agrupacions-corals-i-instrumentals-entre-1844-i-1979","status":"publish","type":"post","link":"https:\/\/www.deberes.net\/tesis\/historia-de-la-musica\/musics-cants-i-balls-a-la-conca-de-barbera-les-agrupacions-corals-i-instrumentals-entre-1844-i-1979\/","title":{"rendered":"M\u00fasics, cants i balls a la conca de barber\u00c1\u00a0. les agrupacions corals i instrumentals entre 1844 i 1979"},"content":{"rendered":"<h2>Tesis doctoral de <strong> N\u00faria Medrano Torres <\/strong><\/h2>\n<p>El principal objetivo de la tesis es describir, analizar e interpretar las agrupaciones musicales y corales entre el 1844 y el 1979 en la zona sur de la comarca administrativa de la conca de barber\u00ed\u00a0, en la prov\u00edncia de tarragona. Para ello se ha realizado un estudio pormenorizado de cada una de las orquestas, bandas, coros y orfeones, contextualizando la informaci\u00f3n en el momento hist\u00f3rico y social, sin olvidar todos los aspectos coet\u00e1neos que influ\u00edan en los hechos musicales de dicho territorio.  gracias a ello se ha podido elaborar una aproximaci\u00f3n hist\u00f3rica a los m\u00fasicos y grupos corales que, de manera local y\/o comarcal, amenizaban y participavan en los actos m\u00e1s importantes del ciclo festivo, en un estudio de car\u00e1cter totalmente in\u00e9dito, ya que hasta el momento no hab\u00eda ning\u00fan trabajo sobre esta tem\u00e1tica en esta zona y gracias al cual damos a conocer valuosa documentaci\u00f3n tambi\u00e9n in\u00e9dita.<\/p>\n<p>&nbsp;<\/p>\n<h3>Datos acad\u00e9micos de la tesis doctoral \u00ab<strong>M\u00fasics, cants i balls a la conca de barber\u00c1\u00a0. les agrupacions corals i instrumentals entre 1844 i 1979<\/strong>\u00ab<\/h3>\n<ul>\n<li><strong>T\u00edtulo de la tesis:<\/strong>\u00a0 M\u00fasics, cants i balls a la conca de barber\u00c1\u00a0. les agrupacions corals i instrumentals entre 1844 i 1979 <\/li>\n<li><strong>Autor:<\/strong>\u00a0 N\u00faria Medrano Torres <\/li>\n<li><strong>Universidad:<\/strong>\u00a0 Aut\u00f3noma de barcelona<\/li>\n<li><strong>Fecha de lectura de la tesis:<\/strong>\u00a0 10\/12\/2009<\/li>\n<\/ul>\n<p>&nbsp;<\/p>\n<h3>Direcci\u00f3n y tribunal<\/h3>\n<ul>\n<li><strong>Director de la tesis<\/strong>\n<ul>\n<li>Jaume Ayats Abey?<\/li>\n<\/ul>\n<\/li>\n<li><strong>Tribunal<\/strong>\n<ul>\n<li>Presidente del tribunal: m. josepa Roma riu <\/li>\n<li>eugeni Perea simon (vocal)<\/li>\n<li>silvia Mart\u00ednez Garc\u00eda (vocal)<\/li>\n<li>xavier Ferre trill (vocal)<\/li>\n<\/ul>\n<\/li>\n<\/ul>\n<p>&nbsp;<\/p>\n","protected":false},"excerpt":{"rendered":"<p>Tesis doctoral de N\u00faria Medrano Torres El principal objetivo de la tesis es describir, analizar e interpretar las agrupaciones musicales [&hellip;]<\/p>\n","protected":false},"author":1,"featured_media":0,"comment_status":"open","ping_status":"open","sticky":false,"template":"","format":"standard","meta":{"site-sidebar-layout":"default","site-content-layout":"","ast-site-content-layout":"","site-content-style":"default","site-sidebar-style":"default","ast-global-header-display":"","ast-banner-title-visibility":"","ast-main-header-display":"","ast-hfb-above-header-display":"","ast-hfb-below-header-display":"","ast-hfb-mobile-header-display":"","site-post-title":"","ast-breadcrumbs-content":"","ast-featured-img":"","footer-sml-layout":"","theme-transparent-header-meta":"","adv-header-id-meta":"","stick-header-meta":"","header-above-stick-meta":"","header-main-stick-meta":"","header-below-stick-meta":"","astra-migrate-meta-layouts":"default","ast-page-background-enabled":"default","ast-page-background-meta":{"desktop":{"background-color":"var(--ast-global-color-4)","background-image":"","background-repeat":"repeat","background-position":"center center","background-size":"auto","background-attachment":"scroll","background-type":"","background-media":"","overlay-type":"","overlay-color":"","overlay-gradient":""},"tablet":{"background-color":"","background-image":"","background-repeat":"repeat","background-position":"center center","background-size":"auto","background-attachment":"scroll","background-type":"","background-media":"","overlay-type":"","overlay-color":"","overlay-gradient":""},"mobile":{"background-color":"","background-image":"","background-repeat":"repeat","background-position":"center center","background-size":"auto","background-attachment":"scroll","background-type":"","background-media":"","overlay-type":"","overlay-color":"","overlay-gradient":""}},"ast-content-background-meta":{"desktop":{"background-color":"var(--ast-global-color-5)","background-image":"","background-repeat":"repeat","background-position":"center center","background-size":"auto","background-attachment":"scroll","background-type":"","background-media":"","overlay-type":"","overlay-color":"","overlay-gradient":""},"tablet":{"background-color":"var(--ast-global-color-5)","background-image":"","background-repeat":"repeat","background-position":"center center","background-size":"auto","background-attachment":"scroll","background-type":"","background-media":"","overlay-type":"","overlay-color":"","overlay-gradient":""},"mobile":{"background-color":"var(--ast-global-color-5)","background-image":"","background-repeat":"repeat","background-position":"center center","background-size":"auto","background-attachment":"scroll","background-type":"","background-media":"","overlay-type":"","overlay-color":"","overlay-gradient":""}},"footnotes":""},"categories":[38485,7632,9132],"tags":[164943,148105,200271,200270,200272,61470],"class_list":["post-97814","post","type-post","status-publish","format-standard","hentry","category-etnomusicologia","category-historia-de-la-musica","category-musica-y-musicologia","tag-eugeni-perea-simon","tag-jaume-ayats-abey","tag-m-josepa-roma-riu","tag-nuria-medrano-torres","tag-silvia-Martinez-garcia","tag-xavier-ferre-trill"],"_links":{"self":[{"href":"https:\/\/www.deberes.net\/tesis\/wp-json\/wp\/v2\/posts\/97814","targetHints":{"allow":["GET"]}}],"collection":[{"href":"https:\/\/www.deberes.net\/tesis\/wp-json\/wp\/v2\/posts"}],"about":[{"href":"https:\/\/www.deberes.net\/tesis\/wp-json\/wp\/v2\/types\/post"}],"author":[{"embeddable":true,"href":"https:\/\/www.deberes.net\/tesis\/wp-json\/wp\/v2\/users\/1"}],"replies":[{"embeddable":true,"href":"https:\/\/www.deberes.net\/tesis\/wp-json\/wp\/v2\/comments?post=97814"}],"version-history":[{"count":0,"href":"https:\/\/www.deberes.net\/tesis\/wp-json\/wp\/v2\/posts\/97814\/revisions"}],"wp:attachment":[{"href":"https:\/\/www.deberes.net\/tesis\/wp-json\/wp\/v2\/media?parent=97814"}],"wp:term":[{"taxonomy":"category","embeddable":true,"href":"https:\/\/www.deberes.net\/tesis\/wp-json\/wp\/v2\/categories?post=97814"},{"taxonomy":"post_tag","embeddable":true,"href":"https:\/\/www.deberes.net\/tesis\/wp-json\/wp\/v2\/tags?post=97814"}],"curies":[{"name":"wp","href":"https:\/\/api.w.org\/{rel}","templated":true}]}}