{"id":97914,"date":"2009-11-12T00:00:00","date_gmt":"2009-11-12T00:00:00","guid":{"rendered":"https:\/\/www.deberes.net\/tesis\/sin-categoria\/pintores-y-cultura-arta%c2%adstica-en-borja-zaragoza-entre-los-siglos-xix-y-xx\/"},"modified":"2009-11-12T00:00:00","modified_gmt":"2009-11-12T00:00:00","slug":"pintores-y-cultura-arta%c2%adstica-en-borja-zaragoza-entre-los-siglos-xix-y-xx","status":"publish","type":"post","link":"https:\/\/www.deberes.net\/tesis\/historia-del-arte-de-los-siglos-xix-y-xx\/pintores-y-cultura-arta%c2%adstica-en-borja-zaragoza-entre-los-siglos-xix-y-xx\/","title":{"rendered":"Pintores y cultura art\u00edstica en borja (zaragoza) entre los siglos xix y xx"},"content":{"rendered":"<h2>Tesis doctoral de <strong> Juan  Carlos Mart\u00ednez Calahorra <\/strong><\/h2>\n<p>Pintores y cultura art\u00edstica en borja (zargoza) entre el siglo xix y el xx  la presente tesis desea demostrar que la pintura desarrollada en la ciudad de borja (zaragoza) es un f\u00e9rtil campo de an\u00e1lisis que complementa los estudios ya existentes sobre la pintura aragonesa de estas d\u00e9cadas, la cual carece todav\u00eda de una visi\u00f3n global que establezca la aut\u00e9ntica dimensi\u00f3n de la pintura de esta \u00e9poca en arag\u00f3n, que bien podr\u00edamos circunscribir a la realizada en zaragoza. La tesis se estructura en torno a cinco puntos:  1.\tContexto de la pintura en zaragoza en el cambio de siglo (xix-xx) an\u00e1lisis de la situaci\u00f3n del arte en zaragoza a trav\u00e9s de un estudio del marco sociocultural, el sistema de formaci\u00f3n de los artistas, los acontecimientos singulares que ocurrieron en este periodo, y principales representantes de la pintura aragonesa.  2.\tBorja, un centro de creaci\u00f3n art\u00edstica a caballo entre dos siglos estudio del ambiente cultural que se viv\u00eda en borja durante el periodo que nos ocupa, realizando un an\u00e1lisis de la pintura que se pod\u00eda conocer o hacer, la cual presentaba un lenguaje pict\u00f3rico convencional y anticuado que podemos situarlo dentro del academicismo m\u00e1s estricto.   3.\tBaltasar gonz\u00e1lez ferr\u00e1ndez (1861-1936) se trata de la figura m\u00e1s representativa de la pl\u00e1stica desarrollada en borja en estos momentos, de manera que su estudio constituye el cuerpo central de la presente investigaci\u00f3n. Hay que destacar, adem\u00e1s de la realizaci\u00f3n de su estudio biogr\u00e1fico, la catalogaci\u00f3n de cuatrocientas treinta y tres obras, constituyendo la recopilaci\u00f3n m\u00e1s amplia realizada de su obra, hecho que nos permite obtener las conclusiones necesarias para determinar realmente el valor art\u00edstico de baltasar gonz\u00e1lez en el \u00e1mbito de la pintura aragonesa.  4.\tJuan \u00e1ngel g\u00f3mez alarc\u00f3n (1882-1971) junto a la figura de baltasar gonz\u00e1lez se ha hecho necesario resaltar otra figura important\u00edsima para la cultura borjana de finales del xix y principios del xx: el pintor y juez de instrucci\u00f3n juan \u00e1ngel g\u00f3mez alarc\u00f3n, el cual a pesar de permanecer en esta ciudad por un escaso periodo de cuatro a\u00f1os, dej\u00f3 una aportaci\u00f3n de inestimable valor, ya que trajo consigo las nuevas corrientes art\u00edsticas inyectando en la pintura local un impulso de modernidad.  5.\tOtros pintores en borja completan el panorama art\u00edstico: manuel san gil y villanueva, manuel urchaga tabuenca, laureano ruiz s\u00e1nchez, adolfo gracia y joaqu\u00edn tejero rem\u00f3n, todos ellos con una repercusi\u00f3n que si bien podemos considerar de segundo orden, no se les puede negar su aportaci\u00f3n en el ambiente art\u00edstico existente en borja en el periodo que nos ocupa.  se acompa\u00f1a la tesis de un ap\u00e9ndice que recoge y cataloga la obra pict\u00f3rica y po\u00e9tica de baltasar gonz\u00e1lez ferr\u00e1ndez (433 obras art\u00edsticas y 68 composiciones po\u00e9ticas) y de juan \u00e1ngel g\u00f3mez alarc\u00f3n (37 obras art\u00edsticas y 16 relatos breves).<\/p>\n<p>&nbsp;<\/p>\n<h3>Datos acad\u00e9micos de la tesis doctoral \u00ab<strong>Pintores y cultura art\u00edstica en borja (zaragoza) entre los siglos xix y xx<\/strong>\u00ab<\/h3>\n<ul>\n<li><strong>T\u00edtulo de la tesis:<\/strong>\u00a0 Pintores y cultura art\u00edstica en borja (zaragoza) entre los siglos xix y xx <\/li>\n<li><strong>Autor:<\/strong>\u00a0 Juan  Carlos Mart\u00ednez Calahorra <\/li>\n<li><strong>Universidad:<\/strong>\u00a0 Polit\u00e9cnica de Valencia<\/li>\n<li><strong>Fecha de lectura de la tesis:<\/strong>\u00a0 11\/12\/2009<\/li>\n<\/ul>\n<p>&nbsp;<\/p>\n<h3>Direcci\u00f3n y tribunal<\/h3>\n<ul>\n<li><strong>Director de la tesis<\/strong>\n<ul>\n<li>Joan Ignasi Aliaga Morell<\/li>\n<\/ul>\n<\/li>\n<li><strong>Tribunal<\/strong>\n<ul>\n<li>Presidente del tribunal: gerardo P\u00e9rez calero <\/li>\n<li>Jos\u00e9 Antonio Hern\u00e1ndez latas (vocal)<\/li>\n<li>joan carles Gomis corell (vocal)<\/li>\n<li>Jes\u00fas pedro Lorente lorente (vocal)<\/li>\n<\/ul>\n<\/li>\n<\/ul>\n<p>&nbsp;<\/p>\n","protected":false},"excerpt":{"rendered":"<p>Tesis doctoral de Juan Carlos Mart\u00ednez Calahorra Pintores y cultura art\u00edstica en borja (zargoza) entre el siglo xix y el [&hellip;]<\/p>\n","protected":false},"author":1,"featured_media":0,"comment_status":"open","ping_status":"open","sticky":false,"template":"","format":"standard","meta":{"site-sidebar-layout":"default","site-content-layout":"","ast-site-content-layout":"","site-content-style":"default","site-sidebar-style":"default","ast-global-header-display":"","ast-banner-title-visibility":"","ast-main-header-display":"","ast-hfb-above-header-display":"","ast-hfb-below-header-display":"","ast-hfb-mobile-header-display":"","site-post-title":"","ast-breadcrumbs-content":"","ast-featured-img":"","footer-sml-layout":"","theme-transparent-header-meta":"","adv-header-id-meta":"","stick-header-meta":"","header-above-stick-meta":"","header-main-stick-meta":"","header-below-stick-meta":"","astra-migrate-meta-layouts":"default","ast-page-background-enabled":"default","ast-page-background-meta":{"desktop":{"background-color":"var(--ast-global-color-4)","background-image":"","background-repeat":"repeat","background-position":"center center","background-size":"auto","background-attachment":"scroll","background-type":"","background-media":"","overlay-type":"","overlay-color":"","overlay-gradient":""},"tablet":{"background-color":"","background-image":"","background-repeat":"repeat","background-position":"center center","background-size":"auto","background-attachment":"scroll","background-type":"","background-media":"","overlay-type":"","overlay-color":"","overlay-gradient":""},"mobile":{"background-color":"","background-image":"","background-repeat":"repeat","background-position":"center center","background-size":"auto","background-attachment":"scroll","background-type":"","background-media":"","overlay-type":"","overlay-color":"","overlay-gradient":""}},"ast-content-background-meta":{"desktop":{"background-color":"var(--ast-global-color-5)","background-image":"","background-repeat":"repeat","background-position":"center center","background-size":"auto","background-attachment":"scroll","background-type":"","background-media":"","overlay-type":"","overlay-color":"","overlay-gradient":""},"tablet":{"background-color":"var(--ast-global-color-5)","background-image":"","background-repeat":"repeat","background-position":"center center","background-size":"auto","background-attachment":"scroll","background-type":"","background-media":"","overlay-type":"","overlay-color":"","overlay-gradient":""},"mobile":{"background-color":"var(--ast-global-color-5)","background-image":"","background-repeat":"repeat","background-position":"center center","background-size":"auto","background-attachment":"scroll","background-type":"","background-media":"","overlay-type":"","overlay-color":"","overlay-gradient":""}},"footnotes":""},"categories":[2563,16820],"tags":[22983,200440,200439,146709,200438,200437],"class_list":["post-97914","post","type-post","status-publish","format-standard","hentry","category-historia-del-arte-de-los-siglos-xix-y-xx","category-politecnica-de-valencia","tag-gerardo-perez-calero","tag-jesus-pedro-lorente-lorente","tag-joan-carles-gomis-corell","tag-joan-ignasi-aliaga-morell","tag-jose-antonio-hernandez-latas","tag-juan-carlos-Martinez-calahorra"],"_links":{"self":[{"href":"https:\/\/www.deberes.net\/tesis\/wp-json\/wp\/v2\/posts\/97914","targetHints":{"allow":["GET"]}}],"collection":[{"href":"https:\/\/www.deberes.net\/tesis\/wp-json\/wp\/v2\/posts"}],"about":[{"href":"https:\/\/www.deberes.net\/tesis\/wp-json\/wp\/v2\/types\/post"}],"author":[{"embeddable":true,"href":"https:\/\/www.deberes.net\/tesis\/wp-json\/wp\/v2\/users\/1"}],"replies":[{"embeddable":true,"href":"https:\/\/www.deberes.net\/tesis\/wp-json\/wp\/v2\/comments?post=97914"}],"version-history":[{"count":0,"href":"https:\/\/www.deberes.net\/tesis\/wp-json\/wp\/v2\/posts\/97914\/revisions"}],"wp:attachment":[{"href":"https:\/\/www.deberes.net\/tesis\/wp-json\/wp\/v2\/media?parent=97914"}],"wp:term":[{"taxonomy":"category","embeddable":true,"href":"https:\/\/www.deberes.net\/tesis\/wp-json\/wp\/v2\/categories?post=97914"},{"taxonomy":"post_tag","embeddable":true,"href":"https:\/\/www.deberes.net\/tesis\/wp-json\/wp\/v2\/tags?post=97914"}],"curies":[{"name":"wp","href":"https:\/\/api.w.org\/{rel}","templated":true}]}}