{"id":97944,"date":"2009-11-12T00:00:00","date_gmt":"2009-11-12T00:00:00","guid":{"rendered":"https:\/\/www.deberes.net\/tesis\/sin-categoria\/los-plazos-en-el-proceso-de-despido-disciplinario\/"},"modified":"2009-11-12T00:00:00","modified_gmt":"2009-11-12T00:00:00","slug":"los-plazos-en-el-proceso-de-despido-disciplinario","status":"publish","type":"post","link":"https:\/\/www.deberes.net\/tesis\/derecho-del-trabajo-y-de-la-seguridad-social\/los-plazos-en-el-proceso-de-despido-disciplinario\/","title":{"rendered":"Los plazos en el proceso de despido disciplinario"},"content":{"rendered":"<h2>Tesis doctoral de <strong> Franciso Javier San Mart\u00edn Rodr\u00edguez <\/strong><\/h2>\n<p>La memoria de tesis doctoral analiza el proceso especial de despido desde la peculiar perspectiva de los plazos procesales. Desde este punto de vista es evidente que en la impugnaci\u00f3n del despido, el transcurso del tiempo juega un papel trascendental que no puede ser soslayado: desde los veinte d\u00edas de que dispone el trabajador para ejercitar la acci\u00f3n, hasta los breves y muy precisos t\u00e9rminos establecidos en la ley de procedimiento laboral.  la originalidad de la tesis reside, precisamente, en presentar el tantas veces estudiado proceso especial de despido disciplinario desde una perspectiva puramente temporal en donde cobran sentido pleno algunas de las instituciones reguladas en la ley: la posibilidad de ejercer un segundo despido, la viabilidad de optar entre la readmisi\u00f3n o la indemnizaci\u00f3n en los casos de despido improcedente.  el an\u00e1lisis se efect\u00faa desde un punto de vista amplio, tanto del plazo (sustantivo) de caducidad para el ejercicio de la acci\u00f3n, como los plazos (procesales) previstos en la ley de ritos social, ya en fase cognitiva, ya en v\u00eda de recurso, ya durante la ejecuci\u00f3n de sentencias.<\/p>\n<p>&nbsp;<\/p>\n<h3>Datos acad\u00e9micos de la tesis doctoral \u00ab<strong>Los plazos en el proceso de despido disciplinario<\/strong>\u00ab<\/h3>\n<ul>\n<li><strong>T\u00edtulo de la tesis:<\/strong>\u00a0 Los plazos en el proceso de despido disciplinario <\/li>\n<li><strong>Autor:<\/strong>\u00a0 Franciso Javier San Mart\u00edn Rodr\u00edguez <\/li>\n<li><strong>Universidad:<\/strong>\u00a0 Le\u00f3n<\/li>\n<li><strong>Fecha de lectura de la tesis:<\/strong>\u00a0 11\/12\/2009<\/li>\n<\/ul>\n<p>&nbsp;<\/p>\n<h3>Direcci\u00f3n y tribunal<\/h3>\n<ul>\n<li><strong>Director de la tesis<\/strong>\n<ul>\n<li>Juan  Jos\u00e9 Fern\u00e1ndez Dom\u00ednguez<\/li>\n<\/ul>\n<\/li>\n<li><strong>Tribunal<\/strong>\n<ul>\n<li>Presidente del tribunal: germ\u00e1n jos\u00e9 Barreiro gonz\u00e1lez <\/li>\n<li>Jos\u00e9 Luis Go\u00f1i se\u00edn (vocal)<\/li>\n<li>Alberto Arufe varela (vocal)<\/li>\n<li>Jes\u00fas Mart\u00ednez gir\u00f3n (vocal)<\/li>\n<\/ul>\n<\/li>\n<\/ul>\n<p>&nbsp;<\/p>\n","protected":false},"excerpt":{"rendered":"<p>Tesis doctoral de Franciso Javier San Mart\u00edn Rodr\u00edguez La memoria de tesis doctoral analiza el proceso especial de despido desde [&hellip;]<\/p>\n","protected":false},"author":1,"featured_media":0,"comment_status":"open","ping_status":"open","sticky":false,"template":"","format":"standard","meta":{"site-sidebar-layout":"default","site-content-layout":"","ast-site-content-layout":"","site-content-style":"default","site-sidebar-style":"default","ast-global-header-display":"","ast-banner-title-visibility":"","ast-main-header-display":"","ast-hfb-above-header-display":"","ast-hfb-below-header-display":"","ast-hfb-mobile-header-display":"","site-post-title":"","ast-breadcrumbs-content":"","ast-featured-img":"","footer-sml-layout":"","theme-transparent-header-meta":"","adv-header-id-meta":"","stick-header-meta":"","header-above-stick-meta":"","header-main-stick-meta":"","header-below-stick-meta":"","astra-migrate-meta-layouts":"default","ast-page-background-enabled":"default","ast-page-background-meta":{"desktop":{"background-color":"var(--ast-global-color-4)","background-image":"","background-repeat":"repeat","background-position":"center center","background-size":"auto","background-attachment":"scroll","background-type":"","background-media":"","overlay-type":"","overlay-color":"","overlay-gradient":""},"tablet":{"background-color":"","background-image":"","background-repeat":"repeat","background-position":"center center","background-size":"auto","background-attachment":"scroll","background-type":"","background-media":"","overlay-type":"","overlay-color":"","overlay-gradient":""},"mobile":{"background-color":"","background-image":"","background-repeat":"repeat","background-position":"center center","background-size":"auto","background-attachment":"scroll","background-type":"","background-media":"","overlay-type":"","overlay-color":"","overlay-gradient":""}},"ast-content-background-meta":{"desktop":{"background-color":"var(--ast-global-color-5)","background-image":"","background-repeat":"repeat","background-position":"center center","background-size":"auto","background-attachment":"scroll","background-type":"","background-media":"","overlay-type":"","overlay-color":"","overlay-gradient":""},"tablet":{"background-color":"var(--ast-global-color-5)","background-image":"","background-repeat":"repeat","background-position":"center center","background-size":"auto","background-attachment":"scroll","background-type":"","background-media":"","overlay-type":"","overlay-color":"","overlay-gradient":""},"mobile":{"background-color":"var(--ast-global-color-5)","background-image":"","background-repeat":"repeat","background-position":"center center","background-size":"auto","background-attachment":"scroll","background-type":"","background-media":"","overlay-type":"","overlay-color":"","overlay-gradient":""}},"footnotes":""},"categories":[2170,4430],"tags":[136176,200498,31978,5170,32492,37202],"class_list":["post-97944","post","type-post","status-publish","format-standard","hentry","category-derecho-del-trabajo-y-de-la-seguridad-social","category-leon","tag-alberto-arufe-varela","tag-franciso-javier-san-martin-rodriguez","tag-german-jose-barreiro-gonzalez","tag-jesus-Martinez-giron","tag-jose-luis-goni-sein","tag-juan-jose-fernandez-dominguez"],"_links":{"self":[{"href":"https:\/\/www.deberes.net\/tesis\/wp-json\/wp\/v2\/posts\/97944","targetHints":{"allow":["GET"]}}],"collection":[{"href":"https:\/\/www.deberes.net\/tesis\/wp-json\/wp\/v2\/posts"}],"about":[{"href":"https:\/\/www.deberes.net\/tesis\/wp-json\/wp\/v2\/types\/post"}],"author":[{"embeddable":true,"href":"https:\/\/www.deberes.net\/tesis\/wp-json\/wp\/v2\/users\/1"}],"replies":[{"embeddable":true,"href":"https:\/\/www.deberes.net\/tesis\/wp-json\/wp\/v2\/comments?post=97944"}],"version-history":[{"count":0,"href":"https:\/\/www.deberes.net\/tesis\/wp-json\/wp\/v2\/posts\/97944\/revisions"}],"wp:attachment":[{"href":"https:\/\/www.deberes.net\/tesis\/wp-json\/wp\/v2\/media?parent=97944"}],"wp:term":[{"taxonomy":"category","embeddable":true,"href":"https:\/\/www.deberes.net\/tesis\/wp-json\/wp\/v2\/categories?post=97944"},{"taxonomy":"post_tag","embeddable":true,"href":"https:\/\/www.deberes.net\/tesis\/wp-json\/wp\/v2\/tags?post=97944"}],"curies":[{"name":"wp","href":"https:\/\/api.w.org\/{rel}","templated":true}]}}