{"id":97972,"date":"2018-03-11T10:18:40","date_gmt":"2018-03-11T10:18:40","guid":{"rendered":"https:\/\/www.deberes.net\/tesis\/sin-categoria\/la-produccio-de-victor-legley\/"},"modified":"2018-03-11T10:18:40","modified_gmt":"2018-03-11T10:18:40","slug":"la-produccio-de-victor-legley","status":"publish","type":"post","link":"https:\/\/www.deberes.net\/tesis\/musica-y-musicologia\/la-produccio-de-victor-legley\/","title":{"rendered":"La producci\u00f3 de victor legley"},"content":{"rendered":"<h2>Tesis doctoral de <strong> Ronald Joseph Martha De Roeck <\/strong><\/h2>\n<p>La tesis trata, fundamentalmente, de la producci\u00f3n del compositor y pensador belga victor legley, nacido en hazebroeck, el 18 de junio de 1915 y fallecido a oostende, el 28 de noviembre de 1994.    legley estuvo vinculado profesionalmente a la radio nacional belga (nir\/inr  y despu\u00e9s brt ) de 1936 a 1976; hasta 1947, como viola en la groot symfonie orkest, la orquesta sinf\u00f3nica de la nir\/inr, despu\u00e9s, como productor y, finalmente, a partir de 1962, como jefe de la \u00abm\u00fasica seria\u00bb y de la tercera emisora de la radio nacional.  Fue profesor de armon\u00eda y de composici\u00f3n del real conservatorio de bruselas, de 1949 a 1970 de armon\u00eda, y de 1970 a 1977 de composici\u00f3n. Tambi\u00e9n fue profesor de an\u00e1lisis musical y composici\u00f3n de la capilla de m\u00fasica reina elisabeth de b\u00e9lgica, de 1956 a 1979.  como pensador, legley insiste en la necesidad de que el compositor componga una m\u00fasica moderna, contempor\u00e1nea, surgida de la b\u00fasqueda de la belleza y que conecte con la tradici\u00f3n y el p\u00fablico.  Se\u00f1ala la responsabilidad de los organizadores de festivales, que son, actualmente, un v\u00ednculo inevitable entre compositor, int\u00e9rprete y p\u00fablico, y denuncia que los organizadores se limitan a promocionar a unas pocas estrellas y no se interesan por la m\u00fasica actual ni por los m\u00fasicos actuales.  Eval\u00faa los nuevos medios de comunicaci\u00f3n y advierte que la comercializaci\u00f3n y la propaganda est\u00e1n invadiendo y controlando nuestra vida.  Destacamos sus ponencias sobre la m\u00fasica dodecaf\u00f3nica, las tendencias posteriores a la dodecafon\u00eda y las v\u00edas nuevas de la m\u00fasica, dictadas en el palacio de bellas artes de bruselas (1953-1954), sus discursos dedicados a los compositores belgas contempor\u00e1neas (1958-1969), y ocho art\u00edculos escritos en calidad de miembro de la real academia de ciencia, letras y bellas artes de b\u00e9lgica: m\u00fasica i radio (1967), aspectos actuales del aprendizaje de la composici\u00f3n (1970), m\u00fasica i tradici\u00f3n (1974), m\u00fasica contempor\u00e1nea (1976), m\u00fasica i propaganda (1978), \u00c2\u00bfpara quien componemos? (1981), ant\u00edpodas musicales (1983) y los derechos de autor a la deriva (1987).    en la tesis se ha elaborado una lista sistem\u00e1tica y un extenso cat\u00e1logo tem\u00e1tico y comentado de la producci\u00f3n compositora de legley, que cuenta con 138 composiciones: m\u00fasica para orquesta sinf\u00f3nica, banda profesional o orquesta de c\u00e1mara (8 sinfon\u00edas, oberturas, esbozos sinf\u00f3nicos, conciertos con solista&#8230;), M\u00fasica de c\u00e1mara (para 13, 9, 6, 4, 3 y 2 instrumentos, incluyendo 5 cuartetos de cuerda), m\u00fasica vocal (incluyendo una \u00f3pera, m\u00fasica coral y ciclos de lieder)&#8230;  se han analizado algunas composiciones representativas de esta extensa producci\u00f3n y se han establecido las caracter\u00edsticas y el estilo de las obras de legley: se trata de composiciones tonales (a veces bitonales o politonales, frecuentemente con una modalidad ampliada); tienen siempre una base harm\u00f3nica (mayoritariamente disonante, modulante, pero con uso de las funciones tonales); cuentan con un uso h\u00edbrido del ritmo (al mezclar ritmos convencionales con ritmos irregulares); cuentan generalmente con cambios de comp\u00e1s; han sido elaboradas mediante un trabajo tem\u00e1tico intenso (utilizando el contrapunto y alguna vez las posibilidades tem\u00e1ticas de la serie dodecaf\u00f3nica); la melod\u00eda surge bas\u00e1ndose en unas c\u00e9lulas tem\u00e1ticas; las indicaciones interpretativas son abundantes y exigen una interpretaci\u00f3n sensible y bella.  Finalmente, se ha podido clasificar la producci\u00f3n compositora de legley como neo-clasicista con influencias del expresionismo.<\/p>\n<p>&nbsp;<\/p>\n<h3>Datos acad\u00e9micos de la tesis doctoral \u00ab<strong>La producci\u00f3 de victor legley<\/strong>\u00ab<\/h3>\n<ul>\n<li><strong>T\u00edtulo de la tesis:<\/strong>\u00a0 La producci\u00f3 de victor legley <\/li>\n<li><strong>Autor:<\/strong>\u00a0 Ronald Joseph Martha De Roeck <\/li>\n<li><strong>Universidad:<\/strong>\u00a0 Aut\u00f3noma de barcelona<\/li>\n<li><strong>Fecha de lectura de la tesis:<\/strong>\u00a0 14\/12\/2009<\/li>\n<\/ul>\n<p>&nbsp;<\/p>\n<h3>Direcci\u00f3n y tribunal<\/h3>\n<ul>\n<li><strong>Director de la tesis<\/strong>\n<ul>\n<li>Francesc Cort\u00e9s Mir<\/li>\n<\/ul>\n<\/li>\n<li><strong>Tribunal<\/strong>\n<ul>\n<li>Presidente del tribunal: ramon Sobrino sanchez <\/li>\n<li>Antonio Ezquerro esteban (vocal)<\/li>\n<li>  (vocal)<\/li>\n<li>  (vocal)<\/li>\n<\/ul>\n<\/li>\n<\/ul>\n<p>&nbsp;<\/p>\n","protected":false},"excerpt":{"rendered":"<p>Tesis doctoral de Ronald Joseph Martha De Roeck La tesis trata, fundamentalmente, de la producci\u00f3n del compositor y pensador belga [&hellip;]<\/p>\n","protected":false},"author":1,"featured_media":0,"comment_status":"open","ping_status":"open","sticky":false,"template":"","format":"standard","meta":{"site-sidebar-layout":"default","site-content-layout":"","ast-site-content-layout":"","site-content-style":"default","site-sidebar-style":"default","ast-global-header-display":"","ast-banner-title-visibility":"","ast-main-header-display":"","ast-hfb-above-header-display":"","ast-hfb-below-header-display":"","ast-hfb-mobile-header-display":"","site-post-title":"","ast-breadcrumbs-content":"","ast-featured-img":"","footer-sml-layout":"","theme-transparent-header-meta":"","adv-header-id-meta":"","stick-header-meta":"","header-above-stick-meta":"","header-main-stick-meta":"","header-below-stick-meta":"","astra-migrate-meta-layouts":"default","ast-page-background-enabled":"default","ast-page-background-meta":{"desktop":{"background-color":"var(--ast-global-color-4)","background-image":"","background-repeat":"repeat","background-position":"center center","background-size":"auto","background-attachment":"scroll","background-type":"","background-media":"","overlay-type":"","overlay-color":"","overlay-gradient":""},"tablet":{"background-color":"","background-image":"","background-repeat":"repeat","background-position":"center center","background-size":"auto","background-attachment":"scroll","background-type":"","background-media":"","overlay-type":"","overlay-color":"","overlay-gradient":""},"mobile":{"background-color":"","background-image":"","background-repeat":"repeat","background-position":"center center","background-size":"auto","background-attachment":"scroll","background-type":"","background-media":"","overlay-type":"","overlay-color":"","overlay-gradient":""}},"ast-content-background-meta":{"desktop":{"background-color":"var(--ast-global-color-5)","background-image":"","background-repeat":"repeat","background-position":"center center","background-size":"auto","background-attachment":"scroll","background-type":"","background-media":"","overlay-type":"","overlay-color":"","overlay-gradient":""},"tablet":{"background-color":"var(--ast-global-color-5)","background-image":"","background-repeat":"repeat","background-position":"center center","background-size":"auto","background-attachment":"scroll","background-type":"","background-media":"","overlay-type":"","overlay-color":"","overlay-gradient":""},"mobile":{"background-color":"var(--ast-global-color-5)","background-image":"","background-repeat":"repeat","background-position":"center center","background-size":"auto","background-attachment":"scroll","background-type":"","background-media":"","overlay-type":"","overlay-color":"","overlay-gradient":""}},"footnotes":""},"categories":[9132],"tags":[82355,13803,13805,200546],"class_list":["post-97972","post","type-post","status-publish","format-standard","hentry","category-musica-y-musicologia","tag-antonio-ezquerro-esteban","tag-francesc-cortes-mir","tag-ramon-sobrino-sanchez","tag-ronald-joseph-martha-de-roeck"],"_links":{"self":[{"href":"https:\/\/www.deberes.net\/tesis\/wp-json\/wp\/v2\/posts\/97972","targetHints":{"allow":["GET"]}}],"collection":[{"href":"https:\/\/www.deberes.net\/tesis\/wp-json\/wp\/v2\/posts"}],"about":[{"href":"https:\/\/www.deberes.net\/tesis\/wp-json\/wp\/v2\/types\/post"}],"author":[{"embeddable":true,"href":"https:\/\/www.deberes.net\/tesis\/wp-json\/wp\/v2\/users\/1"}],"replies":[{"embeddable":true,"href":"https:\/\/www.deberes.net\/tesis\/wp-json\/wp\/v2\/comments?post=97972"}],"version-history":[{"count":0,"href":"https:\/\/www.deberes.net\/tesis\/wp-json\/wp\/v2\/posts\/97972\/revisions"}],"wp:attachment":[{"href":"https:\/\/www.deberes.net\/tesis\/wp-json\/wp\/v2\/media?parent=97972"}],"wp:term":[{"taxonomy":"category","embeddable":true,"href":"https:\/\/www.deberes.net\/tesis\/wp-json\/wp\/v2\/categories?post=97972"},{"taxonomy":"post_tag","embeddable":true,"href":"https:\/\/www.deberes.net\/tesis\/wp-json\/wp\/v2\/tags?post=97972"}],"curies":[{"name":"wp","href":"https:\/\/api.w.org\/{rel}","templated":true}]}}