{"id":98001,"date":"2018-03-11T10:18:40","date_gmt":"2018-03-11T10:18:40","guid":{"rendered":"https:\/\/www.deberes.net\/tesis\/sin-categoria\/efecto-de-la-nanoarcilla-en-la-estructura-y-dinamica-del-caucho-natural\/"},"modified":"2018-03-11T10:18:40","modified_gmt":"2018-03-11T10:18:40","slug":"efecto-de-la-nanoarcilla-en-la-estructura-y-dinamica-del-caucho-natural","status":"publish","type":"post","link":"https:\/\/www.deberes.net\/tesis\/polimeros-compuestos\/efecto-de-la-nanoarcilla-en-la-estructura-y-dinamica-del-caucho-natural\/","title":{"rendered":"Efecto de la nanoarcilla en la estructura y dinamica del caucho natural"},"content":{"rendered":"<h2>Tesis doctoral de <strong> Javier Carretero Gonzalez <\/strong><\/h2>\n<p>Desde la aparici\u00f3n de los nanocomposites polim\u00e9ricos, constituidos por un pol\u00edmero y nanoparticulas de silicato laminar distribuidas homog\u00e9neamente a lo largo de dicha matriz, en la d\u00e9cada de los 90 por parte del grupo toyota y a consecuencia del inmediato avance cient\u00edfico llevado a cabo por grupos como el liderado por el prof. Emmanuel p. Giannelis de la universidad de cornell (eeuu), ha surgido un enorme inter\u00e9s en el desarrollo de este tipo de materiales debido a las excelentes propiedades que estos exhiben. La presencia de unas caracter\u00edsticas \u00fanicas y novedosas convierte a estos materiales en una alternativa real a los pl\u00e1sticos reforzados o materiales compuestos convencionales. De hecho, ya han comenzado a aplicarse en sectores tales como la automoci\u00f3n, envasado, aeron\u00e1utica o aeroespacial, si bien, esto \u00fanicamente constituye la punta del iceberg de la posible aplicaci\u00f3n que se espera de estos materiales en un futuro pr\u00f3ximo.  el objetivo de la tesis doctoral es entender el mecanismo de reforzamiento de nanopart\u00edculas basadas en silicatos laminares org\u00e1nicamente modificados en matrices elastom\u00e9ricas. Se observ\u00f3 que la incorporaci\u00f3n de peque\u00f1as cantidades de estas nanopart\u00edculas (5-10 % en peso) generaba materiales compuestos con propiedades mec\u00e1nicas (m\u00f3dulo y resistencia) similares a \u00e9sas observadas en materiales con un 40 % en peso de cargas convencionalmente usadas en el sector de los cauchos, como el negro de carbono o s\u00edlice precipitada, y con una considerable mejora de las propiedades el\u00e1sticas del material.  para poder explicar este comportamiento, es imprescindible establecer una correlaci\u00f3n entre las propiedades macrosc\u00f3picas del material y su microestructrura y din\u00e1mica, para lo cual se llevaron a cabo los siguientes estudios:  1. Se analiz\u00f3 el efecto de las nanopart\u00edculas sobre la red elastom\u00e9rica mediante resonancia magn\u00e9tica nuclear en estado s\u00f3lido. Se eval\u00fao la aplicaci\u00f3n del m\u00e9todo de doble-quanto a la determinaci\u00f3n cuantitativa de par\u00e1metros estructurales y din\u00e1micos de la red elastom\u00e9rica a partir de medidas de la constante de acoplamiento residual. Se emplearon tanto materiales vulcanizados como sin vulcanizar. A partir de los datos obtenidos y tras un protocolo de normalizaci\u00f3n y ajuste de los mismos, se calcularon los par\u00e1metros f\u00edsicos de la red elastom\u00e9rica, que nos ha permitido correlacionar la microestructura del material con sus propiedades macrosc\u00f3picas.   como conclusi\u00f3n del trabajo llevado a cabo se evidencio que el uso de nanoarcillas con diferentes caracter\u00edsticas qu\u00edmicas proporciona diferentes valores de densidad de entrecruzamiento obtenidos por rmn de s\u00f3lido. Por tanto es posible modificar la estructura de la red polim\u00e9rica y por tanto las propiedades macrosc\u00f3picas de los nanocompuestos mediante el empleo de nanoarcillas que exhiben diferente caracter\u00edsticas qu\u00edmicas.  2. Se analiz\u00f3 la dispersi\u00f3n de las nanopart\u00edculas en el seno de la matriz polim\u00e9rica mediante un exhaustivo estudio por difracci\u00f3n de rayos x de alto y bajo \u00e1ngulo y microscopia electr\u00f3nica de transmisi\u00f3n.   3. Se estudi\u00f3 el efecto de las nanopart\u00edculas en la din\u00e1mica molecular de los nanocompuestos mediante espectroscopia diel\u00e9ctrica de banda ancha. En concreto se focaliz\u00f3 en el estudio de la din\u00e1mica molecular del pol\u00edmero f\u00edsicamente adsorbido en la superficie de la nanopart\u00edcula, evidenciando como la concentraci\u00f3n de modificador org\u00e1nico i\u00f3nicamente unido al silicato afecta al grado de entrecruzamiento de esta regi\u00f3n interfacial y por tanto a las propiedades finales del material.  4. Se estudi\u00f3 el efecto de las nanoparticulas en el proceso de cristalizaci\u00f3n inducida del caucho natural durante deformaci\u00f3n uniaxial mediante medidas de radiaci\u00f3n sincrotr\u00f3n in-situ.  como conclusi\u00f3n del trabajo llevado a cabo se evidencio que la inclusi\u00f3n de nanoparticulas de arcilla produce variaciones a nivel microsc\u00f3pico dando lugar a la formaci\u00f3n de una estructura de red polim\u00e9rica m\u00e1s homog\u00e9nea. Adem\u00e1s la presencia de una fuerte int<\/p>\n<p>&nbsp;<\/p>\n<h3>Datos acad\u00e9micos de la tesis doctoral \u00ab<strong>Efecto de la nanoarcilla en la estructura y dinamica del caucho natural<\/strong>\u00ab<\/h3>\n<ul>\n<li><strong>T\u00edtulo de la tesis:<\/strong>\u00a0 Efecto de la nanoarcilla en la estructura y dinamica del caucho natural <\/li>\n<li><strong>Autor:<\/strong>\u00a0 Javier Carretero Gonzalez <\/li>\n<li><strong>Universidad:<\/strong>\u00a0 Nacional de educaci\u00f3n a distancia<\/li>\n<li><strong>Fecha de lectura de la tesis:<\/strong>\u00a0 14\/12\/2009<\/li>\n<\/ul>\n<p>&nbsp;<\/p>\n<h3>Direcci\u00f3n y tribunal<\/h3>\n<ul>\n<li><strong>Director de la tesis<\/strong>\n<ul>\n<li>Miguel \u00e1ngel L\u00f3pez Manchado<\/li>\n<\/ul>\n<\/li>\n<li><strong>Tribunal<\/strong>\n<ul>\n<li>Presidente del tribunal: Antonio L\u00f3pez peinado <\/li>\n<li>  (vocal)<\/li>\n<li>  (vocal)<\/li>\n<li>  (vocal)<\/li>\n<\/ul>\n<\/li>\n<\/ul>\n<p>&nbsp;<\/p>\n","protected":false},"excerpt":{"rendered":"<p>Tesis doctoral de Javier Carretero Gonzalez Desde la aparici\u00f3n de los nanocomposites polim\u00e9ricos, constituidos por un pol\u00edmero y nanoparticulas de [&hellip;]<\/p>\n","protected":false},"author":1,"featured_media":0,"comment_status":"open","ping_status":"open","sticky":false,"template":"","format":"standard","meta":{"site-sidebar-layout":"default","site-content-layout":"","ast-site-content-layout":"","site-content-style":"default","site-sidebar-style":"default","ast-global-header-display":"","ast-banner-title-visibility":"","ast-main-header-display":"","ast-hfb-above-header-display":"","ast-hfb-below-header-display":"","ast-hfb-mobile-header-display":"","site-post-title":"","ast-breadcrumbs-content":"","ast-featured-img":"","footer-sml-layout":"","theme-transparent-header-meta":"","adv-header-id-meta":"","stick-header-meta":"","header-above-stick-meta":"","header-main-stick-meta":"","header-below-stick-meta":"","astra-migrate-meta-layouts":"default","ast-page-background-enabled":"default","ast-page-background-meta":{"desktop":{"background-color":"var(--ast-global-color-4)","background-image":"","background-repeat":"repeat","background-position":"center center","background-size":"auto","background-attachment":"scroll","background-type":"","background-media":"","overlay-type":"","overlay-color":"","overlay-gradient":""},"tablet":{"background-color":"","background-image":"","background-repeat":"repeat","background-position":"center center","background-size":"auto","background-attachment":"scroll","background-type":"","background-media":"","overlay-type":"","overlay-color":"","overlay-gradient":""},"mobile":{"background-color":"","background-image":"","background-repeat":"repeat","background-position":"center center","background-size":"auto","background-attachment":"scroll","background-type":"","background-media":"","overlay-type":"","overlay-color":"","overlay-gradient":""}},"ast-content-background-meta":{"desktop":{"background-color":"var(--ast-global-color-5)","background-image":"","background-repeat":"repeat","background-position":"center center","background-size":"auto","background-attachment":"scroll","background-type":"","background-media":"","overlay-type":"","overlay-color":"","overlay-gradient":""},"tablet":{"background-color":"var(--ast-global-color-5)","background-image":"","background-repeat":"repeat","background-position":"center center","background-size":"auto","background-attachment":"scroll","background-type":"","background-media":"","overlay-type":"","overlay-color":"","overlay-gradient":""},"mobile":{"background-color":"var(--ast-global-color-5)","background-image":"","background-repeat":"repeat","background-position":"center center","background-size":"auto","background-attachment":"scroll","background-type":"","background-media":"","overlay-type":"","overlay-color":"","overlay-gradient":""}},"footnotes":""},"categories":[19398,13525,17070,13316,25124],"tags":[17224,200591,82823],"class_list":["post-98001","post","type-post","status-publish","format-standard","hentry","category-elastomeros","category-estabilidad-de-las-macromoleculas","category-nacional-de-educacion-a-distancia","category-polimeros-compuestos","category-polimeros-de-alto-peso-molecular","tag-antonio-lopez-peinado","tag-javier-carretero-gonzalez","tag-miguel-angel-lopez-manchado"],"_links":{"self":[{"href":"https:\/\/www.deberes.net\/tesis\/wp-json\/wp\/v2\/posts\/98001","targetHints":{"allow":["GET"]}}],"collection":[{"href":"https:\/\/www.deberes.net\/tesis\/wp-json\/wp\/v2\/posts"}],"about":[{"href":"https:\/\/www.deberes.net\/tesis\/wp-json\/wp\/v2\/types\/post"}],"author":[{"embeddable":true,"href":"https:\/\/www.deberes.net\/tesis\/wp-json\/wp\/v2\/users\/1"}],"replies":[{"embeddable":true,"href":"https:\/\/www.deberes.net\/tesis\/wp-json\/wp\/v2\/comments?post=98001"}],"version-history":[{"count":0,"href":"https:\/\/www.deberes.net\/tesis\/wp-json\/wp\/v2\/posts\/98001\/revisions"}],"wp:attachment":[{"href":"https:\/\/www.deberes.net\/tesis\/wp-json\/wp\/v2\/media?parent=98001"}],"wp:term":[{"taxonomy":"category","embeddable":true,"href":"https:\/\/www.deberes.net\/tesis\/wp-json\/wp\/v2\/categories?post=98001"},{"taxonomy":"post_tag","embeddable":true,"href":"https:\/\/www.deberes.net\/tesis\/wp-json\/wp\/v2\/tags?post=98001"}],"curies":[{"name":"wp","href":"https:\/\/api.w.org\/{rel}","templated":true}]}}